{"id":5051,"date":"2022-12-31T12:52:24","date_gmt":"2022-12-31T15:52:24","guid":{"rendered":"http:\/\/diretodasacristia.com\/home\/?p=5051"},"modified":"2026-02-13T05:01:43","modified_gmt":"2026-02-13T08:01:43","slug":"bento-xvi-faleceu","status":"publish","type":"post","link":"https:\/\/diretodasacristia.com\/home\/bento-xvi\/bento-xvi-faleceu\/","title":{"rendered":"Bento XVI faleceu"},"content":{"rendered":"\r\n<p class=\"has-text-align-justify\">\u00c0s 9:34 horas deste s\u00e1bado, dia 31, no Mosteiro <em>Mater Ecclesiae<\/em>, entregou a sua alma a Deus o Papa em\u00e9rito Bento XVI, aos 95 anos. O diretor da Sala de Imprensa da Santa S\u00e9, Matteo Bruni, informou em uma breve nota alguns minutos depois, completando com maiores informa\u00e7\u00f5es numa coletiva de imprensa.<\/p>\r\n\r\n\r\n\r\n<p class=\"has-text-align-justify\">Ainda n\u00e3o foi divulgada a causa oficial de sua morte.<\/p>\r\n\r\n\r\n\r\n<p class=\"has-text-align-justify\">Nos \u00faltimos dias muito se comentou quais as dificuldades de sa\u00fade ele enfrentaria, n\u00e3o decorrentes de uma doen\u00e7a espec\u00edfica, mas como resultado de sua avan\u00e7ada idade, pois foi o que Dom Georg G\u00e4nswein falou muito nos \u00faltimos anos: Bento XVI estava bem mentalmente, mas havia problemas f\u00edsicos naturais de sua idade.<\/p>\r\n\r\n\r\n<div class=\"wp-block-image\">\r\n<figure class=\"aligncenter size-large\"><a href=\"https:\/\/diretodasacristia.com\/home\/wp-content\/uploads\/2022\/12\/316098314_509534474552448_5413448813094077704_n.jpg\"><img loading=\"lazy\" decoding=\"async\" width=\"700\" height=\"525\" class=\"wp-image-5054 aligncenter\" src=\"https:\/\/diretodasacristia.com\/home\/wp-content\/uploads\/2022\/12\/316098314_509534474552448_5413448813094077704_n-700x525.jpg\" alt=\"\" srcset=\"https:\/\/diretodasacristia.com\/home\/wp-content\/uploads\/2022\/12\/316098314_509534474552448_5413448813094077704_n-700x525.jpg 700w, https:\/\/diretodasacristia.com\/home\/wp-content\/uploads\/2022\/12\/316098314_509534474552448_5413448813094077704_n-250x188.jpg 250w, https:\/\/diretodasacristia.com\/home\/wp-content\/uploads\/2022\/12\/316098314_509534474552448_5413448813094077704_n-768x576.jpg 768w, https:\/\/diretodasacristia.com\/home\/wp-content\/uploads\/2022\/12\/316098314_509534474552448_5413448813094077704_n-120x90.jpg 120w, https:\/\/diretodasacristia.com\/home\/wp-content\/uploads\/2022\/12\/316098314_509534474552448_5413448813094077704_n.jpg 1024w\" sizes=\"auto, (max-width: 700px) 100vw, 700px\" \/><\/a>\r\n<figcaption class=\"wp-element-caption\"><em>Bento XVI recebe a visita de Mons. Francesco Camaldo, c\u00f4nego do Cap\u00edtulo da Bas\u00edlica de S\u00e3o Pedro e ex-cerimoni\u00e1rio pontif\u00edcio. Quando o Papa em\u00e9rito foi criado cardeal por Paulo VI, recebeu o t\u00edtulo da igreja romana de Santa Maria Consolatrice, da qual \u00e0 epoca Mons. Camaldo era um dos vig\u00e1rios paroquiais. Uma de suas \u00faltimas fotografias em vida. Mosteiro Mater Ecclesiae, 24 de novembro de 2022<\/em><\/figcaption>\r\n<\/figure>\r\n<\/div>\r\n\r\n\r\n<p class=\"has-text-align-justify\">Foi o fim de alguns dias muito tensos de preocupa\u00e7\u00e3o, mas, de qualquer modo, inesperado. De fato, desde a manh\u00e3 da \u00faltima quarta-feira, o Papa Francisco fez o mundo conhecer a crise de sa\u00fade que atingia Bento XVI. Com a interven\u00e7\u00e3o m\u00e9dica no pr\u00f3prio Mosteiro, nas notas de imprensa dos dois dias seguintes foi dito que a sua situa\u00e7\u00e3o continuava grave, mas se era estabilizada, conseguindo dormir durante as noites e participando da Santa Missa em seu pr\u00f3prio quarto. Estas notas vinham sido publicadas na metade da tarde em Roma, algumas horas mais tarde do hor\u00e1rio de costume das not\u00edcias e outras declara\u00e7\u00f5es oficiais do Vaticano. Por\u00e9m, inesperadamente, na segunda parte da manh\u00e3 de hoje, uma nova nota, definitiva, assinalou que o Papa em\u00e9rito havia terminado a sua vida terrestre.<\/p>\r\n\r\n\r\n\r\n<p class=\"has-text-align-justify\">Ainda na tarde da mesma quarta-feira passada, no meio da crise aguda e urgente, Bento XVI recebeu a Un\u00e7\u00e3o dos Enfermos ao fim da missa celebrada no Mosteiro.<\/p>\r\n\r\n\r\n\r\n<p class=\"has-text-align-justify\">Segundo as primeiras informa\u00e7\u00f5es dadas pela Sala de Imprensa da Santa S\u00e9, sobre os dias seguintes, a partir desta segunda-feira, 02 de janeiro, na Bas\u00edlica de S\u00e3o Pedro, o corpo de Bento XVI ser\u00e1 exposto \u00e0 venera\u00e7\u00e3o dos fi\u00e9is. Os ritos f\u00fanebres ser\u00e3o conclu\u00eddos com a Santa Missa exequial, na Pra\u00e7a de S\u00e3o Pedro, na pr\u00f3xima quinta-feira, dia 05, presidida pelo Papa Francisco. Maiores detalhes destes ritos ainda n\u00e3o s\u00e3o conhecidos porque n\u00e3o ser\u00e3o os pr\u00f3prios de um papa que faleceu enquanto ainda governava, mas, nem mesmo, ser\u00e3o de um simples bispo ou presb\u00edtero. De qualquer forma, Matteo Bruni esclareceu que, segundo o que pediu o pr\u00f3prio Bento XVI, os funerais ser\u00e3o &#8220;em semplicidade&#8221;.<\/p>\r\n\r\n\r\n<div class=\"wp-block-image\">\r\n<figure class=\"aligncenter size-large\"><a href=\"https:\/\/diretodasacristia.com\/home\/wp-content\/uploads\/2022\/12\/Bento-XVI-batina-branca-sorriso.jpg\"><img loading=\"lazy\" decoding=\"async\" width=\"700\" height=\"466\" class=\"wp-image-5055 aligncenter\" src=\"https:\/\/diretodasacristia.com\/home\/wp-content\/uploads\/2022\/12\/Bento-XVI-batina-branca-sorriso-700x466.jpg\" alt=\"\" srcset=\"https:\/\/diretodasacristia.com\/home\/wp-content\/uploads\/2022\/12\/Bento-XVI-batina-branca-sorriso-700x466.jpg 700w, https:\/\/diretodasacristia.com\/home\/wp-content\/uploads\/2022\/12\/Bento-XVI-batina-branca-sorriso-250x166.jpg 250w, https:\/\/diretodasacristia.com\/home\/wp-content\/uploads\/2022\/12\/Bento-XVI-batina-branca-sorriso-768x511.jpg 768w, https:\/\/diretodasacristia.com\/home\/wp-content\/uploads\/2022\/12\/Bento-XVI-batina-branca-sorriso-1536x1023.jpg 1536w, https:\/\/diretodasacristia.com\/home\/wp-content\/uploads\/2022\/12\/Bento-XVI-batina-branca-sorriso-2048x1363.jpg 2048w, https:\/\/diretodasacristia.com\/home\/wp-content\/uploads\/2022\/12\/Bento-XVI-batina-branca-sorriso-120x80.jpg 120w\" sizes=\"auto, (max-width: 700px) 100vw, 700px\" \/><\/a><\/figure>\r\n<\/div>","protected":false},"excerpt":{"rendered":"\u00c0s 9:34 deste s\u00e1bado, no Vaticano. Os funerais ser\u00e3o do dia 02 a 05 de janeiro, terminando com a Santa Missa exequial presidida pelo Papa Francisco na Pra\u00e7a de S\u00e3o Pedro.  ","protected":false},"author":47,"featured_media":5052,"comment_status":"open","ping_status":"open","sticky":false,"template":"","format":"standard","meta":{"jetpack_post_was_ever_published":false,"_jetpack_newsletter_access":"","_jetpack_dont_email_post_to_subs":false,"_jetpack_newsletter_tier_id":0,"_jetpack_memberships_contains_paywalled_content":false,"_jetpack_memberships_contains_paid_content":false,"_joinchat":[],"footnotes":"","jetpack_publicize_message":"","jetpack_publicize_feature_enabled":true,"jetpack_social_post_already_shared":true,"jetpack_social_options":{"image_generator_settings":{"template":"highway","default_image_id":0,"font":"","enabled":false},"version":2}},"categories":[6,24,26],"tags":[531,624,534,49],"class_list":["post-5051","post","type-post","status-publish","format-standard","has-post-thumbnail","hentry","category-bento-xvi","category-noticias","category-papa","tag-bento-xvi","tag-joseph-ratzinger","tag-papa","tag-vaticano"],"yoast_head":"<!-- This site is optimized with the Yoast SEO plugin v27.4 - https:\/\/yoast.com\/product\/yoast-seo-wordpress\/ -->\n<title>Bento XVI faleceu - Direto da Sacristia<\/title>\n<meta name=\"robots\" content=\"index, follow, max-snippet:-1, max-image-preview:large, max-video-preview:-1\" \/>\n<link rel=\"canonical\" href=\"https:\/\/diretodasacristia.com\/home\/bento-xvi\/bento-xvi-faleceu\/\" \/>\n<meta property=\"og:locale\" content=\"pt_BR\" \/>\n<meta property=\"og:type\" content=\"article\" \/>\n<meta property=\"og:title\" content=\"Bento XVI faleceu - Direto da Sacristia\" \/>\n<meta property=\"og:description\" content=\"\u00c0s 9:34 deste s\u00e1bado, no Vaticano. Os funerais ser\u00e3o do dia 02 a 05 de janeiro, terminando com a Santa Missa exequial presidida pelo Papa Francisco na Pra\u00e7a de S\u00e3o Pedro.\" \/>\n<meta property=\"og:url\" content=\"https:\/\/diretodasacristia.com\/home\/bento-xvi\/bento-xvi-faleceu\/\" \/>\n<meta property=\"og:site_name\" content=\"Direto da Sacristia\" \/>\n<meta property=\"article:publisher\" content=\"https:\/\/www.facebook.com\/DiretoSacristia\" \/>\n<meta property=\"article:published_time\" content=\"2022-12-31T15:52:24+00:00\" \/>\n<meta property=\"article:modified_time\" content=\"2026-02-13T08:01:43+00:00\" \/>\n<meta property=\"og:image\" content=\"https:\/\/diretodasacristia.com\/home\/wp-content\/uploads\/2022\/12\/Bento-XVI-olhando-ceu-maio-2012.jpg\" \/>\n\t<meta property=\"og:image:width\" content=\"610\" \/>\n\t<meta property=\"og:image:height\" content=\"396\" \/>\n\t<meta property=\"og:image:type\" content=\"image\/jpeg\" \/>\n<meta name=\"author\" content=\"Reda\u00e7\u00e3o\" \/>\n<meta name=\"twitter:card\" content=\"summary_large_image\" \/>\n<meta name=\"twitter:creator\" content=\"@diretosacristia\" \/>\n<meta name=\"twitter:site\" content=\"@diretosacristia\" \/>\n<meta name=\"twitter:label1\" content=\"Escrito por\" \/>\n\t<meta name=\"twitter:data1\" content=\"Reda\u00e7\u00e3o\" \/>\n\t<meta name=\"twitter:label2\" content=\"Est. tempo de leitura\" \/>\n\t<meta name=\"twitter:data2\" content=\"4 minutos\" \/>\n<script type=\"application\/ld+json\" class=\"yoast-schema-graph\">{\"@context\":\"https:\\\/\\\/schema.org\",\"@graph\":[{\"@type\":\"Article\",\"@id\":\"https:\\\/\\\/diretodasacristia.com\\\/home\\\/bento-xvi\\\/bento-xvi-faleceu\\\/#article\",\"isPartOf\":{\"@id\":\"https:\\\/\\\/diretodasacristia.com\\\/home\\\/bento-xvi\\\/bento-xvi-faleceu\\\/\"},\"author\":{\"name\":\"Reda\u00e7\u00e3o\",\"@id\":\"https:\\\/\\\/diretodasacristia.com\\\/home\\\/#\\\/schema\\\/person\\\/bc41acd0dc55e9aeffc38a82da78fdc7\"},\"headline\":\"Bento XVI faleceu\",\"datePublished\":\"2022-12-31T15:52:24+00:00\",\"dateModified\":\"2026-02-13T08:01:43+00:00\",\"mainEntityOfPage\":{\"@id\":\"https:\\\/\\\/diretodasacristia.com\\\/home\\\/bento-xvi\\\/bento-xvi-faleceu\\\/\"},\"wordCount\":498,\"commentCount\":0,\"publisher\":{\"@id\":\"https:\\\/\\\/diretodasacristia.com\\\/home\\\/#organization\"},\"image\":{\"@id\":\"https:\\\/\\\/diretodasacristia.com\\\/home\\\/bento-xvi\\\/bento-xvi-faleceu\\\/#primaryimage\"},\"thumbnailUrl\":\"https:\\\/\\\/diretodasacristia.com\\\/home\\\/wp-content\\\/uploads\\\/2022\\\/12\\\/Bento-XVI-olhando-ceu-maio-2012.jpg\",\"keywords\":[\"Bento XVI\",\"Joseph Ratzinger\",\"Papa\",\"Vaticano\"],\"articleSection\":[\"Bento XVI\",\"Not\u00edcias\",\"Papa\"],\"inLanguage\":\"pt-BR\",\"potentialAction\":[{\"@type\":\"CommentAction\",\"name\":\"Comment\",\"target\":[\"https:\\\/\\\/diretodasacristia.com\\\/home\\\/bento-xvi\\\/bento-xvi-faleceu\\\/#respond\"]}]},{\"@type\":\"WebPage\",\"@id\":\"https:\\\/\\\/diretodasacristia.com\\\/home\\\/bento-xvi\\\/bento-xvi-faleceu\\\/\",\"url\":\"https:\\\/\\\/diretodasacristia.com\\\/home\\\/bento-xvi\\\/bento-xvi-faleceu\\\/\",\"name\":\"Bento XVI faleceu - Direto da Sacristia\",\"isPartOf\":{\"@id\":\"https:\\\/\\\/diretodasacristia.com\\\/home\\\/#website\"},\"primaryImageOfPage\":{\"@id\":\"https:\\\/\\\/diretodasacristia.com\\\/home\\\/bento-xvi\\\/bento-xvi-faleceu\\\/#primaryimage\"},\"image\":{\"@id\":\"https:\\\/\\\/diretodasacristia.com\\\/home\\\/bento-xvi\\\/bento-xvi-faleceu\\\/#primaryimage\"},\"thumbnailUrl\":\"https:\\\/\\\/diretodasacristia.com\\\/home\\\/wp-content\\\/uploads\\\/2022\\\/12\\\/Bento-XVI-olhando-ceu-maio-2012.jpg\",\"datePublished\":\"2022-12-31T15:52:24+00:00\",\"dateModified\":\"2026-02-13T08:01:43+00:00\",\"breadcrumb\":{\"@id\":\"https:\\\/\\\/diretodasacristia.com\\\/home\\\/bento-xvi\\\/bento-xvi-faleceu\\\/#breadcrumb\"},\"inLanguage\":\"pt-BR\",\"potentialAction\":[{\"@type\":\"ReadAction\",\"target\":[\"https:\\\/\\\/diretodasacristia.com\\\/home\\\/bento-xvi\\\/bento-xvi-faleceu\\\/\"]}]},{\"@type\":\"ImageObject\",\"inLanguage\":\"pt-BR\",\"@id\":\"https:\\\/\\\/diretodasacristia.com\\\/home\\\/bento-xvi\\\/bento-xvi-faleceu\\\/#primaryimage\",\"url\":\"https:\\\/\\\/diretodasacristia.com\\\/home\\\/wp-content\\\/uploads\\\/2022\\\/12\\\/Bento-XVI-olhando-ceu-maio-2012.jpg\",\"contentUrl\":\"https:\\\/\\\/diretodasacristia.com\\\/home\\\/wp-content\\\/uploads\\\/2022\\\/12\\\/Bento-XVI-olhando-ceu-maio-2012.jpg\",\"width\":610,\"height\":396},{\"@type\":\"BreadcrumbList\",\"@id\":\"https:\\\/\\\/diretodasacristia.com\\\/home\\\/bento-xvi\\\/bento-xvi-faleceu\\\/#breadcrumb\",\"itemListElement\":[{\"@type\":\"ListItem\",\"position\":1,\"name\":\"In\u00edcio\",\"item\":\"https:\\\/\\\/diretodasacristia.com\\\/home\\\/\"},{\"@type\":\"ListItem\",\"position\":2,\"name\":\"Bento XVI faleceu\"}]},{\"@type\":\"WebSite\",\"@id\":\"https:\\\/\\\/diretodasacristia.com\\\/home\\\/#website\",\"url\":\"https:\\\/\\\/diretodasacristia.com\\\/home\\\/\",\"name\":\"Direto da Sacristia\",\"description\":\"Not\u00edcias e artigos sobre a f\u00e9 cat\u00f3lica\",\"publisher\":{\"@id\":\"https:\\\/\\\/diretodasacristia.com\\\/home\\\/#organization\"},\"potentialAction\":[{\"@type\":\"SearchAction\",\"target\":{\"@type\":\"EntryPoint\",\"urlTemplate\":\"https:\\\/\\\/diretodasacristia.com\\\/home\\\/?s={search_term_string}\"},\"query-input\":{\"@type\":\"PropertyValueSpecification\",\"valueRequired\":true,\"valueName\":\"search_term_string\"}}],\"inLanguage\":\"pt-BR\"},{\"@type\":\"Organization\",\"@id\":\"https:\\\/\\\/diretodasacristia.com\\\/home\\\/#organization\",\"name\":\"Direto da Sacristia\",\"url\":\"https:\\\/\\\/diretodasacristia.com\\\/home\\\/\",\"logo\":{\"@type\":\"ImageObject\",\"inLanguage\":\"pt-BR\",\"@id\":\"https:\\\/\\\/diretodasacristia.com\\\/home\\\/#\\\/schema\\\/logo\\\/image\\\/\",\"url\":\"https:\\\/\\\/i0.wp.com\\\/diretodasacristia.com\\\/home\\\/wp-content\\\/uploads\\\/2012\\\/01\\\/marca-sacristia.png?fit=320%2C306&ssl=1\",\"contentUrl\":\"https:\\\/\\\/i0.wp.com\\\/diretodasacristia.com\\\/home\\\/wp-content\\\/uploads\\\/2012\\\/01\\\/marca-sacristia.png?fit=320%2C306&ssl=1\",\"width\":\"320\",\"height\":\"306\",\"caption\":\"Direto da Sacristia\"},\"image\":{\"@id\":\"https:\\\/\\\/diretodasacristia.com\\\/home\\\/#\\\/schema\\\/logo\\\/image\\\/\"},\"sameAs\":[\"https:\\\/\\\/www.facebook.com\\\/DiretoSacristia\",\"https:\\\/\\\/x.com\\\/diretosacristia\",\"https:\\\/\\\/www.instagram.com\\\/diretodasacristia\\\/\",\"https:\\\/\\\/www.youtube.com\\\/diretodasacristia\"]},{\"@type\":\"Person\",\"@id\":\"https:\\\/\\\/diretodasacristia.com\\\/home\\\/#\\\/schema\\\/person\\\/bc41acd0dc55e9aeffc38a82da78fdc7\",\"name\":\"Reda\u00e7\u00e3o\",\"image\":{\"@type\":\"ImageObject\",\"inLanguage\":\"pt-BR\",\"@id\":\"https:\\\/\\\/secure.gravatar.com\\\/avatar\\\/ab9d10cf75c6758499a0f90920f81b8c21b85e170b3233a746b1223ef53ebfd7?s=96&d=mm&r=g\",\"url\":\"https:\\\/\\\/secure.gravatar.com\\\/avatar\\\/ab9d10cf75c6758499a0f90920f81b8c21b85e170b3233a746b1223ef53ebfd7?s=96&d=mm&r=g\",\"contentUrl\":\"https:\\\/\\\/secure.gravatar.com\\\/avatar\\\/ab9d10cf75c6758499a0f90920f81b8c21b85e170b3233a746b1223ef53ebfd7?s=96&d=mm&r=g\",\"caption\":\"Reda\u00e7\u00e3o\"},\"url\":\"https:\\\/\\\/diretodasacristia.com\\\/home\\\/author\\\/redacao\\\/\"}]}<\/script>\n<!-- \/ Yoast SEO plugin. -->","yoast_head_json":{"title":"Bento XVI faleceu - Direto da Sacristia","robots":{"index":"index","follow":"follow","max-snippet":"max-snippet:-1","max-image-preview":"max-image-preview:large","max-video-preview":"max-video-preview:-1"},"canonical":"https:\/\/diretodasacristia.com\/home\/bento-xvi\/bento-xvi-faleceu\/","og_locale":"pt_BR","og_type":"article","og_title":"Bento XVI faleceu - Direto da Sacristia","og_description":"\u00c0s 9:34 deste s\u00e1bado, no Vaticano. Os funerais ser\u00e3o do dia 02 a 05 de janeiro, terminando com a Santa Missa exequial presidida pelo Papa Francisco na Pra\u00e7a de S\u00e3o Pedro.","og_url":"https:\/\/diretodasacristia.com\/home\/bento-xvi\/bento-xvi-faleceu\/","og_site_name":"Direto da Sacristia","article_publisher":"https:\/\/www.facebook.com\/DiretoSacristia","article_published_time":"2022-12-31T15:52:24+00:00","article_modified_time":"2026-02-13T08:01:43+00:00","og_image":[{"width":610,"height":396,"url":"https:\/\/diretodasacristia.com\/home\/wp-content\/uploads\/2022\/12\/Bento-XVI-olhando-ceu-maio-2012.jpg","type":"image\/jpeg"}],"author":"Reda\u00e7\u00e3o","twitter_card":"summary_large_image","twitter_creator":"@diretosacristia","twitter_site":"@diretosacristia","twitter_misc":{"Escrito por":"Reda\u00e7\u00e3o","Est. tempo de leitura":"4 minutos"},"schema":{"@context":"https:\/\/schema.org","@graph":[{"@type":"Article","@id":"https:\/\/diretodasacristia.com\/home\/bento-xvi\/bento-xvi-faleceu\/#article","isPartOf":{"@id":"https:\/\/diretodasacristia.com\/home\/bento-xvi\/bento-xvi-faleceu\/"},"author":{"name":"Reda\u00e7\u00e3o","@id":"https:\/\/diretodasacristia.com\/home\/#\/schema\/person\/bc41acd0dc55e9aeffc38a82da78fdc7"},"headline":"Bento XVI faleceu","datePublished":"2022-12-31T15:52:24+00:00","dateModified":"2026-02-13T08:01:43+00:00","mainEntityOfPage":{"@id":"https:\/\/diretodasacristia.com\/home\/bento-xvi\/bento-xvi-faleceu\/"},"wordCount":498,"commentCount":0,"publisher":{"@id":"https:\/\/diretodasacristia.com\/home\/#organization"},"image":{"@id":"https:\/\/diretodasacristia.com\/home\/bento-xvi\/bento-xvi-faleceu\/#primaryimage"},"thumbnailUrl":"https:\/\/diretodasacristia.com\/home\/wp-content\/uploads\/2022\/12\/Bento-XVI-olhando-ceu-maio-2012.jpg","keywords":["Bento XVI","Joseph Ratzinger","Papa","Vaticano"],"articleSection":["Bento XVI","Not\u00edcias","Papa"],"inLanguage":"pt-BR","potentialAction":[{"@type":"CommentAction","name":"Comment","target":["https:\/\/diretodasacristia.com\/home\/bento-xvi\/bento-xvi-faleceu\/#respond"]}]},{"@type":"WebPage","@id":"https:\/\/diretodasacristia.com\/home\/bento-xvi\/bento-xvi-faleceu\/","url":"https:\/\/diretodasacristia.com\/home\/bento-xvi\/bento-xvi-faleceu\/","name":"Bento XVI faleceu - Direto da Sacristia","isPartOf":{"@id":"https:\/\/diretodasacristia.com\/home\/#website"},"primaryImageOfPage":{"@id":"https:\/\/diretodasacristia.com\/home\/bento-xvi\/bento-xvi-faleceu\/#primaryimage"},"image":{"@id":"https:\/\/diretodasacristia.com\/home\/bento-xvi\/bento-xvi-faleceu\/#primaryimage"},"thumbnailUrl":"https:\/\/diretodasacristia.com\/home\/wp-content\/uploads\/2022\/12\/Bento-XVI-olhando-ceu-maio-2012.jpg","datePublished":"2022-12-31T15:52:24+00:00","dateModified":"2026-02-13T08:01:43+00:00","breadcrumb":{"@id":"https:\/\/diretodasacristia.com\/home\/bento-xvi\/bento-xvi-faleceu\/#breadcrumb"},"inLanguage":"pt-BR","potentialAction":[{"@type":"ReadAction","target":["https:\/\/diretodasacristia.com\/home\/bento-xvi\/bento-xvi-faleceu\/"]}]},{"@type":"ImageObject","inLanguage":"pt-BR","@id":"https:\/\/diretodasacristia.com\/home\/bento-xvi\/bento-xvi-faleceu\/#primaryimage","url":"https:\/\/diretodasacristia.com\/home\/wp-content\/uploads\/2022\/12\/Bento-XVI-olhando-ceu-maio-2012.jpg","contentUrl":"https:\/\/diretodasacristia.com\/home\/wp-content\/uploads\/2022\/12\/Bento-XVI-olhando-ceu-maio-2012.jpg","width":610,"height":396},{"@type":"BreadcrumbList","@id":"https:\/\/diretodasacristia.com\/home\/bento-xvi\/bento-xvi-faleceu\/#breadcrumb","itemListElement":[{"@type":"ListItem","position":1,"name":"In\u00edcio","item":"https:\/\/diretodasacristia.com\/home\/"},{"@type":"ListItem","position":2,"name":"Bento XVI faleceu"}]},{"@type":"WebSite","@id":"https:\/\/diretodasacristia.com\/home\/#website","url":"https:\/\/diretodasacristia.com\/home\/","name":"Direto da Sacristia","description":"Not\u00edcias e artigos sobre a f\u00e9 cat\u00f3lica","publisher":{"@id":"https:\/\/diretodasacristia.com\/home\/#organization"},"potentialAction":[{"@type":"SearchAction","target":{"@type":"EntryPoint","urlTemplate":"https:\/\/diretodasacristia.com\/home\/?s={search_term_string}"},"query-input":{"@type":"PropertyValueSpecification","valueRequired":true,"valueName":"search_term_string"}}],"inLanguage":"pt-BR"},{"@type":"Organization","@id":"https:\/\/diretodasacristia.com\/home\/#organization","name":"Direto da Sacristia","url":"https:\/\/diretodasacristia.com\/home\/","logo":{"@type":"ImageObject","inLanguage":"pt-BR","@id":"https:\/\/diretodasacristia.com\/home\/#\/schema\/logo\/image\/","url":"https:\/\/i0.wp.com\/diretodasacristia.com\/home\/wp-content\/uploads\/2012\/01\/marca-sacristia.png?fit=320%2C306&ssl=1","contentUrl":"https:\/\/i0.wp.com\/diretodasacristia.com\/home\/wp-content\/uploads\/2012\/01\/marca-sacristia.png?fit=320%2C306&ssl=1","width":"320","height":"306","caption":"Direto da Sacristia"},"image":{"@id":"https:\/\/diretodasacristia.com\/home\/#\/schema\/logo\/image\/"},"sameAs":["https:\/\/www.facebook.com\/DiretoSacristia","https:\/\/x.com\/diretosacristia","https:\/\/www.instagram.com\/diretodasacristia\/","https:\/\/www.youtube.com\/diretodasacristia"]},{"@type":"Person","@id":"https:\/\/diretodasacristia.com\/home\/#\/schema\/person\/bc41acd0dc55e9aeffc38a82da78fdc7","name":"Reda\u00e7\u00e3o","image":{"@type":"ImageObject","inLanguage":"pt-BR","@id":"https:\/\/secure.gravatar.com\/avatar\/ab9d10cf75c6758499a0f90920f81b8c21b85e170b3233a746b1223ef53ebfd7?s=96&d=mm&r=g","url":"https:\/\/secure.gravatar.com\/avatar\/ab9d10cf75c6758499a0f90920f81b8c21b85e170b3233a746b1223ef53ebfd7?s=96&d=mm&r=g","contentUrl":"https:\/\/secure.gravatar.com\/avatar\/ab9d10cf75c6758499a0f90920f81b8c21b85e170b3233a746b1223ef53ebfd7?s=96&d=mm&r=g","caption":"Reda\u00e7\u00e3o"},"url":"https:\/\/diretodasacristia.com\/home\/author\/redacao\/"}]}},"jetpack_publicize_connections":[],"jetpack_featured_media_url":"https:\/\/diretodasacristia.com\/home\/wp-content\/uploads\/2022\/12\/Bento-XVI-olhando-ceu-maio-2012.jpg","jetpack_sharing_enabled":true,"jetpack_shortlink":"https:\/\/wp.me\/p24aG7-1jt","jetpack-related-posts":[{"id":1706,"url":"https:\/\/diretodasacristia.com\/home\/bento-xvi\/onomastico-de-bento-xvi\/","url_meta":{"origin":5051,"position":0},"title":"Onom\u00e1stico de Bento XVI","author":"E. Mar\u00e7al","date":"19 de mar\u00e7o de 2012","format":false,"excerpt":"Como \u00e9 costume no Vaticano n\u00e3o comemorar o anivers\u00e1rio natal\u00edcio mas sim o onom\u00e1stico, hoje, dia do Patrono da Igreja universal, foi o do Papa Bento XVI. Bento XVI e o primeiro-ministro italiano Mario Monti em uma audi\u00eancia privada no Vaticano Segundo informa um comunicado da Sala de Imprensa da\u2026","rel":"","context":"Em &quot;Bento XVI&quot;","block_context":{"text":"Bento XVI","link":"https:\/\/diretodasacristia.com\/home\/c\/bento-xvi\/"},"img":{"alt_text":"","src":"https:\/\/i0.wp.com\/diretodasacristia.com\/home\/wp-content\/uploads\/2012\/03\/Bento-XVI-Mario-Monti-e1332203152178.jpg?resize=350%2C200&ssl=1","width":350,"height":200},"classes":[]},{"id":5062,"url":"https:\/\/diretodasacristia.com\/home\/sem-categoria\/comecam-os-funerais-de-bento-xvi\/","url_meta":{"origin":5051,"position":1},"title":"Come\u00e7am os funerais de Bento XVI","author":"Reda\u00e7\u00e3o","date":"1 de janeiro de 2023","format":false,"excerpt":"Na solene sobriedade, aos poucos v\u00e3o tomando forma os funerais do Papa em\u00e9rito Bento XVI, que morreu aos 95 anos, possivelmente, por causas naturais da velhice.","rel":"","context":"Em &quot;Sem categoria&quot;","block_context":{"text":"Sem categoria","link":"https:\/\/diretodasacristia.com\/home\/c\/sem-categoria\/"},"img":{"alt_text":"","src":"https:\/\/i0.wp.com\/diretodasacristia.com\/home\/wp-content\/uploads\/2023\/01\/323619021_525495542879498_6933634100307944354_n.jpg?resize=350%2C200&ssl=1","width":350,"height":200,"srcset":"https:\/\/i0.wp.com\/diretodasacristia.com\/home\/wp-content\/uploads\/2023\/01\/323619021_525495542879498_6933634100307944354_n.jpg?resize=350%2C200&ssl=1 1x, https:\/\/i0.wp.com\/diretodasacristia.com\/home\/wp-content\/uploads\/2023\/01\/323619021_525495542879498_6933634100307944354_n.jpg?resize=525%2C300&ssl=1 1.5x, https:\/\/i0.wp.com\/diretodasacristia.com\/home\/wp-content\/uploads\/2023\/01\/323619021_525495542879498_6933634100307944354_n.jpg?resize=700%2C400&ssl=1 2x"},"classes":[]},{"id":1544,"url":"https:\/\/diretodasacristia.com\/home\/bento-xvi\/bento-xvi-reza-vesperas-com-rowan-williams\/","url_meta":{"origin":5051,"position":2},"title":"Bento XVI reza V\u00e9speras com Rowan Williams","author":"E. Mar\u00e7al","date":"13 de mar\u00e7o de 2012","format":false,"excerpt":"Com imagens da\u00a0Zimbio e da Day Life Informa\u00e7\u00f5es da R\u00e1dio Vaticano e da G1 Jo\u00e3o Paulo II, na cerim\u00f4nia da Abertura da Porta Santa do Jubileu do Ano 2000. \u00c0 sua direita, o Arcebispo anglicano George Carey, e \u00e0 sua esquerda, um delegado ortodoxo Jo\u00e3o Paulo II e o Arcebispo\u2026","rel":"","context":"Em &quot;Bento XVI&quot;","block_context":{"text":"Bento XVI","link":"https:\/\/diretodasacristia.com\/home\/c\/bento-xvi\/"},"img":{"alt_text":"","src":"https:\/\/i0.wp.com\/diretodasacristia.com\/home\/wp-content\/uploads\/2012\/03\/Bento-XVI-Rowan-Williams-3-e1331658498500.jpg?resize=350%2C200&ssl=1","width":350,"height":200},"classes":[]},{"id":2024,"url":"https:\/\/diretodasacristia.com\/home\/bento-xvi\/bento-xvi-tera-conta-pessoal-no-twitter\/","url_meta":{"origin":5051,"position":3},"title":"Bento XVI ter\u00e1 conta pessoal no Twitter","author":"E. Mar\u00e7al","date":"30 de mar\u00e7o de 2012","format":false,"excerpt":"Antes do pr\u00f3ximo ver\u00e3o europeu, ou seja, antes do fim deste ano, o Papa Bento XVI ter\u00e1 uma conta pessoal na rede social Twitter, garantiu o espanhol Gustavo Entrala, assessor da Santa S\u00e9 no uso de novas tecnologias.","rel":"","context":"Em &quot;Bento XVI&quot;","block_context":{"text":"Bento XVI","link":"https:\/\/diretodasacristia.com\/home\/c\/bento-xvi\/"},"img":{"alt_text":"","src":"https:\/\/i0.wp.com\/diretodasacristia.com\/home\/wp-content\/uploads\/2012\/03\/Gustavo-Entrala.jpg?resize=350%2C200","width":350,"height":200},"classes":[]},{"id":822,"url":"https:\/\/diretodasacristia.com\/home\/bento-xvi\/visita-do-papa-ao-seminario-romano\/","url_meta":{"origin":5051,"position":4},"title":"Visita do Papa ao Semin\u00e1rio Romano","author":"E. Mar\u00e7al","date":"18 de fevereiro de 2012","format":false,"excerpt":"Com imagens do Day Life, informa\u00e7\u00f5es da R\u00e1dio Vaticana e do boletim da Sala de Imprensa da Santa S\u00e9 No in\u00edcio da noite do \u00faltimo dia 15, \u00e0s 18h15 locais, o Santo Padre Bento XVI procedeu \u00e0 tradicional visita anual ao seu Semin\u00e1rio, o Semin\u00e1rio Maior da Diocese de Roma,\u2026","rel":"","context":"Em &quot;Bento XVI&quot;","block_context":{"text":"Bento XVI","link":"https:\/\/diretodasacristia.com\/home\/c\/bento-xvi\/"},"img":{"alt_text":"","src":"https:\/\/i0.wp.com\/diretodasacristia.com\/home\/wp-content\/uploads\/2012\/02\/Bento-XVI-Missa-palio-Jubileu-sacerdotal-29.06.2011.jpg?resize=350%2C200&ssl=1","width":350,"height":200,"srcset":"https:\/\/i0.wp.com\/diretodasacristia.com\/home\/wp-content\/uploads\/2012\/02\/Bento-XVI-Missa-palio-Jubileu-sacerdotal-29.06.2011.jpg?resize=350%2C200&ssl=1 1x, https:\/\/i0.wp.com\/diretodasacristia.com\/home\/wp-content\/uploads\/2012\/02\/Bento-XVI-Missa-palio-Jubileu-sacerdotal-29.06.2011.jpg?resize=525%2C300&ssl=1 1.5x, https:\/\/i0.wp.com\/diretodasacristia.com\/home\/wp-content\/uploads\/2012\/02\/Bento-XVI-Missa-palio-Jubileu-sacerdotal-29.06.2011.jpg?resize=700%2C400&ssl=1 2x"},"classes":[]},{"id":244,"url":"https:\/\/diretodasacristia.com\/home\/bento-xvi\/inedito-bento-xvi-usa-plataforma-movel\/","url_meta":{"origin":5051,"position":5},"title":"In\u00e9dito: Bento XVI usa plataforma m\u00f3vel","author":"E. Mar\u00e7al","date":"16 de outubro de 2011","format":false,"excerpt":"\u00a0Fotos da\u00a0Day Life Plataforma m\u00f3vel evita os esfor\u00e7os dispens\u00e1veis e garante uma maior seguran\u00e7a ao Pont\u00edfice Na manh\u00e3 de hoje, tal como foi anunciado e esclarecido pela Sala de Imprensa da Santa S\u00e9, o Papa Bento XVI fez uso de uma plataforma m\u00f3vel desde a sacristia da Bas\u00edlica Vaticana at\u00e9\u2026","rel":"","context":"Em &quot;Bento XVI&quot;","block_context":{"text":"Bento XVI","link":"https:\/\/diretodasacristia.com\/home\/c\/bento-xvi\/"},"img":{"alt_text":"","src":"https:\/\/i0.wp.com\/diretodasacristia.com\/home\/wp-content\/uploads\/2011\/10\/Bento-XVI-ingressa-Missa-plataforma-m%C3%B3vel.jpg?resize=350%2C200","width":350,"height":200,"srcset":"https:\/\/i0.wp.com\/diretodasacristia.com\/home\/wp-content\/uploads\/2011\/10\/Bento-XVI-ingressa-Missa-plataforma-m%C3%B3vel.jpg?resize=350%2C200 1x, https:\/\/i0.wp.com\/diretodasacristia.com\/home\/wp-content\/uploads\/2011\/10\/Bento-XVI-ingressa-Missa-plataforma-m%C3%B3vel.jpg?resize=525%2C300 1.5x"},"classes":[]}],"post_mailing_queue_ids":[],"_links":{"self":[{"href":"https:\/\/diretodasacristia.com\/home\/wp-json\/wp\/v2\/posts\/5051","targetHints":{"allow":["GET"]}}],"collection":[{"href":"https:\/\/diretodasacristia.com\/home\/wp-json\/wp\/v2\/posts"}],"about":[{"href":"https:\/\/diretodasacristia.com\/home\/wp-json\/wp\/v2\/types\/post"}],"author":[{"embeddable":true,"href":"https:\/\/diretodasacristia.com\/home\/wp-json\/wp\/v2\/users\/47"}],"replies":[{"embeddable":true,"href":"https:\/\/diretodasacristia.com\/home\/wp-json\/wp\/v2\/comments?post=5051"}],"version-history":[{"count":4,"href":"https:\/\/diretodasacristia.com\/home\/wp-json\/wp\/v2\/posts\/5051\/revisions"}],"predecessor-version":[{"id":5214,"href":"https:\/\/diretodasacristia.com\/home\/wp-json\/wp\/v2\/posts\/5051\/revisions\/5214"}],"wp:featuredmedia":[{"embeddable":true,"href":"https:\/\/diretodasacristia.com\/home\/wp-json\/wp\/v2\/media\/5052"}],"wp:attachment":[{"href":"https:\/\/diretodasacristia.com\/home\/wp-json\/wp\/v2\/media?parent=5051"}],"wp:term":[{"taxonomy":"category","embeddable":true,"href":"https:\/\/diretodasacristia.com\/home\/wp-json\/wp\/v2\/categories?post=5051"},{"taxonomy":"post_tag","embeddable":true,"href":"https:\/\/diretodasacristia.com\/home\/wp-json\/wp\/v2\/tags?post=5051"}],"curies":[{"name":"wp","href":"https:\/\/api.w.org\/{rel}","templated":true}]}}