{"id":5088,"date":"2023-01-02T22:00:00","date_gmt":"2023-01-03T01:00:00","guid":{"rendered":"http:\/\/diretodasacristia.com\/home\/?p=5088"},"modified":"2023-01-02T19:21:23","modified_gmt":"2023-01-02T22:21:23","slug":"diante-do-corpo-de-bento-xvi","status":"publish","type":"post","link":"https:\/\/diretodasacristia.com\/home\/bento-xvi\/diante-do-corpo-de-bento-xvi\/","title":{"rendered":"Diante do corpo de Bento XVI"},"content":{"rendered":"\n<p class=\"has-text-align-justify\">Chegar hoje \u00e0 Pra\u00e7a de S\u00e3o Pedro faz parecer que atravessamos a tela da televis\u00e3o, do computador ou do celular: respira-se o ar de grandes e importantes momentos hist\u00f3ricos. Embora Roma quase sempre esteja cheia de turistas, vemos que ali est\u00e3o pessoas com mais motivos do que o comum. S\u00e3o milhares. E muitos jornalistas com os seus rostos iluminados pelas luzes de c\u00e2meras ao vivo.<\/p>\n\n\n<div class=\"wp-block-image\">\n<figure class=\"aligncenter size-large\"><a href=\"https:\/\/diretodasacristia.com\/home\/wp-content\/uploads\/2023\/01\/321985101_547285657274158_285189549250134360_n.jpg\"><img loading=\"lazy\" decoding=\"async\" width=\"700\" height=\"525\" src=\"https:\/\/diretodasacristia.com\/home\/wp-content\/uploads\/2023\/01\/321985101_547285657274158_285189549250134360_n-700x525.jpg\" alt=\"\" class=\"wp-image-5089\" srcset=\"https:\/\/diretodasacristia.com\/home\/wp-content\/uploads\/2023\/01\/321985101_547285657274158_285189549250134360_n-700x525.jpg 700w, https:\/\/diretodasacristia.com\/home\/wp-content\/uploads\/2023\/01\/321985101_547285657274158_285189549250134360_n-250x188.jpg 250w, https:\/\/diretodasacristia.com\/home\/wp-content\/uploads\/2023\/01\/321985101_547285657274158_285189549250134360_n-768x576.jpg 768w, https:\/\/diretodasacristia.com\/home\/wp-content\/uploads\/2023\/01\/321985101_547285657274158_285189549250134360_n-1536x1152.jpg 1536w, https:\/\/diretodasacristia.com\/home\/wp-content\/uploads\/2023\/01\/321985101_547285657274158_285189549250134360_n-120x90.jpg 120w, https:\/\/diretodasacristia.com\/home\/wp-content\/uploads\/2023\/01\/321985101_547285657274158_285189549250134360_n.jpg 2048w\" sizes=\"auto, (max-width: 700px) 100vw, 700px\" \/><\/a><\/figure>\n<\/div>\n\n\n<p class=\"has-text-align-justify\">16:25 horas da tarde. Entra-se na fila, que \u00e9 ao modo indiano at\u00e9 passar pelos detectores de metal sob as colunas de Bernini, mas depois ela se torna qu\u00e1drupla ou mais. N\u00e3o tem caos ou falta de respeito. Uns est\u00e3o em sil\u00eancio, outros tentam conversar em tom baixo, outro rezam, outros contemplam o contexto de sacralidade, ansiosos para estar diante do Altar da Confiss\u00e3o.<\/p>\n\n\n<div class=\"wp-block-image\">\n<figure class=\"aligncenter size-large\"><a href=\"https:\/\/diretodasacristia.com\/home\/wp-content\/uploads\/2023\/01\/323161675_6093332277365949_2935864980434649837_n.jpg\"><img loading=\"lazy\" decoding=\"async\" width=\"700\" height=\"933\" src=\"https:\/\/diretodasacristia.com\/home\/wp-content\/uploads\/2023\/01\/323161675_6093332277365949_2935864980434649837_n-700x933.jpg\" alt=\"\" class=\"wp-image-5093\" srcset=\"https:\/\/diretodasacristia.com\/home\/wp-content\/uploads\/2023\/01\/323161675_6093332277365949_2935864980434649837_n-700x933.jpg 700w, https:\/\/diretodasacristia.com\/home\/wp-content\/uploads\/2023\/01\/323161675_6093332277365949_2935864980434649837_n-250x333.jpg 250w, https:\/\/diretodasacristia.com\/home\/wp-content\/uploads\/2023\/01\/323161675_6093332277365949_2935864980434649837_n-768x1024.jpg 768w, https:\/\/diretodasacristia.com\/home\/wp-content\/uploads\/2023\/01\/323161675_6093332277365949_2935864980434649837_n-1152x1536.jpg 1152w, https:\/\/diretodasacristia.com\/home\/wp-content\/uploads\/2023\/01\/323161675_6093332277365949_2935864980434649837_n-120x160.jpg 120w, https:\/\/diretodasacristia.com\/home\/wp-content\/uploads\/2023\/01\/323161675_6093332277365949_2935864980434649837_n.jpg 1536w\" sizes=\"auto, (max-width: 700px) 100vw, 700px\" \/><\/a><\/figure>\n<\/div>\n\n\n<p class=\"has-text-align-justify\">Ao longo do percurso, ainda fora da Bas\u00edlica, caminha-se um pouco e se para por alguns minutos, depois se caminha e se para de novo, de modo a evitar um grande fluxo tenso de pessoas. S\u00e3o de todas as idades, de v\u00e1rias origens; religiosas, padres, leigos. V\u00ea-se que est\u00e1 aberta a porta lateral de entrada da Bas\u00edlica e, de longe, v\u00ea-se que ela est\u00e1 iluminada, com o imponente Baldaquino de Bernini, em dire\u00e7\u00e3o do qual a fila dirige-se<\/p>\n\n\n\n<p class=\"has-text-align-justify\">J\u00e1 dentro da Bas\u00edlica, ouve-se a celebra\u00e7\u00e3o da Santa Missa no Altar da C\u00e1tedra e o fluxo de pessoas \u00e9 encaminhado para um percurso no centro da nave principal, delimitado pelas inconfund\u00edveis barreiras de madeira. Caminha-se um pouco e, depois se para: \u00e9 um rito. Mas, apesar de tantas pessoas, das centenas metros de caminhada e do passo lento e em blocos, o tempo passa-se rapidamente.<\/p>\n\n\n<div class=\"wp-block-image\">\n<figure class=\"aligncenter size-large\"><a href=\"https:\/\/diretodasacristia.com\/home\/wp-content\/uploads\/2023\/01\/322126763_533862318687042_8528542061208720107_n.jpg\"><img loading=\"lazy\" decoding=\"async\" width=\"700\" height=\"933\" src=\"https:\/\/diretodasacristia.com\/home\/wp-content\/uploads\/2023\/01\/322126763_533862318687042_8528542061208720107_n-700x933.jpg\" alt=\"\" class=\"wp-image-5097\" srcset=\"https:\/\/diretodasacristia.com\/home\/wp-content\/uploads\/2023\/01\/322126763_533862318687042_8528542061208720107_n-700x933.jpg 700w, https:\/\/diretodasacristia.com\/home\/wp-content\/uploads\/2023\/01\/322126763_533862318687042_8528542061208720107_n-250x333.jpg 250w, https:\/\/diretodasacristia.com\/home\/wp-content\/uploads\/2023\/01\/322126763_533862318687042_8528542061208720107_n-768x1024.jpg 768w, https:\/\/diretodasacristia.com\/home\/wp-content\/uploads\/2023\/01\/322126763_533862318687042_8528542061208720107_n-1152x1536.jpg 1152w, https:\/\/diretodasacristia.com\/home\/wp-content\/uploads\/2023\/01\/322126763_533862318687042_8528542061208720107_n-120x160.jpg 120w, https:\/\/diretodasacristia.com\/home\/wp-content\/uploads\/2023\/01\/322126763_533862318687042_8528542061208720107_n.jpg 1536w\" sizes=\"auto, (max-width: 700px) 100vw, 700px\" \/><\/a><\/figure>\n<\/div>\n\n\n<p class=\"has-text-align-justify\">Aproxima-se o altar papal. Tantas coisas se passam na cabe\u00e7a. Como ser\u00e1 estar diante do corpo de Bento XVI? Tantos tiram seus celulares para registrar aquele momento, como se n\u00e3o a pr\u00f3pria mem\u00f3ria n\u00e3o poder\u00e1 guardar tudo que est\u00e1 acontecendo ali. Contemplar, rezar, tirar alguma foto, parar um tempo diante dos restos mortais de Bento XVI. Mas em cinco segundos (ou ser\u00e1 que foi menos?), com as ordens dos seguran\u00e7as, embora com delicadeza, n\u00e3o \u00e9 poss\u00edvel fazer tudo isso, mas sim continuar com os outros a caminhar para a esquerda, em dire\u00e7\u00e3o \u00e0 sacristia; somente ali estacionar-se e esperar n\u00e3o \u00e9 permitido. Ent\u00e3o, persignar-se e tentar contemplar: &#8220;\u00c9 ele, \u00e9 Bento&#8221;, pensar em alguma jaculat\u00f3ria e continuar caminhando. Mesmo assim, d\u00e1 tempo de perceber que nas cadeiras do lado esquerdo \u00e9 Dom Georg G\u00e4nswein que est\u00e1 ajoelhado num genuflex\u00f3rio, junto com outras autoridades.<\/p>\n\n\n<div class=\"wp-block-image\">\n<figure class=\"aligncenter size-large\"><a href=\"https:\/\/diretodasacristia.com\/home\/wp-content\/uploads\/2023\/01\/322505328_3172897679594133_1655038054677686497_n.jpg\"><img loading=\"lazy\" decoding=\"async\" width=\"700\" height=\"933\" src=\"https:\/\/diretodasacristia.com\/home\/wp-content\/uploads\/2023\/01\/322505328_3172897679594133_1655038054677686497_n-700x933.jpg\" alt=\"\" class=\"wp-image-5098\" srcset=\"https:\/\/diretodasacristia.com\/home\/wp-content\/uploads\/2023\/01\/322505328_3172897679594133_1655038054677686497_n-700x933.jpg 700w, https:\/\/diretodasacristia.com\/home\/wp-content\/uploads\/2023\/01\/322505328_3172897679594133_1655038054677686497_n-250x333.jpg 250w, https:\/\/diretodasacristia.com\/home\/wp-content\/uploads\/2023\/01\/322505328_3172897679594133_1655038054677686497_n-768x1024.jpg 768w, https:\/\/diretodasacristia.com\/home\/wp-content\/uploads\/2023\/01\/322505328_3172897679594133_1655038054677686497_n-1152x1536.jpg 1152w, https:\/\/diretodasacristia.com\/home\/wp-content\/uploads\/2023\/01\/322505328_3172897679594133_1655038054677686497_n-120x160.jpg 120w, https:\/\/diretodasacristia.com\/home\/wp-content\/uploads\/2023\/01\/322505328_3172897679594133_1655038054677686497_n.jpg 1536w\" sizes=\"auto, (max-width: 700px) 100vw, 700px\" \/><\/a><\/figure>\n<\/div>\n\n\n<p class=\"has-text-align-justify\">17:20 horas. Caminha-se para fora da Bas\u00edlica e volta-se ao mundo normal, a n\u00e3o ser porque na Pra\u00e7a continua aquele ar de uma p\u00e1gina da hist\u00f3ria.<\/p>\n","protected":false},"excerpt":{"rendered":"Aproxima-se o altar papal. Tantas coisas se passam na cabe\u00e7a. Como ser\u00e1 estar diante do corpo de Bento XVI?","protected":false},"author":47,"featured_media":5093,"comment_status":"open","ping_status":"open","sticky":false,"template":"","format":"standard","meta":{"jetpack_post_was_ever_published":false,"_jetpack_newsletter_access":"","_jetpack_dont_email_post_to_subs":false,"_jetpack_newsletter_tier_id":0,"_jetpack_memberships_contains_paywalled_content":false,"_jetpack_memberships_contains_paid_content":false,"_joinchat":[],"footnotes":"","jetpack_publicize_message":"","jetpack_publicize_feature_enabled":true,"jetpack_social_post_already_shared":true,"jetpack_social_options":{"image_generator_settings":{"template":"highway","default_image_id":0,"font":"","enabled":false},"version":2}},"categories":[6,13,26],"tags":[393,531,632,630,534,48,49],"class_list":["post-5088","post","type-post","status-publish","format-standard","has-post-thumbnail","hentry","category-bento-xvi","category-cidade-eterna","category-papa","tag-basilica-de-sao-pedro","tag-bento-xvi","tag-funeral-papal","tag-georg-ganswein","tag-papa","tag-praca-de-sao-pedro","tag-vaticano"],"yoast_head":"<!-- This site is optimized with the Yoast SEO plugin v27.4 - https:\/\/yoast.com\/product\/yoast-seo-wordpress\/ -->\n<title>Diante do corpo de Bento XVI - Direto da Sacristia<\/title>\n<meta name=\"robots\" content=\"index, follow, max-snippet:-1, max-image-preview:large, max-video-preview:-1\" \/>\n<link rel=\"canonical\" href=\"https:\/\/diretodasacristia.com\/home\/bento-xvi\/diante-do-corpo-de-bento-xvi\/\" \/>\n<meta property=\"og:locale\" content=\"pt_BR\" \/>\n<meta property=\"og:type\" content=\"article\" \/>\n<meta property=\"og:title\" content=\"Diante do corpo de Bento XVI - Direto da Sacristia\" \/>\n<meta property=\"og:description\" content=\"Aproxima-se o altar papal. Tantas coisas se passam na cabe\u00e7a. Como ser\u00e1 estar diante do corpo de Bento XVI?\" \/>\n<meta property=\"og:url\" content=\"https:\/\/diretodasacristia.com\/home\/bento-xvi\/diante-do-corpo-de-bento-xvi\/\" \/>\n<meta property=\"og:site_name\" content=\"Direto da Sacristia\" \/>\n<meta property=\"article:publisher\" content=\"https:\/\/www.facebook.com\/DiretoSacristia\" \/>\n<meta property=\"article:published_time\" content=\"2023-01-03T01:00:00+00:00\" \/>\n<meta property=\"og:image\" content=\"https:\/\/diretodasacristia.com\/home\/wp-content\/uploads\/2023\/01\/323161675_6093332277365949_2935864980434649837_n.jpg\" \/>\n\t<meta property=\"og:image:width\" content=\"1536\" \/>\n\t<meta property=\"og:image:height\" content=\"2048\" \/>\n\t<meta property=\"og:image:type\" content=\"image\/jpeg\" \/>\n<meta name=\"author\" content=\"Reda\u00e7\u00e3o\" \/>\n<meta name=\"twitter:card\" content=\"summary_large_image\" \/>\n<meta name=\"twitter:creator\" content=\"@diretosacristia\" \/>\n<meta name=\"twitter:site\" content=\"@diretosacristia\" \/>\n<meta name=\"twitter:label1\" content=\"Escrito por\" \/>\n\t<meta name=\"twitter:data1\" content=\"Reda\u00e7\u00e3o\" \/>\n\t<meta name=\"twitter:label2\" content=\"Est. tempo de leitura\" \/>\n\t<meta name=\"twitter:data2\" content=\"2 minutos\" \/>\n<script type=\"application\/ld+json\" class=\"yoast-schema-graph\">{\"@context\":\"https:\\\/\\\/schema.org\",\"@graph\":[{\"@type\":\"Article\",\"@id\":\"https:\\\/\\\/diretodasacristia.com\\\/home\\\/bento-xvi\\\/diante-do-corpo-de-bento-xvi\\\/#article\",\"isPartOf\":{\"@id\":\"https:\\\/\\\/diretodasacristia.com\\\/home\\\/bento-xvi\\\/diante-do-corpo-de-bento-xvi\\\/\"},\"author\":{\"name\":\"Reda\u00e7\u00e3o\",\"@id\":\"https:\\\/\\\/diretodasacristia.com\\\/home\\\/#\\\/schema\\\/person\\\/bc41acd0dc55e9aeffc38a82da78fdc7\"},\"headline\":\"Diante do corpo de Bento XVI\",\"datePublished\":\"2023-01-03T01:00:00+00:00\",\"mainEntityOfPage\":{\"@id\":\"https:\\\/\\\/diretodasacristia.com\\\/home\\\/bento-xvi\\\/diante-do-corpo-de-bento-xvi\\\/\"},\"wordCount\":478,\"commentCount\":0,\"publisher\":{\"@id\":\"https:\\\/\\\/diretodasacristia.com\\\/home\\\/#organization\"},\"image\":{\"@id\":\"https:\\\/\\\/diretodasacristia.com\\\/home\\\/bento-xvi\\\/diante-do-corpo-de-bento-xvi\\\/#primaryimage\"},\"thumbnailUrl\":\"https:\\\/\\\/diretodasacristia.com\\\/home\\\/wp-content\\\/uploads\\\/2023\\\/01\\\/323161675_6093332277365949_2935864980434649837_n.jpg\",\"keywords\":[\"Bas\u00edlica de S\u00e3o Pedro\",\"Bento XVI\",\"Funeral papal\",\"Georg G\u00e4nswein\",\"Papa\",\"Pra\u00e7a de S\u00e3o Pedro\",\"Vaticano\"],\"articleSection\":[\"Bento XVI\",\"Cidade Eterna\",\"Papa\"],\"inLanguage\":\"pt-BR\",\"potentialAction\":[{\"@type\":\"CommentAction\",\"name\":\"Comment\",\"target\":[\"https:\\\/\\\/diretodasacristia.com\\\/home\\\/bento-xvi\\\/diante-do-corpo-de-bento-xvi\\\/#respond\"]}]},{\"@type\":\"WebPage\",\"@id\":\"https:\\\/\\\/diretodasacristia.com\\\/home\\\/bento-xvi\\\/diante-do-corpo-de-bento-xvi\\\/\",\"url\":\"https:\\\/\\\/diretodasacristia.com\\\/home\\\/bento-xvi\\\/diante-do-corpo-de-bento-xvi\\\/\",\"name\":\"Diante do corpo de Bento XVI - Direto da Sacristia\",\"isPartOf\":{\"@id\":\"https:\\\/\\\/diretodasacristia.com\\\/home\\\/#website\"},\"primaryImageOfPage\":{\"@id\":\"https:\\\/\\\/diretodasacristia.com\\\/home\\\/bento-xvi\\\/diante-do-corpo-de-bento-xvi\\\/#primaryimage\"},\"image\":{\"@id\":\"https:\\\/\\\/diretodasacristia.com\\\/home\\\/bento-xvi\\\/diante-do-corpo-de-bento-xvi\\\/#primaryimage\"},\"thumbnailUrl\":\"https:\\\/\\\/diretodasacristia.com\\\/home\\\/wp-content\\\/uploads\\\/2023\\\/01\\\/323161675_6093332277365949_2935864980434649837_n.jpg\",\"datePublished\":\"2023-01-03T01:00:00+00:00\",\"breadcrumb\":{\"@id\":\"https:\\\/\\\/diretodasacristia.com\\\/home\\\/bento-xvi\\\/diante-do-corpo-de-bento-xvi\\\/#breadcrumb\"},\"inLanguage\":\"pt-BR\",\"potentialAction\":[{\"@type\":\"ReadAction\",\"target\":[\"https:\\\/\\\/diretodasacristia.com\\\/home\\\/bento-xvi\\\/diante-do-corpo-de-bento-xvi\\\/\"]}]},{\"@type\":\"ImageObject\",\"inLanguage\":\"pt-BR\",\"@id\":\"https:\\\/\\\/diretodasacristia.com\\\/home\\\/bento-xvi\\\/diante-do-corpo-de-bento-xvi\\\/#primaryimage\",\"url\":\"https:\\\/\\\/diretodasacristia.com\\\/home\\\/wp-content\\\/uploads\\\/2023\\\/01\\\/323161675_6093332277365949_2935864980434649837_n.jpg\",\"contentUrl\":\"https:\\\/\\\/diretodasacristia.com\\\/home\\\/wp-content\\\/uploads\\\/2023\\\/01\\\/323161675_6093332277365949_2935864980434649837_n.jpg\",\"width\":1536,\"height\":2048},{\"@type\":\"BreadcrumbList\",\"@id\":\"https:\\\/\\\/diretodasacristia.com\\\/home\\\/bento-xvi\\\/diante-do-corpo-de-bento-xvi\\\/#breadcrumb\",\"itemListElement\":[{\"@type\":\"ListItem\",\"position\":1,\"name\":\"In\u00edcio\",\"item\":\"https:\\\/\\\/diretodasacristia.com\\\/home\\\/\"},{\"@type\":\"ListItem\",\"position\":2,\"name\":\"Diante do corpo de Bento XVI\"}]},{\"@type\":\"WebSite\",\"@id\":\"https:\\\/\\\/diretodasacristia.com\\\/home\\\/#website\",\"url\":\"https:\\\/\\\/diretodasacristia.com\\\/home\\\/\",\"name\":\"Direto da Sacristia\",\"description\":\"Not\u00edcias e artigos sobre a f\u00e9 cat\u00f3lica\",\"publisher\":{\"@id\":\"https:\\\/\\\/diretodasacristia.com\\\/home\\\/#organization\"},\"potentialAction\":[{\"@type\":\"SearchAction\",\"target\":{\"@type\":\"EntryPoint\",\"urlTemplate\":\"https:\\\/\\\/diretodasacristia.com\\\/home\\\/?s={search_term_string}\"},\"query-input\":{\"@type\":\"PropertyValueSpecification\",\"valueRequired\":true,\"valueName\":\"search_term_string\"}}],\"inLanguage\":\"pt-BR\"},{\"@type\":\"Organization\",\"@id\":\"https:\\\/\\\/diretodasacristia.com\\\/home\\\/#organization\",\"name\":\"Direto da Sacristia\",\"url\":\"https:\\\/\\\/diretodasacristia.com\\\/home\\\/\",\"logo\":{\"@type\":\"ImageObject\",\"inLanguage\":\"pt-BR\",\"@id\":\"https:\\\/\\\/diretodasacristia.com\\\/home\\\/#\\\/schema\\\/logo\\\/image\\\/\",\"url\":\"https:\\\/\\\/i0.wp.com\\\/diretodasacristia.com\\\/home\\\/wp-content\\\/uploads\\\/2012\\\/01\\\/marca-sacristia.png?fit=320%2C306&ssl=1\",\"contentUrl\":\"https:\\\/\\\/i0.wp.com\\\/diretodasacristia.com\\\/home\\\/wp-content\\\/uploads\\\/2012\\\/01\\\/marca-sacristia.png?fit=320%2C306&ssl=1\",\"width\":\"320\",\"height\":\"306\",\"caption\":\"Direto da Sacristia\"},\"image\":{\"@id\":\"https:\\\/\\\/diretodasacristia.com\\\/home\\\/#\\\/schema\\\/logo\\\/image\\\/\"},\"sameAs\":[\"https:\\\/\\\/www.facebook.com\\\/DiretoSacristia\",\"https:\\\/\\\/x.com\\\/diretosacristia\",\"https:\\\/\\\/www.instagram.com\\\/diretodasacristia\\\/\",\"https:\\\/\\\/www.youtube.com\\\/diretodasacristia\"]},{\"@type\":\"Person\",\"@id\":\"https:\\\/\\\/diretodasacristia.com\\\/home\\\/#\\\/schema\\\/person\\\/bc41acd0dc55e9aeffc38a82da78fdc7\",\"name\":\"Reda\u00e7\u00e3o\",\"image\":{\"@type\":\"ImageObject\",\"inLanguage\":\"pt-BR\",\"@id\":\"https:\\\/\\\/secure.gravatar.com\\\/avatar\\\/ab9d10cf75c6758499a0f90920f81b8c21b85e170b3233a746b1223ef53ebfd7?s=96&d=mm&r=g\",\"url\":\"https:\\\/\\\/secure.gravatar.com\\\/avatar\\\/ab9d10cf75c6758499a0f90920f81b8c21b85e170b3233a746b1223ef53ebfd7?s=96&d=mm&r=g\",\"contentUrl\":\"https:\\\/\\\/secure.gravatar.com\\\/avatar\\\/ab9d10cf75c6758499a0f90920f81b8c21b85e170b3233a746b1223ef53ebfd7?s=96&d=mm&r=g\",\"caption\":\"Reda\u00e7\u00e3o\"},\"url\":\"https:\\\/\\\/diretodasacristia.com\\\/home\\\/author\\\/redacao\\\/\"}]}<\/script>\n<!-- \/ Yoast SEO plugin. -->","yoast_head_json":{"title":"Diante do corpo de Bento XVI - Direto da Sacristia","robots":{"index":"index","follow":"follow","max-snippet":"max-snippet:-1","max-image-preview":"max-image-preview:large","max-video-preview":"max-video-preview:-1"},"canonical":"https:\/\/diretodasacristia.com\/home\/bento-xvi\/diante-do-corpo-de-bento-xvi\/","og_locale":"pt_BR","og_type":"article","og_title":"Diante do corpo de Bento XVI - Direto da Sacristia","og_description":"Aproxima-se o altar papal. Tantas coisas se passam na cabe\u00e7a. Como ser\u00e1 estar diante do corpo de Bento XVI?","og_url":"https:\/\/diretodasacristia.com\/home\/bento-xvi\/diante-do-corpo-de-bento-xvi\/","og_site_name":"Direto da Sacristia","article_publisher":"https:\/\/www.facebook.com\/DiretoSacristia","article_published_time":"2023-01-03T01:00:00+00:00","og_image":[{"width":1536,"height":2048,"url":"https:\/\/diretodasacristia.com\/home\/wp-content\/uploads\/2023\/01\/323161675_6093332277365949_2935864980434649837_n.jpg","type":"image\/jpeg"}],"author":"Reda\u00e7\u00e3o","twitter_card":"summary_large_image","twitter_creator":"@diretosacristia","twitter_site":"@diretosacristia","twitter_misc":{"Escrito por":"Reda\u00e7\u00e3o","Est. tempo de leitura":"2 minutos"},"schema":{"@context":"https:\/\/schema.org","@graph":[{"@type":"Article","@id":"https:\/\/diretodasacristia.com\/home\/bento-xvi\/diante-do-corpo-de-bento-xvi\/#article","isPartOf":{"@id":"https:\/\/diretodasacristia.com\/home\/bento-xvi\/diante-do-corpo-de-bento-xvi\/"},"author":{"name":"Reda\u00e7\u00e3o","@id":"https:\/\/diretodasacristia.com\/home\/#\/schema\/person\/bc41acd0dc55e9aeffc38a82da78fdc7"},"headline":"Diante do corpo de Bento XVI","datePublished":"2023-01-03T01:00:00+00:00","mainEntityOfPage":{"@id":"https:\/\/diretodasacristia.com\/home\/bento-xvi\/diante-do-corpo-de-bento-xvi\/"},"wordCount":478,"commentCount":0,"publisher":{"@id":"https:\/\/diretodasacristia.com\/home\/#organization"},"image":{"@id":"https:\/\/diretodasacristia.com\/home\/bento-xvi\/diante-do-corpo-de-bento-xvi\/#primaryimage"},"thumbnailUrl":"https:\/\/diretodasacristia.com\/home\/wp-content\/uploads\/2023\/01\/323161675_6093332277365949_2935864980434649837_n.jpg","keywords":["Bas\u00edlica de S\u00e3o Pedro","Bento XVI","Funeral papal","Georg G\u00e4nswein","Papa","Pra\u00e7a de S\u00e3o Pedro","Vaticano"],"articleSection":["Bento XVI","Cidade Eterna","Papa"],"inLanguage":"pt-BR","potentialAction":[{"@type":"CommentAction","name":"Comment","target":["https:\/\/diretodasacristia.com\/home\/bento-xvi\/diante-do-corpo-de-bento-xvi\/#respond"]}]},{"@type":"WebPage","@id":"https:\/\/diretodasacristia.com\/home\/bento-xvi\/diante-do-corpo-de-bento-xvi\/","url":"https:\/\/diretodasacristia.com\/home\/bento-xvi\/diante-do-corpo-de-bento-xvi\/","name":"Diante do corpo de Bento XVI - Direto da Sacristia","isPartOf":{"@id":"https:\/\/diretodasacristia.com\/home\/#website"},"primaryImageOfPage":{"@id":"https:\/\/diretodasacristia.com\/home\/bento-xvi\/diante-do-corpo-de-bento-xvi\/#primaryimage"},"image":{"@id":"https:\/\/diretodasacristia.com\/home\/bento-xvi\/diante-do-corpo-de-bento-xvi\/#primaryimage"},"thumbnailUrl":"https:\/\/diretodasacristia.com\/home\/wp-content\/uploads\/2023\/01\/323161675_6093332277365949_2935864980434649837_n.jpg","datePublished":"2023-01-03T01:00:00+00:00","breadcrumb":{"@id":"https:\/\/diretodasacristia.com\/home\/bento-xvi\/diante-do-corpo-de-bento-xvi\/#breadcrumb"},"inLanguage":"pt-BR","potentialAction":[{"@type":"ReadAction","target":["https:\/\/diretodasacristia.com\/home\/bento-xvi\/diante-do-corpo-de-bento-xvi\/"]}]},{"@type":"ImageObject","inLanguage":"pt-BR","@id":"https:\/\/diretodasacristia.com\/home\/bento-xvi\/diante-do-corpo-de-bento-xvi\/#primaryimage","url":"https:\/\/diretodasacristia.com\/home\/wp-content\/uploads\/2023\/01\/323161675_6093332277365949_2935864980434649837_n.jpg","contentUrl":"https:\/\/diretodasacristia.com\/home\/wp-content\/uploads\/2023\/01\/323161675_6093332277365949_2935864980434649837_n.jpg","width":1536,"height":2048},{"@type":"BreadcrumbList","@id":"https:\/\/diretodasacristia.com\/home\/bento-xvi\/diante-do-corpo-de-bento-xvi\/#breadcrumb","itemListElement":[{"@type":"ListItem","position":1,"name":"In\u00edcio","item":"https:\/\/diretodasacristia.com\/home\/"},{"@type":"ListItem","position":2,"name":"Diante do corpo de Bento XVI"}]},{"@type":"WebSite","@id":"https:\/\/diretodasacristia.com\/home\/#website","url":"https:\/\/diretodasacristia.com\/home\/","name":"Direto da Sacristia","description":"Not\u00edcias e artigos sobre a f\u00e9 cat\u00f3lica","publisher":{"@id":"https:\/\/diretodasacristia.com\/home\/#organization"},"potentialAction":[{"@type":"SearchAction","target":{"@type":"EntryPoint","urlTemplate":"https:\/\/diretodasacristia.com\/home\/?s={search_term_string}"},"query-input":{"@type":"PropertyValueSpecification","valueRequired":true,"valueName":"search_term_string"}}],"inLanguage":"pt-BR"},{"@type":"Organization","@id":"https:\/\/diretodasacristia.com\/home\/#organization","name":"Direto da Sacristia","url":"https:\/\/diretodasacristia.com\/home\/","logo":{"@type":"ImageObject","inLanguage":"pt-BR","@id":"https:\/\/diretodasacristia.com\/home\/#\/schema\/logo\/image\/","url":"https:\/\/i0.wp.com\/diretodasacristia.com\/home\/wp-content\/uploads\/2012\/01\/marca-sacristia.png?fit=320%2C306&ssl=1","contentUrl":"https:\/\/i0.wp.com\/diretodasacristia.com\/home\/wp-content\/uploads\/2012\/01\/marca-sacristia.png?fit=320%2C306&ssl=1","width":"320","height":"306","caption":"Direto da Sacristia"},"image":{"@id":"https:\/\/diretodasacristia.com\/home\/#\/schema\/logo\/image\/"},"sameAs":["https:\/\/www.facebook.com\/DiretoSacristia","https:\/\/x.com\/diretosacristia","https:\/\/www.instagram.com\/diretodasacristia\/","https:\/\/www.youtube.com\/diretodasacristia"]},{"@type":"Person","@id":"https:\/\/diretodasacristia.com\/home\/#\/schema\/person\/bc41acd0dc55e9aeffc38a82da78fdc7","name":"Reda\u00e7\u00e3o","image":{"@type":"ImageObject","inLanguage":"pt-BR","@id":"https:\/\/secure.gravatar.com\/avatar\/ab9d10cf75c6758499a0f90920f81b8c21b85e170b3233a746b1223ef53ebfd7?s=96&d=mm&r=g","url":"https:\/\/secure.gravatar.com\/avatar\/ab9d10cf75c6758499a0f90920f81b8c21b85e170b3233a746b1223ef53ebfd7?s=96&d=mm&r=g","contentUrl":"https:\/\/secure.gravatar.com\/avatar\/ab9d10cf75c6758499a0f90920f81b8c21b85e170b3233a746b1223ef53ebfd7?s=96&d=mm&r=g","caption":"Reda\u00e7\u00e3o"},"url":"https:\/\/diretodasacristia.com\/home\/author\/redacao\/"}]}},"jetpack_publicize_connections":[],"jetpack_featured_media_url":"https:\/\/diretodasacristia.com\/home\/wp-content\/uploads\/2023\/01\/323161675_6093332277365949_2935864980434649837_n.jpg","jetpack_sharing_enabled":true,"jetpack_shortlink":"https:\/\/wp.me\/p24aG7-1k4","jetpack-related-posts":[{"id":5074,"url":"https:\/\/diretodasacristia.com\/home\/bento-xvi\/translado-do-corpo-de-bento-xvi-para-a-basilica-vaticana\/","url_meta":{"origin":5088,"position":0},"title":"Translado do corpo de Bento XVI para a Bas\u00edlica Vaticana","author":"Reda\u00e7\u00e3o","date":"2 de janeiro de 2023","format":false,"excerpt":"O dia ainda n\u00e3o tinha amanhecido quando o corpo de Bento XVI saiu do Mosteiro Mater Ecclesiae para a Bas\u00edlica de S\u00e3o Pedro","rel":"","context":"Em &quot;Bento XVI&quot;","block_context":{"text":"Bento XVI","link":"https:\/\/diretodasacristia.com\/home\/c\/bento-xvi\/"},"img":{"alt_text":"","src":"https:\/\/i0.wp.com\/diretodasacristia.com\/home\/wp-content\/uploads\/2023\/01\/323416346_929870828179068_3179285949362155853_n-Copia.jpg?resize=350%2C200&ssl=1","width":350,"height":200,"srcset":"https:\/\/i0.wp.com\/diretodasacristia.com\/home\/wp-content\/uploads\/2023\/01\/323416346_929870828179068_3179285949362155853_n-Copia.jpg?resize=350%2C200&ssl=1 1x, https:\/\/i0.wp.com\/diretodasacristia.com\/home\/wp-content\/uploads\/2023\/01\/323416346_929870828179068_3179285949362155853_n-Copia.jpg?resize=525%2C300&ssl=1 1.5x, https:\/\/i0.wp.com\/diretodasacristia.com\/home\/wp-content\/uploads\/2023\/01\/323416346_929870828179068_3179285949362155853_n-Copia.jpg?resize=700%2C400&ssl=1 2x"},"classes":[]},{"id":2506,"url":"https:\/\/diretodasacristia.com\/home\/bento-xvi\/inserida-tiara-papal-no-brasao-de-bento-xvi\/","url_meta":{"origin":5088,"position":1},"title":"Inserida tiara papal no bras\u00e3o de Bento XVI","author":"E. Mar\u00e7al","date":"12 de outubro de 2010","format":false,"excerpt":"Do Salvem a Liturgia \u00a0 Bras\u00e3o com novo elemento foi visto durante o Angelus do \u00faltimo domingo \u00a0 Antigo bras\u00e3o de Bento XVI H\u00e1 quem diga que, se o bras\u00e3o pontif\u00edcio de Bento XVI ostentava uma mitra com tr\u00eas barras (ou circulus) at\u00e9 o \u00faltimo domingo, dia 10, isso deve-se\u2026","rel":"","context":"Em &quot;Bento XVI&quot;","block_context":{"text":"Bento XVI","link":"https:\/\/diretodasacristia.com\/home\/c\/bento-xvi\/"},"img":{"alt_text":"","src":"","width":0,"height":0},"classes":[]},{"id":5051,"url":"https:\/\/diretodasacristia.com\/home\/bento-xvi\/bento-xvi-faleceu\/","url_meta":{"origin":5088,"position":2},"title":"Bento XVI faleceu","author":"Reda\u00e7\u00e3o","date":"31 de dezembro de 2022","format":false,"excerpt":"\u00c0s 9:34 deste s\u00e1bado, no Vaticano. Os funerais ser\u00e3o do dia 02 a 05 de janeiro, terminando com a Santa Missa exequial presidida pelo Papa Francisco na Pra\u00e7a de S\u00e3o Pedro.","rel":"","context":"Em &quot;Bento XVI&quot;","block_context":{"text":"Bento XVI","link":"https:\/\/diretodasacristia.com\/home\/c\/bento-xvi\/"},"img":{"alt_text":"","src":"https:\/\/i0.wp.com\/diretodasacristia.com\/home\/wp-content\/uploads\/2022\/12\/Bento-XVI-olhando-ceu-maio-2012.jpg?resize=350%2C200&ssl=1","width":350,"height":200,"srcset":"https:\/\/i0.wp.com\/diretodasacristia.com\/home\/wp-content\/uploads\/2022\/12\/Bento-XVI-olhando-ceu-maio-2012.jpg?resize=350%2C200&ssl=1 1x, https:\/\/i0.wp.com\/diretodasacristia.com\/home\/wp-content\/uploads\/2022\/12\/Bento-XVI-olhando-ceu-maio-2012.jpg?resize=525%2C300&ssl=1 1.5x"},"classes":[]},{"id":5062,"url":"https:\/\/diretodasacristia.com\/home\/sem-categoria\/comecam-os-funerais-de-bento-xvi\/","url_meta":{"origin":5088,"position":3},"title":"Come\u00e7am os funerais de Bento XVI","author":"Reda\u00e7\u00e3o","date":"1 de janeiro de 2023","format":false,"excerpt":"Na solene sobriedade, aos poucos v\u00e3o tomando forma os funerais do Papa em\u00e9rito Bento XVI, que morreu aos 95 anos, possivelmente, por causas naturais da velhice.","rel":"","context":"Em &quot;Sem categoria&quot;","block_context":{"text":"Sem categoria","link":"https:\/\/diretodasacristia.com\/home\/c\/sem-categoria\/"},"img":{"alt_text":"","src":"https:\/\/i0.wp.com\/diretodasacristia.com\/home\/wp-content\/uploads\/2023\/01\/323619021_525495542879498_6933634100307944354_n.jpg?resize=350%2C200&ssl=1","width":350,"height":200,"srcset":"https:\/\/i0.wp.com\/diretodasacristia.com\/home\/wp-content\/uploads\/2023\/01\/323619021_525495542879498_6933634100307944354_n.jpg?resize=350%2C200&ssl=1 1x, https:\/\/i0.wp.com\/diretodasacristia.com\/home\/wp-content\/uploads\/2023\/01\/323619021_525495542879498_6933634100307944354_n.jpg?resize=525%2C300&ssl=1 1.5x, https:\/\/i0.wp.com\/diretodasacristia.com\/home\/wp-content\/uploads\/2023\/01\/323619021_525495542879498_6933634100307944354_n.jpg?resize=700%2C400&ssl=1 2x"},"classes":[]},{"id":3605,"url":"https:\/\/diretodasacristia.com\/home\/bento-xvi\/1962-11-outubro-2012\/","url_meta":{"origin":5088,"position":4},"title":"1962 &#8211; 11 outubro &#8211; 2012","author":"E. Mar\u00e7al","date":"11 de outubro de 2012","format":false,"excerpt":"Para comemorar os 50 anos da abertura do Conc\u00edlio Vaticano II, a A\u00e7\u00e3o Cat\u00f3lica Italiana organizou uma prociss\u00e3o luminosa nesta noite de 11 de outubro. Milhares de pessoas preencheram a Pra\u00e7a de S\u00e3o Pedro, tal como h\u00e1 50 anos.","rel":"","context":"Em &quot;Bento XVI&quot;","block_context":{"text":"Bento XVI","link":"https:\/\/diretodasacristia.com\/home\/c\/bento-xvi\/"},"img":{"alt_text":"","src":"https:\/\/i0.wp.com\/diretodasacristia.com\/home\/wp-content\/uploads\/2012\/10\/1962-11-outubro-2012-1024x362.jpg?resize=350%2C200","width":350,"height":200,"srcset":"https:\/\/i0.wp.com\/diretodasacristia.com\/home\/wp-content\/uploads\/2012\/10\/1962-11-outubro-2012-1024x362.jpg?resize=350%2C200 1x, https:\/\/i0.wp.com\/diretodasacristia.com\/home\/wp-content\/uploads\/2012\/10\/1962-11-outubro-2012-1024x362.jpg?resize=525%2C300 1.5x, https:\/\/i0.wp.com\/diretodasacristia.com\/home\/wp-content\/uploads\/2012\/10\/1962-11-outubro-2012-1024x362.jpg?resize=700%2C400 2x"},"classes":[]},{"id":127,"url":"https:\/\/diretodasacristia.com\/home\/sem-categoria\/o-senado-de-bento-xvi-parte-12-2\/","url_meta":{"origin":5088,"position":5},"title":"O Senado de Bento XVI &#8211; Parte 1\/2","author":"E. Mar\u00e7al","date":"18 de novembro de 2010","format":false,"excerpt":"Texto do seminarista Carlos Donato, da Arquidiocese da Para\u00edba.O Senado do PapaBento XVI reunido com o seu Senado Propositalmente esperamos o belo dia lit\u00fargico de hoje em que celebramos a festa [assim o \u00e9 em Roma] da dedica\u00e7\u00e3o das bas\u00edlicas papais de S\u00e3o Pedro no Vaticano e de S\u00e3o Paulo\u2026","rel":"","context":"Em &quot;Sem categoria&quot;","block_context":{"text":"Sem categoria","link":"https:\/\/diretodasacristia.com\/home\/c\/sem-categoria\/"},"img":{"alt_text":"","src":"","width":0,"height":0},"classes":[]}],"post_mailing_queue_ids":[],"_links":{"self":[{"href":"https:\/\/diretodasacristia.com\/home\/wp-json\/wp\/v2\/posts\/5088","targetHints":{"allow":["GET"]}}],"collection":[{"href":"https:\/\/diretodasacristia.com\/home\/wp-json\/wp\/v2\/posts"}],"about":[{"href":"https:\/\/diretodasacristia.com\/home\/wp-json\/wp\/v2\/types\/post"}],"author":[{"embeddable":true,"href":"https:\/\/diretodasacristia.com\/home\/wp-json\/wp\/v2\/users\/47"}],"replies":[{"embeddable":true,"href":"https:\/\/diretodasacristia.com\/home\/wp-json\/wp\/v2\/comments?post=5088"}],"version-history":[{"count":1,"href":"https:\/\/diretodasacristia.com\/home\/wp-json\/wp\/v2\/posts\/5088\/revisions"}],"predecessor-version":[{"id":5100,"href":"https:\/\/diretodasacristia.com\/home\/wp-json\/wp\/v2\/posts\/5088\/revisions\/5100"}],"wp:featuredmedia":[{"embeddable":true,"href":"https:\/\/diretodasacristia.com\/home\/wp-json\/wp\/v2\/media\/5093"}],"wp:attachment":[{"href":"https:\/\/diretodasacristia.com\/home\/wp-json\/wp\/v2\/media?parent=5088"}],"wp:term":[{"taxonomy":"category","embeddable":true,"href":"https:\/\/diretodasacristia.com\/home\/wp-json\/wp\/v2\/categories?post=5088"},{"taxonomy":"post_tag","embeddable":true,"href":"https:\/\/diretodasacristia.com\/home\/wp-json\/wp\/v2\/tags?post=5088"}],"curies":[{"name":"wp","href":"https:\/\/api.w.org\/{rel}","templated":true}]}}