{"id":5192,"date":"2026-03-16T11:14:54","date_gmt":"2026-03-16T14:14:54","guid":{"rendered":"https:\/\/diretodasacristia.com\/home\/?p=5192"},"modified":"2026-03-16T15:51:34","modified_gmt":"2026-03-16T18:51:34","slug":"leao-xiv-se-mudou-para-o-sotao-do-palacio","status":"publish","type":"post","link":"https:\/\/diretodasacristia.com\/home\/leao-xiv\/leao-xiv-se-mudou-para-o-sotao-do-palacio\/","title":{"rendered":"Le\u00e3o XIV se mudou para o s\u00f3t\u00e3o do Pal\u00e1cio?"},"content":{"rendered":"<p style=\"text-align: justify;\">Desde a sua elei\u00e7\u00e3o pontif\u00edcia, foi anunciado que <strong>Le\u00e3o XIV faria de novo o Pal\u00e1cio Apost\u00f3lico Vaticano como sua resid\u00eancia oficial. E isso aconteceu em 14 de mar\u00e7o<\/strong>, mais de dez meses depois do conclave: na tarde do s\u00e1bado, o Papa mudou-se junto com seus secret\u00e1rios para o terceiro andar do Pal\u00e1cio, tal como seus predecessores at\u00e9 2013.<\/p>\n<p><a href=\"https:\/\/diretodasacristia.com\/home\/wp-content\/uploads\/2026\/03\/cq5dam_1747050241.webp\"><img loading=\"lazy\" decoding=\"async\" width=\"600\" height=\"400\" class=\"aligncenter size-full wp-image-5539\" src=\"https:\/\/diretodasacristia.com\/home\/wp-content\/uploads\/2026\/03\/cq5dam_1747050241.webp\" alt=\"\" srcset=\"https:\/\/diretodasacristia.com\/home\/wp-content\/uploads\/2026\/03\/cq5dam_1747050241.webp 600w, https:\/\/diretodasacristia.com\/home\/wp-content\/uploads\/2026\/03\/cq5dam_1747050241-250x167.webp 250w, https:\/\/diretodasacristia.com\/home\/wp-content\/uploads\/2026\/03\/cq5dam_1747050241-120x80.webp 120w\" sizes=\"auto, (max-width: 600px) 100vw, 600px\" \/><\/a><\/p>\n<p style=\"text-align: justify;\">Lembremo-nos que o Papa Francisco, como parte do protocolo, apenas tomou posse deles depois do conclave que o elegeu, mas decidiu viver na Casa Santa Marta, uma resid\u00eancia religiosa para bispos e monsenhores da C\u00faria Romana, mas que durante o conclave se torna a hospedagem retirada e tecnologicamente protegida dos cardeais eleitores. Enquanto um andar de Santa Marta tornou-se reservado para o Papa Francisco e a sua fam\u00edlia pont\u00edficia, de secret\u00e1rios e outros assessores, os c\u00f4modos oficiais no Pal\u00e1cio Apost\u00f3lico foram usados para as visitas oficiais de l\u00edderes mundiais, bispos e outras autoridades; de igual modo, o seu escrit\u00f3rio, de cuja janela ele, como os seus predecessores, rezou o <em>Angelus<\/em> (ou o\u00a0<em>Regina Caeli<\/em>, durante o Tempo da P\u00e1scoa) ao meio-dia de todos os domingos e outros dias festivos, quando ele n\u00e3o estava fora de Roma e, nos \u00faltimos anos, quando a sa\u00fade lhe permitia.<\/p>\n<p style=\"text-align: justify;\">Portanto, depois de tanto tempo sem uso e sem a manuten\u00e7\u00e3o frequente percebida por qualquer morador, aquele \u00faltimo andar do Pal\u00e1cio precisou de reformas, que, por\u00e9m, duraram muito, o que aponta mais uma vez a grande necessidade.<\/p>\n<p style=\"text-align: justify;\">Mas antes de continuarmos, \u00e9 interessante notar que o Pal\u00e1cio Apost\u00f3lico e nem mesmo o Vaticano foram desde sempre a resid\u00eancia oficial ou permanente dos papas.<\/p>\n<h3><strong>Morando fora do Vaticano<\/strong><\/h3>\n<p style=\"text-align: justify;\">O Vaticano desenvolveu-se por causa de S\u00e3o Pedro. No seu tempo, aquela \u00e1rea sequer era considerada cidade de Roma porque era al\u00e9m do rio Tibre; ali era tanto um centro de atra\u00e7\u00f5es (como o Circo M\u00e1ximo e o Coliseu), mas tamb\u00e9m um cemit\u00e9rio. Desse modo, fora da cidade, o primeiro Papa cumpriu a sua pena capital em ser crucificado, mas de cabe\u00e7a para baixo, como diz a tradi\u00e7\u00e3o, porque nem mesmo na morte ele poderia se igualar ao seu mestre. Assim, n\u00e3o muito distante do lugar do seu mart\u00edrio, ele foi sepultado e acima do seu t\u00famulo foi constru\u00eddo um orat\u00f3rio. Depois de se converter, o imperador Constantino construiu algumas igrejas, dentre as quais, a primeira Bas\u00edlica de S\u00e3o Pedro, que por esse motivo \u00e9 conhecida como constantiniana.<\/p>\n<p style=\"text-align: justify;\">A sucessiva constru\u00e7\u00e3o de mais edif\u00edcios, nem sempre igrejas, deu-se por motivos pr\u00e1ticos e espirituais, como a resid\u00eancia pr\u00f3xima para aqueles que trabalhavam na Bas\u00edlica e os v\u00e1rios mosteiros que surgiram para que seus monges morassem e rezassem pr\u00f3ximos do t\u00famulo do chefe dos ap\u00f3stolos.<\/p>\n<p style=\"text-align: justify;\">Naquela \u00e9poca, o papa morava ao lado da sua catedral, o Latr\u00e3o, que n\u00e3o est\u00e1 localizada no centro da cidade porque Roma n\u00e3o nasceu crist\u00e3 e, assim, a sua primeira igreja \u00e9 localizada no que antes era a periferia. O papa vivia no Pal\u00e1cio Lateranense, que, naturalmente, desenvolveu-se em um grande edif\u00edcio, tendo em vista toda a fam\u00edlia pontif\u00edcia, os cardeais e os bispos que faziam parte da corte e moravam com ele: tendo como centro a Arquibas\u00edlica do Latr\u00e3o, o grande pal\u00e1cio inclu\u00eda boa parte da atual pra\u00e7a da catedral, o Santu\u00e1rio da <em>Scala Sancta<\/em> e a pra\u00e7a onde atualmente est\u00e1 o obelisco lateranense e que \u00e9 a entrada da c\u00faria diocesana \u2014 um vasto e imponente edif\u00edcio. Mas tudo isso estava literalmente \u00e0s portas de Roma, localizado ao lado das Muralhas Aurelianas, o que deixava n\u00e3o somente o complexo exposto a amea\u00e7as, mas principalmente o Papa. Ent\u00e3o, se o Pont\u00edfice estivesse em perigo, ele percorria a atual Via dei Santi Quattro Coronati e refugiava-se na bas\u00edlica de mesmo nome, que, junto ao mosteiro, passou por reformas que transformaram-nos externamente em uma fortaleza, que ainda hoje pode ser vista como tal.<\/p>\n<p><a href=\"https:\/\/diretodasacristia.com\/home\/wp-content\/uploads\/2026\/03\/Palazzo-Lateranense-scaled.jpg\"><img loading=\"lazy\" decoding=\"async\" width=\"2560\" height=\"1258\" class=\"aligncenter size-full wp-image-5546\" src=\"https:\/\/diretodasacristia.com\/home\/wp-content\/uploads\/2026\/03\/Palazzo-Lateranense-scaled.jpg\" alt=\"\" srcset=\"https:\/\/diretodasacristia.com\/home\/wp-content\/uploads\/2026\/03\/Palazzo-Lateranense-scaled.jpg 2560w, https:\/\/diretodasacristia.com\/home\/wp-content\/uploads\/2026\/03\/Palazzo-Lateranense-250x123.jpg 250w, https:\/\/diretodasacristia.com\/home\/wp-content\/uploads\/2026\/03\/Palazzo-Lateranense-700x344.jpg 700w, https:\/\/diretodasacristia.com\/home\/wp-content\/uploads\/2026\/03\/Palazzo-Lateranense-600x295.jpg 600w, https:\/\/diretodasacristia.com\/home\/wp-content\/uploads\/2026\/03\/Palazzo-Lateranense-768x377.jpg 768w, https:\/\/diretodasacristia.com\/home\/wp-content\/uploads\/2026\/03\/Palazzo-Lateranense-1536x755.jpg 1536w, https:\/\/diretodasacristia.com\/home\/wp-content\/uploads\/2026\/03\/Palazzo-Lateranense-2048x1006.jpg 2048w, https:\/\/diretodasacristia.com\/home\/wp-content\/uploads\/2026\/03\/Palazzo-Lateranense-120x59.jpg 120w\" sizes=\"auto, (max-width: 2560px) 100vw, 2560px\" \/><\/a><\/p>\n<p style=\"text-align: justify;\">\u00c9 poss\u00edvel imaginar a grandiosidade e magnific\u00eancia do Pal\u00e1cio Lateranense, correspondendo \u00e0 import\u00e2ncia da resid\u00eancia do Sumo Pont\u00edfice e estar no mesmo completo da primeira igreja do mundo e catedral de Roma. Isso pode fazer pensar que o Vaticano era negligenciado, partindo do fato de o Papa n\u00e3o morar nele. Mas n\u00e3o e embora o lugar principal para as devo\u00e7\u00f5es do povo era o Vaticano por causa do t\u00famulo de S\u00e3o Pedro, o complexo Lateranense, al\u00e9m de tudo, pouco a pouco disp\u00f4s de rel\u00edquias muito importantes e que atra\u00edram a devo\u00e7\u00e3o do povo, o que provocou um conflito entre o clero lateranense e o clero vaticano, que se resolveu apenas no primeiro jubileu, o de 1300, sob Bonif\u00e1cio VIII.<\/p>\n<h3><strong>A temporada em Avinh\u00e3o<\/strong><\/h3>\n<p style=\"text-align: justify;\">Em tal complexo, os papas viveram desde o in\u00edcio do s\u00e9culo IV at\u00e9 que, em 1309, o papa franc\u00eas Clemente V decidiu que transferir a sede do papado para Avinh\u00e3o, uma cidade situada n\u00e3o muito distante da fronteira entre a It\u00e1lia e a Fran\u00e7a. Iniciou-se o cativeiro avinhonense, isto \u00e9, por motivos pol\u00edticos, os papas de algumas d\u00e9cadas seguintes mantiveram a sede papal, com toda a C\u00faria Romana e a sua corte, na Fran\u00e7a. Isto foi desastroso para Roma: as suas igrejas n\u00e3o permaneceram sem clero e a cidade n\u00e3o foi privada do governo civil, mas a aus\u00eancia do Pont\u00edfice fez com que ela fosse neglicenciada na prote\u00e7\u00e3o contras riscos e ataques, na sua manuten\u00e7\u00e3o constante e no seu embelezamento. Algo assim j\u00e1 havia acontecido outras vezes: por volta do ano 330, quando Constantinopla foi constru\u00edda como nova Roma, para dividir com esta a import\u00e2ncia do Imp\u00e9rio Romano; e aconteceu tamb\u00e9m depois do ano de 476, quando caiu o pr\u00f3prio Imp\u00e9rio Romano do Ocidente, sediado na Cidade Eterna. Dois duros golpes em cerca de 150 anos, para n\u00e3o falar das invas\u00f5es b\u00e1rbaras, que foram motivos ainda maiores para a degrada\u00e7\u00e3o e o abandono de Roma pela popula\u00e7\u00e3o: a Cidade, antes fulgente pelas gl\u00f3rias e pelo poder do Imp\u00e9rio, come\u00e7ou a ser abandonada por causa do medo dos b\u00e1rbaros e pela administra\u00e7\u00e3o do Imp\u00e9rio a partir de outras cidades dentro e fora da atual It\u00e1lia. \u00c9 na queda do Imp\u00e9rio Romano do Ocidente que vemos a primeira grande atua\u00e7\u00e3o da Igreja principalmente atrav\u00e9s dos monges, que com suas iniciativas sociais, administrativas e espirituais sustentaram a Europa de um decl\u00ednio total e irrecuper\u00e1vel.<\/p>\n<h3><strong>A volta para Roma<\/strong><\/h3>\n<p style=\"text-align: justify;\">Somente em 1377, um outro papa franc\u00eas de nascimento, mas incentivado principalmente por Santa Catarina de Siena, Greg\u00f3rio XI transferiu a sede papal de volta para Roma; transferiu definitivamente porque em 1366 o franc\u00eas Urbano V voltou para a Cidade Eterna, mas revoltas for\u00e7aram-no a voltar para Avinh\u00e3o.<\/p>\n<p style=\"text-align: justify;\">Por\u00e9m, como diz\u00edamos, a pobre e abandonada Roma n\u00e3o era mais a mesma quando Greg\u00f3rio XI voltou: o pr\u00f3prio Pal\u00e1cio e a Bas\u00edlica Lateranenses estavam p\u00e9ssimas condi\u00e7\u00f5es causadas pelos dois devastantes inc\u00eandios de 1307 e 1361 e que as somas enviadas pelos papas n\u00e3o foram suficientes a repar\u00e1-los com a aptid\u00e3o e o esplendor de antes. Ent\u00e3o, Greg\u00f3rio XI primeiro fixou resid\u00eancia na Bas\u00edlica de Santa Maria no Trastevere e, depois, na Bas\u00edlica de Santa Maria Maior. Apesar de tudo, uma nova decis\u00e3o fez com que a partir de 1377 os papas passassem a morar no pr\u00f3prio Vaticano, seja porque era mais adequado estruturalmente, seja porque, em meio \u00e0s discuss\u00f5es sobre o poder pontif\u00edcio no \u00e2mbito espiritual e tamb\u00e9m no cen\u00e1rio social, desejou-se enfatizar ainda mais, com a proximidade ao t\u00famulo de S\u00e3o Pedro, a sua reinvidica\u00e7\u00e3o como guia universal.<\/p>\n<div id=\"attachment_5547\" style=\"width: 1930px\" class=\"wp-caption aligncenter\"><a href=\"https:\/\/diretodasacristia.com\/home\/wp-content\/uploads\/2026\/03\/Quirinale.jpg\"><img loading=\"lazy\" decoding=\"async\" aria-describedby=\"caption-attachment-5547\" class=\"wp-image-5547 size-full\" src=\"https:\/\/diretodasacristia.com\/home\/wp-content\/uploads\/2026\/03\/Quirinale.jpg\" alt=\"\" width=\"1920\" height=\"1080\" srcset=\"https:\/\/diretodasacristia.com\/home\/wp-content\/uploads\/2026\/03\/Quirinale.jpg 1920w, https:\/\/diretodasacristia.com\/home\/wp-content\/uploads\/2026\/03\/Quirinale-250x141.jpg 250w, https:\/\/diretodasacristia.com\/home\/wp-content\/uploads\/2026\/03\/Quirinale-700x394.jpg 700w, https:\/\/diretodasacristia.com\/home\/wp-content\/uploads\/2026\/03\/Quirinale-600x338.jpg 600w, https:\/\/diretodasacristia.com\/home\/wp-content\/uploads\/2026\/03\/Quirinale-768x432.jpg 768w, https:\/\/diretodasacristia.com\/home\/wp-content\/uploads\/2026\/03\/Quirinale-1536x864.jpg 1536w, https:\/\/diretodasacristia.com\/home\/wp-content\/uploads\/2026\/03\/Quirinale-120x68.jpg 120w\" sizes=\"auto, (max-width: 1920px) 100vw, 1920px\" \/><\/a><p id=\"caption-attachment-5547\" class=\"wp-caption-text\">Pal\u00e1cio do Quirinal<\/p><\/div>\n<p style=\"text-align: justify;\">Cerca de dois s\u00e9culos mais tarde, o papa Sisto V comprou a <em>Villa Carafa<\/em>, situada na colina Quirinal, que j\u00e1 tinha sido de interesse do seu predecessor Greg\u00f3rio XIII e que come\u00e7ou a investir nela com reformas de amplia\u00e7\u00e3o do edif\u00edcio e melhorias da \u00e1rea, que n\u00e3o era t\u00e3o saud\u00e1vel como o Vaticano e o Latr\u00e3o. Sisto V continuou as obras iniciadas por Greg\u00f3rio XIII: a\u00a0<em>Villa\u00a0<\/em>foi ampliada, foram constru\u00eddas duas ruas para seu acesso e foi constru\u00edda tamb\u00e9m a pra\u00e7a em frente ao novo pal\u00e1cio. Por fim, o aspecto completo do Pal\u00e1cio do Quirinal foi dado pelo papa Paulo V, no in\u00edcio do s\u00e9culo XVII. Da arquitetura \u00e0 decora\u00e7\u00e3o, os papas se valeram do trabalho de profissionais e artistas famosos, tais como Domenico Fontana, Carlo Maderno e Bernini, este que desenhou a sacada das b\u00ean\u00e7\u00e3os na fachada principal.<\/p>\n<h3><strong>Um outro pal\u00e1cio apost\u00f3lico<\/strong><\/h3>\n<p style=\"text-align: justify;\">Mais do que uma resid\u00eancia estiva, o Pal\u00e1cio do Quirinal transformou em resid\u00eancia alternativa dos papas ao Pal\u00e1cio do Vaticano: nele foram hospedados 30 papas, o \u00faltimo deles foi o Beato Pio IX. Antes da mudan\u00e7a definitiva para o Vaticano, o Pal\u00e1cio j\u00e1 tinha perdido o seu\u00a0<em>status<\/em> pontif\u00edcio durante a ocupa\u00e7\u00e3o das tropas napole\u00f4nicas, de 1809 a 1814, para ser resid\u00eancia do imperador franc\u00eas na segunda cidade dos seus territ\u00f3rios, depois da capital Paris, e do seu filho Napole\u00e3o Francisco, que recebeu o t\u00edtulo de rei de Roma. Mas, com a queda do Bonaparte e com a restaura\u00e7\u00e3o pol\u00edtica, em 1814, o Papa Pio VII retornou \u00e0 Cidade Eterna e retomou a posse do Quirinal, promovendo imediatamente com reformas para apagar qualquer tra\u00e7o do invasor. Com os movimentos sociais da unifica\u00e7\u00e3o italiana, um governo caindo depois do outro por todo o territ\u00f3rio, Roma e o dom\u00ednio papal eram os \u00faltimos em p\u00e9. Para evitar a continua\u00e7\u00e3o in\u00fatil do conflito e o derramamento de sangue entre italianos e cat\u00f3licos, Pio IX ordenou que n\u00e3o houvesse alguma resist\u00eancia na invas\u00e3o da cidade atrav\u00e9s da Porta Pia, deixou o Pal\u00e1cio e refugiou-se no Vaticano, declarando-se como prisioneiro do movimento unificador. Roma foi tomada pelo governo da It\u00e1lia unificada e feita capital, com o Pal\u00e1cio do Quirinal resid\u00eancia do rei da It\u00e1lia, um membro da fam\u00edlia Savoia.<\/p>\n<p><a href=\"https:\/\/diretodasacristia.com\/home\/wp-content\/uploads\/2026\/03\/palazzo-apostolico-roma-vaticano-basilica-di-st-peter-125055166.webp\"><img loading=\"lazy\" decoding=\"async\" width=\"800\" height=\"532\" class=\"aligncenter size-full wp-image-5542\" src=\"https:\/\/diretodasacristia.com\/home\/wp-content\/uploads\/2026\/03\/palazzo-apostolico-roma-vaticano-basilica-di-st-peter-125055166.webp\" alt=\"\" srcset=\"https:\/\/diretodasacristia.com\/home\/wp-content\/uploads\/2026\/03\/palazzo-apostolico-roma-vaticano-basilica-di-st-peter-125055166.webp 800w, https:\/\/diretodasacristia.com\/home\/wp-content\/uploads\/2026\/03\/palazzo-apostolico-roma-vaticano-basilica-di-st-peter-125055166-250x166.webp 250w, https:\/\/diretodasacristia.com\/home\/wp-content\/uploads\/2026\/03\/palazzo-apostolico-roma-vaticano-basilica-di-st-peter-125055166-700x466.webp 700w, https:\/\/diretodasacristia.com\/home\/wp-content\/uploads\/2026\/03\/palazzo-apostolico-roma-vaticano-basilica-di-st-peter-125055166-600x399.webp 600w, https:\/\/diretodasacristia.com\/home\/wp-content\/uploads\/2026\/03\/palazzo-apostolico-roma-vaticano-basilica-di-st-peter-125055166-768x511.webp 768w, https:\/\/diretodasacristia.com\/home\/wp-content\/uploads\/2026\/03\/palazzo-apostolico-roma-vaticano-basilica-di-st-peter-125055166-120x80.webp 120w\" sizes=\"auto, (max-width: 800px) 100vw, 800px\" \/><\/a><\/p>\n<p style=\"text-align: justify;\">Como diz\u00edamos no come\u00e7o, o Pal\u00e1cio Apost\u00f3lico do Vaticano \u00e9 um conjunto de constru\u00e7\u00f5es de \u00e9pocas diferentes e com usos que mudaram no decorrer do tempo. Ele se divide em apartamentos, salas, capelas, escrit\u00f3rios e bibliotecas. No terceiro andar, do lado do pr\u00e9dio onde no segundo andar encontra-se a Capela Sistina, \u00e9 sediada a Secretaria de Estado. Somente a partir de S\u00e3o Pio X, no in\u00edcio do s\u00e9culo XX, os papas come\u00e7aram a morar no terceiro andar do pr\u00e9dio cuja fachada \u00e9 virada para a Pra\u00e7a S\u00e3o Pedro.<\/p>\n<h3><strong>As mudan\u00e7as do Papa Le\u00e3o<\/strong><\/h3>\n<p style=\"text-align: justify;\">Enquanto esperava o fim das reformas, Le\u00e3o XIV permaneceu morando no mesmo lugar onde morava desde alguns meses antes de se tornar papa: no Pal\u00e1cio do Santo Of\u00edcio, exatamente acima do escrit\u00f3rio do prefeito do Dicast\u00e9rio para a Doutrina da F\u00e9 (t\u00edtulo que S\u00e3o Paulo VI deu para o ent\u00e3o Santo Of\u00edcio). As interven\u00e7\u00f5es estruturais demoraram mais do que o previsto e esperado porque foram identificados v\u00e1rios e s\u00e9rios problemas de mofo, infiltra\u00e7\u00f5es, dentre outros, dada a falta de manuten\u00e7\u00e3o em 12 anos; o Papa Francisco, morando na Casa Santa Marta, reservou o segundo andar do Pal\u00e1cio Apost\u00f3lico para as visitas oficiais de autoridades. Assim, nos primeiros sinais que a mudan\u00e7a do Papa Le\u00e3o estava pr\u00f3xima de acontecer, entre o fim de janeiro e o in\u00edcio de fevereiro, a imprensa mundial \u2014 come\u00e7ando pela italiana \u2014 encheu-nos de manchetes, tais como: &#8220;o Papa vai morar no s\u00f3t\u00e3o&#8221;. Mas a informa\u00e7\u00e3o n\u00e3o \u00e9 verdadeira.<\/p>\n<p>&nbsp;<\/p>\n<div id=\"attachment_5538\" style=\"width: 2570px\" class=\"wp-caption aligncenter\"><a href=\"https:\/\/diretodasacristia.com\/home\/wp-content\/uploads\/2026\/03\/ApostolicPalace.jpg\"><img loading=\"lazy\" decoding=\"async\" aria-describedby=\"caption-attachment-5538\" class=\"wp-image-5538 size-full\" src=\"https:\/\/diretodasacristia.com\/home\/wp-content\/uploads\/2026\/03\/ApostolicPalace.jpg\" alt=\"\" width=\"2560\" height=\"1920\" srcset=\"https:\/\/diretodasacristia.com\/home\/wp-content\/uploads\/2026\/03\/ApostolicPalace.jpg 2560w, https:\/\/diretodasacristia.com\/home\/wp-content\/uploads\/2026\/03\/ApostolicPalace-250x188.jpg 250w, https:\/\/diretodasacristia.com\/home\/wp-content\/uploads\/2026\/03\/ApostolicPalace-700x525.jpg 700w, https:\/\/diretodasacristia.com\/home\/wp-content\/uploads\/2026\/03\/ApostolicPalace-600x450.jpg 600w, https:\/\/diretodasacristia.com\/home\/wp-content\/uploads\/2026\/03\/ApostolicPalace-768x576.jpg 768w, https:\/\/diretodasacristia.com\/home\/wp-content\/uploads\/2026\/03\/ApostolicPalace-1536x1152.jpg 1536w, https:\/\/diretodasacristia.com\/home\/wp-content\/uploads\/2026\/03\/ApostolicPalace-2048x1536.jpg 2048w, https:\/\/diretodasacristia.com\/home\/wp-content\/uploads\/2026\/03\/ApostolicPalace-120x90.jpg 120w\" sizes=\"auto, (max-width: 2560px) 100vw, 2560px\" \/><\/a><p id=\"caption-attachment-5538\" class=\"wp-caption-text\"><em>No canto inferior direito, acima de um dos bra\u00e7os da Pra\u00e7a S\u00e3o Pedro, um dos pr\u00e9dios do Pal\u00e1cio Apost\u00f3lico Vaticano no qual \u00e9 poss\u00edvel ver a cobertura no terceiro andar.<\/em><\/p><\/div>\n<p><a href=\"https:\/\/diretodasacristia.com\/home\/wp-content\/uploads\/2026\/03\/screenshot-2024-09-23-alle-12_1727086682.webp\"><img loading=\"lazy\" decoding=\"async\" width=\"588\" height=\"450\" class=\"aligncenter size-full wp-image-5541\" src=\"https:\/\/diretodasacristia.com\/home\/wp-content\/uploads\/2026\/03\/screenshot-2024-09-23-alle-12_1727086682.webp\" alt=\"\" srcset=\"https:\/\/diretodasacristia.com\/home\/wp-content\/uploads\/2026\/03\/screenshot-2024-09-23-alle-12_1727086682.webp 588w, https:\/\/diretodasacristia.com\/home\/wp-content\/uploads\/2026\/03\/screenshot-2024-09-23-alle-12_1727086682-250x191.webp 250w, https:\/\/diretodasacristia.com\/home\/wp-content\/uploads\/2026\/03\/screenshot-2024-09-23-alle-12_1727086682-120x92.webp 120w\" sizes=\"auto, (max-width: 588px) 100vw, 588px\" \/><\/a><\/p>\n<p style=\"text-align: justify;\">A imprensa italiana usou o termo &#8220;mansarda&#8221;, que no Vaticano \u00e9 conhecido como &#8220;soffittoni&#8221;, isto \u00e9, o espa\u00e7o entre um andar e o teto. O teto do Pal\u00e1cio Apost\u00f3lico \u00e9 realmente alto e ali existe o que no Brasil chamamos de cobertura e que merece uma melhor explica\u00e7\u00e3o: foi S\u00e3o Paulo VI a dar ao aposentos pontif\u00edcios a apar\u00eancia que conhecemos, decorando com \u00f3timos componentes o segundo andar (onde acontecem as visitas oficiais) e de modo ainda melhor o terceiro andar, os apartamentos papais, com tudo que tem uma casa comum, al\u00e9m do necess\u00e1rio para os seus secret\u00e1rios e os seus assessores leigos. Tamb\u00e9m fez reformas na capela privada, incluindo obras contempor\u00e2neas, na qual tantas vezes S\u00e3o Jo\u00e3o Paulo II foi filmado e fotografado. Mas a sua interven\u00e7\u00e3o mais ousada foi a retirada de parte do telhado e a transforma\u00e7\u00e3o em um terra\u00e7o com impressionantes vistas sobre Roma e o Vaticano, mas ainda protegida com a discri\u00e7\u00e3o do resto do telhado; isto \u00e9 o &#8220;s\u00f3t\u00e3o&#8221; mencionado pela imprensa. A &#8220;cobertura&#8221; tem capela e quartos, permitindo desfrutar de um mais suave clima romano como numa vila elevada no cora\u00e7\u00e3o do Vaticano.<\/p>\n<div id=\"attachment_5540\" style=\"width: 990px\" class=\"wp-caption aligncenter\"><a href=\"https:\/\/diretodasacristia.com\/home\/wp-content\/uploads\/2026\/03\/pope-leo-xiv-visits-the-papal-apartment-at-the-apostolic-news-photo-1747208227.avif\"><img loading=\"lazy\" decoding=\"async\" aria-describedby=\"caption-attachment-5540\" class=\"wp-image-5540 size-full\" src=\"https:\/\/diretodasacristia.com\/home\/wp-content\/uploads\/2026\/03\/pope-leo-xiv-visits-the-papal-apartment-at-the-apostolic-news-photo-1747208227.avif\" alt=\"\" width=\"980\" height=\"653\" srcset=\"https:\/\/diretodasacristia.com\/home\/wp-content\/uploads\/2026\/03\/pope-leo-xiv-visits-the-papal-apartment-at-the-apostolic-news-photo-1747208227.avif 980w, https:\/\/diretodasacristia.com\/home\/wp-content\/uploads\/2026\/03\/pope-leo-xiv-visits-the-papal-apartment-at-the-apostolic-news-photo-1747208227-250x167.jpg 250w, https:\/\/diretodasacristia.com\/home\/wp-content\/uploads\/2026\/03\/pope-leo-xiv-visits-the-papal-apartment-at-the-apostolic-news-photo-1747208227-700x466.jpg 700w, https:\/\/diretodasacristia.com\/home\/wp-content\/uploads\/2026\/03\/pope-leo-xiv-visits-the-papal-apartment-at-the-apostolic-news-photo-1747208227-600x400.jpg 600w, https:\/\/diretodasacristia.com\/home\/wp-content\/uploads\/2026\/03\/pope-leo-xiv-visits-the-papal-apartment-at-the-apostolic-news-photo-1747208227-768x512.jpg 768w, https:\/\/diretodasacristia.com\/home\/wp-content\/uploads\/2026\/03\/pope-leo-xiv-visits-the-papal-apartment-at-the-apostolic-news-photo-1747208227-120x80.jpg 120w\" sizes=\"auto, (max-width: 980px) 100vw, 980px\" \/><\/a><p id=\"caption-attachment-5540\" class=\"wp-caption-text\">O neo-eleito Le\u00e3o XIV toma posse dos apartamentos pontif\u00edcios; na imagem, ele observa a capela privada.<\/p><\/div>\n<p style=\"text-align: justify;\">At\u00e9 agora, a cobertura do apartamento papal era desconhecida da opini\u00e3o p\u00fablica. Muitos pensavam que o Papa Le\u00e3o, na verdade, n\u00e3o moraria no terceiro andar, mas no s\u00f3t\u00e3o. Por\u00e9m, \u00e9 mais do que isso: o Papa usar\u00e1 os espa\u00e7os dom\u00e9sticos e o seu escrit\u00f3rio no terceiro andar, mas junto com seus secret\u00e1rios, ele aproveitar\u00e1 a tranquilidade do terra\u00e7o, incluindo os quartos localizados ali. A fam\u00edlia pontif\u00edcia \u00e9 formada por seus dois secret\u00e1rios e algumas religiosas, provavelmente salesianas, que cuidam das tarefas dom\u00e9sticas.<\/p>\n","protected":false},"excerpt":{"rendered":"No s\u00e1bado, 14 de mar\u00e7o, o Papa Le\u00e3o XIV se mudou definitivamente para o Pal\u00e1cio Apost\u00f3lico: mas ele est\u00e1 morando no terceiro andar ou na cobertura do pr\u00e9dio?","protected":false},"author":47,"featured_media":5539,"comment_status":"open","ping_status":"open","sticky":false,"template":"","format":"standard","meta":{"jetpack_post_was_ever_published":false,"_jetpack_newsletter_access":"","_jetpack_dont_email_post_to_subs":false,"_jetpack_newsletter_tier_id":0,"_jetpack_memberships_contains_paywalled_content":false,"_jetpack_memberships_contains_paid_content":false,"_joinchat":[],"footnotes":"","jetpack_publicize_message":"","jetpack_publicize_feature_enabled":true,"jetpack_social_post_already_shared":true,"jetpack_social_options":{"image_generator_settings":{"template":"highway","default_image_id":0,"font":"","enabled":false},"version":2}},"categories":[26,676],"tags":[907,667,669,668,675,674,673,671,670,534,677,672,49],"class_list":["post-5192","post","type-post","status-publish","format-standard","has-post-thumbnail","hentry","category-papa","category-leao-xiv","tag-apostolic-palace","tag-leao-xiv","tag-leo-xiv","tag-leone-xiv","tag-mansard","tag-mansarda","tag-novo-papa","tag-palacio-apostolico","tag-palazzo-apostolico","tag-papa","tag-sotao","tag-vatican","tag-vaticano"],"yoast_head":"<!-- This site is optimized with the Yoast SEO plugin v27.4 - https:\/\/yoast.com\/product\/yoast-seo-wordpress\/ -->\n<title>Le\u00e3o XIV se mudou para o s\u00f3t\u00e3o do Pal\u00e1cio? - Direto da Sacristia<\/title>\n<meta name=\"description\" content=\"No s\u00e1bado, 14 de mar\u00e7o, o Papa Le\u00e3o XIV se mudou definitivamente para o Pal\u00e1cio Apost\u00f3lico: mas ele est\u00e1 morando no terceiro andar ou na cobertura do pr\u00e9dio?\" \/>\n<meta name=\"robots\" content=\"index, follow, max-snippet:-1, max-image-preview:large, max-video-preview:-1\" \/>\n<link rel=\"canonical\" href=\"https:\/\/diretodasacristia.com\/home\/leao-xiv\/leao-xiv-se-mudou-para-o-sotao-do-palacio\/\" \/>\n<meta property=\"og:locale\" content=\"pt_BR\" \/>\n<meta property=\"og:type\" content=\"article\" \/>\n<meta property=\"og:title\" content=\"Le\u00e3o XIV se mudou para o s\u00f3t\u00e3o do Pal\u00e1cio? - Direto da Sacristia\" \/>\n<meta property=\"og:description\" content=\"No s\u00e1bado, 14 de mar\u00e7o, o Papa Le\u00e3o XIV se mudou definitivamente para o Pal\u00e1cio Apost\u00f3lico: mas ele est\u00e1 morando no terceiro andar ou na cobertura do pr\u00e9dio?\" \/>\n<meta property=\"og:url\" content=\"https:\/\/diretodasacristia.com\/home\/leao-xiv\/leao-xiv-se-mudou-para-o-sotao-do-palacio\/\" \/>\n<meta property=\"og:site_name\" content=\"Direto da Sacristia\" \/>\n<meta property=\"article:publisher\" content=\"https:\/\/www.facebook.com\/DiretoSacristia\" \/>\n<meta property=\"article:published_time\" content=\"2026-03-16T14:14:54+00:00\" \/>\n<meta property=\"article:modified_time\" content=\"2026-03-16T18:51:34+00:00\" \/>\n<meta property=\"og:image\" content=\"https:\/\/diretodasacristia.com\/home\/wp-content\/uploads\/2026\/03\/cq5dam_1747050241.webp\" \/>\n\t<meta property=\"og:image:width\" content=\"600\" \/>\n\t<meta property=\"og:image:height\" content=\"400\" \/>\n\t<meta property=\"og:image:type\" content=\"image\/webp\" \/>\n<meta name=\"author\" content=\"Reda\u00e7\u00e3o\" \/>\n<meta name=\"twitter:card\" content=\"summary_large_image\" \/>\n<meta name=\"twitter:creator\" content=\"@diretosacristia\" \/>\n<meta name=\"twitter:site\" content=\"@diretosacristia\" \/>\n<meta name=\"twitter:label1\" content=\"Escrito por\" \/>\n\t<meta name=\"twitter:data1\" content=\"Reda\u00e7\u00e3o\" \/>\n\t<meta name=\"twitter:label2\" content=\"Est. tempo de leitura\" \/>\n\t<meta name=\"twitter:data2\" content=\"14 minutos\" \/>\n<script type=\"application\/ld+json\" class=\"yoast-schema-graph\">{\"@context\":\"https:\\\/\\\/schema.org\",\"@graph\":[{\"@type\":\"Article\",\"@id\":\"https:\\\/\\\/diretodasacristia.com\\\/home\\\/leao-xiv\\\/leao-xiv-se-mudou-para-o-sotao-do-palacio\\\/#article\",\"isPartOf\":{\"@id\":\"https:\\\/\\\/diretodasacristia.com\\\/home\\\/leao-xiv\\\/leao-xiv-se-mudou-para-o-sotao-do-palacio\\\/\"},\"author\":{\"name\":\"Reda\u00e7\u00e3o\",\"@id\":\"https:\\\/\\\/diretodasacristia.com\\\/home\\\/#\\\/schema\\\/person\\\/bc41acd0dc55e9aeffc38a82da78fdc7\"},\"headline\":\"Le\u00e3o XIV se mudou para o s\u00f3t\u00e3o do Pal\u00e1cio?\",\"datePublished\":\"2026-03-16T14:14:54+00:00\",\"dateModified\":\"2026-03-16T18:51:34+00:00\",\"mainEntityOfPage\":{\"@id\":\"https:\\\/\\\/diretodasacristia.com\\\/home\\\/leao-xiv\\\/leao-xiv-se-mudou-para-o-sotao-do-palacio\\\/\"},\"wordCount\":2459,\"commentCount\":0,\"publisher\":{\"@id\":\"https:\\\/\\\/diretodasacristia.com\\\/home\\\/#organization\"},\"image\":{\"@id\":\"https:\\\/\\\/diretodasacristia.com\\\/home\\\/leao-xiv\\\/leao-xiv-se-mudou-para-o-sotao-do-palacio\\\/#primaryimage\"},\"thumbnailUrl\":\"https:\\\/\\\/diretodasacristia.com\\\/home\\\/wp-content\\\/uploads\\\/2026\\\/03\\\/cq5dam_1747050241.webp\",\"keywords\":[\"Apostolic Palace\",\"Le\u00e3o XIV\",\"Leo XIV\",\"Leone XIV\",\"Mansard\",\"Mansarda\",\"Novo papa\",\"Pal\u00e1cio Apost\u00f3lico\",\"Palazzo Apostolico\",\"Papa\",\"Sot\u00e3o\",\"Vatican\",\"Vaticano\"],\"articleSection\":[\"Papa\",\"Papa Le\u00e3o XIV\"],\"inLanguage\":\"pt-BR\",\"potentialAction\":[{\"@type\":\"CommentAction\",\"name\":\"Comment\",\"target\":[\"https:\\\/\\\/diretodasacristia.com\\\/home\\\/leao-xiv\\\/leao-xiv-se-mudou-para-o-sotao-do-palacio\\\/#respond\"]}]},{\"@type\":\"WebPage\",\"@id\":\"https:\\\/\\\/diretodasacristia.com\\\/home\\\/leao-xiv\\\/leao-xiv-se-mudou-para-o-sotao-do-palacio\\\/\",\"url\":\"https:\\\/\\\/diretodasacristia.com\\\/home\\\/leao-xiv\\\/leao-xiv-se-mudou-para-o-sotao-do-palacio\\\/\",\"name\":\"Le\u00e3o XIV se mudou para o s\u00f3t\u00e3o do Pal\u00e1cio? - Direto da Sacristia\",\"isPartOf\":{\"@id\":\"https:\\\/\\\/diretodasacristia.com\\\/home\\\/#website\"},\"primaryImageOfPage\":{\"@id\":\"https:\\\/\\\/diretodasacristia.com\\\/home\\\/leao-xiv\\\/leao-xiv-se-mudou-para-o-sotao-do-palacio\\\/#primaryimage\"},\"image\":{\"@id\":\"https:\\\/\\\/diretodasacristia.com\\\/home\\\/leao-xiv\\\/leao-xiv-se-mudou-para-o-sotao-do-palacio\\\/#primaryimage\"},\"thumbnailUrl\":\"https:\\\/\\\/diretodasacristia.com\\\/home\\\/wp-content\\\/uploads\\\/2026\\\/03\\\/cq5dam_1747050241.webp\",\"datePublished\":\"2026-03-16T14:14:54+00:00\",\"dateModified\":\"2026-03-16T18:51:34+00:00\",\"description\":\"No s\u00e1bado, 14 de mar\u00e7o, o Papa Le\u00e3o XIV se mudou definitivamente para o Pal\u00e1cio Apost\u00f3lico: mas ele est\u00e1 morando no terceiro andar ou na cobertura do pr\u00e9dio?\",\"breadcrumb\":{\"@id\":\"https:\\\/\\\/diretodasacristia.com\\\/home\\\/leao-xiv\\\/leao-xiv-se-mudou-para-o-sotao-do-palacio\\\/#breadcrumb\"},\"inLanguage\":\"pt-BR\",\"potentialAction\":[{\"@type\":\"ReadAction\",\"target\":[\"https:\\\/\\\/diretodasacristia.com\\\/home\\\/leao-xiv\\\/leao-xiv-se-mudou-para-o-sotao-do-palacio\\\/\"]}]},{\"@type\":\"ImageObject\",\"inLanguage\":\"pt-BR\",\"@id\":\"https:\\\/\\\/diretodasacristia.com\\\/home\\\/leao-xiv\\\/leao-xiv-se-mudou-para-o-sotao-do-palacio\\\/#primaryimage\",\"url\":\"https:\\\/\\\/diretodasacristia.com\\\/home\\\/wp-content\\\/uploads\\\/2026\\\/03\\\/cq5dam_1747050241.webp\",\"contentUrl\":\"https:\\\/\\\/diretodasacristia.com\\\/home\\\/wp-content\\\/uploads\\\/2026\\\/03\\\/cq5dam_1747050241.webp\",\"width\":600,\"height\":400},{\"@type\":\"BreadcrumbList\",\"@id\":\"https:\\\/\\\/diretodasacristia.com\\\/home\\\/leao-xiv\\\/leao-xiv-se-mudou-para-o-sotao-do-palacio\\\/#breadcrumb\",\"itemListElement\":[{\"@type\":\"ListItem\",\"position\":1,\"name\":\"In\u00edcio\",\"item\":\"https:\\\/\\\/diretodasacristia.com\\\/home\\\/\"},{\"@type\":\"ListItem\",\"position\":2,\"name\":\"Le\u00e3o XIV se mudou para o s\u00f3t\u00e3o do Pal\u00e1cio?\"}]},{\"@type\":\"WebSite\",\"@id\":\"https:\\\/\\\/diretodasacristia.com\\\/home\\\/#website\",\"url\":\"https:\\\/\\\/diretodasacristia.com\\\/home\\\/\",\"name\":\"Direto da Sacristia\",\"description\":\"Not\u00edcias e artigos sobre a f\u00e9 cat\u00f3lica\",\"publisher\":{\"@id\":\"https:\\\/\\\/diretodasacristia.com\\\/home\\\/#organization\"},\"potentialAction\":[{\"@type\":\"SearchAction\",\"target\":{\"@type\":\"EntryPoint\",\"urlTemplate\":\"https:\\\/\\\/diretodasacristia.com\\\/home\\\/?s={search_term_string}\"},\"query-input\":{\"@type\":\"PropertyValueSpecification\",\"valueRequired\":true,\"valueName\":\"search_term_string\"}}],\"inLanguage\":\"pt-BR\"},{\"@type\":\"Organization\",\"@id\":\"https:\\\/\\\/diretodasacristia.com\\\/home\\\/#organization\",\"name\":\"Direto da Sacristia\",\"url\":\"https:\\\/\\\/diretodasacristia.com\\\/home\\\/\",\"logo\":{\"@type\":\"ImageObject\",\"inLanguage\":\"pt-BR\",\"@id\":\"https:\\\/\\\/diretodasacristia.com\\\/home\\\/#\\\/schema\\\/logo\\\/image\\\/\",\"url\":\"https:\\\/\\\/i0.wp.com\\\/diretodasacristia.com\\\/home\\\/wp-content\\\/uploads\\\/2012\\\/01\\\/marca-sacristia.png?fit=320%2C306&ssl=1\",\"contentUrl\":\"https:\\\/\\\/i0.wp.com\\\/diretodasacristia.com\\\/home\\\/wp-content\\\/uploads\\\/2012\\\/01\\\/marca-sacristia.png?fit=320%2C306&ssl=1\",\"width\":\"320\",\"height\":\"306\",\"caption\":\"Direto da Sacristia\"},\"image\":{\"@id\":\"https:\\\/\\\/diretodasacristia.com\\\/home\\\/#\\\/schema\\\/logo\\\/image\\\/\"},\"sameAs\":[\"https:\\\/\\\/www.facebook.com\\\/DiretoSacristia\",\"https:\\\/\\\/x.com\\\/diretosacristia\",\"https:\\\/\\\/www.instagram.com\\\/diretodasacristia\\\/\",\"https:\\\/\\\/www.youtube.com\\\/diretodasacristia\"]},{\"@type\":\"Person\",\"@id\":\"https:\\\/\\\/diretodasacristia.com\\\/home\\\/#\\\/schema\\\/person\\\/bc41acd0dc55e9aeffc38a82da78fdc7\",\"name\":\"Reda\u00e7\u00e3o\",\"image\":{\"@type\":\"ImageObject\",\"inLanguage\":\"pt-BR\",\"@id\":\"https:\\\/\\\/secure.gravatar.com\\\/avatar\\\/ab9d10cf75c6758499a0f90920f81b8c21b85e170b3233a746b1223ef53ebfd7?s=96&d=mm&r=g\",\"url\":\"https:\\\/\\\/secure.gravatar.com\\\/avatar\\\/ab9d10cf75c6758499a0f90920f81b8c21b85e170b3233a746b1223ef53ebfd7?s=96&d=mm&r=g\",\"contentUrl\":\"https:\\\/\\\/secure.gravatar.com\\\/avatar\\\/ab9d10cf75c6758499a0f90920f81b8c21b85e170b3233a746b1223ef53ebfd7?s=96&d=mm&r=g\",\"caption\":\"Reda\u00e7\u00e3o\"},\"url\":\"https:\\\/\\\/diretodasacristia.com\\\/home\\\/author\\\/redacao\\\/\"}]}<\/script>\n<!-- \/ Yoast SEO plugin. -->","yoast_head_json":{"title":"Le\u00e3o XIV se mudou para o s\u00f3t\u00e3o do Pal\u00e1cio? - Direto da Sacristia","description":"No s\u00e1bado, 14 de mar\u00e7o, o Papa Le\u00e3o XIV se mudou definitivamente para o Pal\u00e1cio Apost\u00f3lico: mas ele est\u00e1 morando no terceiro andar ou na cobertura do pr\u00e9dio?","robots":{"index":"index","follow":"follow","max-snippet":"max-snippet:-1","max-image-preview":"max-image-preview:large","max-video-preview":"max-video-preview:-1"},"canonical":"https:\/\/diretodasacristia.com\/home\/leao-xiv\/leao-xiv-se-mudou-para-o-sotao-do-palacio\/","og_locale":"pt_BR","og_type":"article","og_title":"Le\u00e3o XIV se mudou para o s\u00f3t\u00e3o do Pal\u00e1cio? - Direto da Sacristia","og_description":"No s\u00e1bado, 14 de mar\u00e7o, o Papa Le\u00e3o XIV se mudou definitivamente para o Pal\u00e1cio Apost\u00f3lico: mas ele est\u00e1 morando no terceiro andar ou na cobertura do pr\u00e9dio?","og_url":"https:\/\/diretodasacristia.com\/home\/leao-xiv\/leao-xiv-se-mudou-para-o-sotao-do-palacio\/","og_site_name":"Direto da Sacristia","article_publisher":"https:\/\/www.facebook.com\/DiretoSacristia","article_published_time":"2026-03-16T14:14:54+00:00","article_modified_time":"2026-03-16T18:51:34+00:00","og_image":[{"width":600,"height":400,"url":"https:\/\/diretodasacristia.com\/home\/wp-content\/uploads\/2026\/03\/cq5dam_1747050241.webp","type":"image\/webp"}],"author":"Reda\u00e7\u00e3o","twitter_card":"summary_large_image","twitter_creator":"@diretosacristia","twitter_site":"@diretosacristia","twitter_misc":{"Escrito por":"Reda\u00e7\u00e3o","Est. tempo de leitura":"14 minutos"},"schema":{"@context":"https:\/\/schema.org","@graph":[{"@type":"Article","@id":"https:\/\/diretodasacristia.com\/home\/leao-xiv\/leao-xiv-se-mudou-para-o-sotao-do-palacio\/#article","isPartOf":{"@id":"https:\/\/diretodasacristia.com\/home\/leao-xiv\/leao-xiv-se-mudou-para-o-sotao-do-palacio\/"},"author":{"name":"Reda\u00e7\u00e3o","@id":"https:\/\/diretodasacristia.com\/home\/#\/schema\/person\/bc41acd0dc55e9aeffc38a82da78fdc7"},"headline":"Le\u00e3o XIV se mudou para o s\u00f3t\u00e3o do Pal\u00e1cio?","datePublished":"2026-03-16T14:14:54+00:00","dateModified":"2026-03-16T18:51:34+00:00","mainEntityOfPage":{"@id":"https:\/\/diretodasacristia.com\/home\/leao-xiv\/leao-xiv-se-mudou-para-o-sotao-do-palacio\/"},"wordCount":2459,"commentCount":0,"publisher":{"@id":"https:\/\/diretodasacristia.com\/home\/#organization"},"image":{"@id":"https:\/\/diretodasacristia.com\/home\/leao-xiv\/leao-xiv-se-mudou-para-o-sotao-do-palacio\/#primaryimage"},"thumbnailUrl":"https:\/\/diretodasacristia.com\/home\/wp-content\/uploads\/2026\/03\/cq5dam_1747050241.webp","keywords":["Apostolic Palace","Le\u00e3o XIV","Leo XIV","Leone XIV","Mansard","Mansarda","Novo papa","Pal\u00e1cio Apost\u00f3lico","Palazzo Apostolico","Papa","Sot\u00e3o","Vatican","Vaticano"],"articleSection":["Papa","Papa Le\u00e3o XIV"],"inLanguage":"pt-BR","potentialAction":[{"@type":"CommentAction","name":"Comment","target":["https:\/\/diretodasacristia.com\/home\/leao-xiv\/leao-xiv-se-mudou-para-o-sotao-do-palacio\/#respond"]}]},{"@type":"WebPage","@id":"https:\/\/diretodasacristia.com\/home\/leao-xiv\/leao-xiv-se-mudou-para-o-sotao-do-palacio\/","url":"https:\/\/diretodasacristia.com\/home\/leao-xiv\/leao-xiv-se-mudou-para-o-sotao-do-palacio\/","name":"Le\u00e3o XIV se mudou para o s\u00f3t\u00e3o do Pal\u00e1cio? - Direto da Sacristia","isPartOf":{"@id":"https:\/\/diretodasacristia.com\/home\/#website"},"primaryImageOfPage":{"@id":"https:\/\/diretodasacristia.com\/home\/leao-xiv\/leao-xiv-se-mudou-para-o-sotao-do-palacio\/#primaryimage"},"image":{"@id":"https:\/\/diretodasacristia.com\/home\/leao-xiv\/leao-xiv-se-mudou-para-o-sotao-do-palacio\/#primaryimage"},"thumbnailUrl":"https:\/\/diretodasacristia.com\/home\/wp-content\/uploads\/2026\/03\/cq5dam_1747050241.webp","datePublished":"2026-03-16T14:14:54+00:00","dateModified":"2026-03-16T18:51:34+00:00","description":"No s\u00e1bado, 14 de mar\u00e7o, o Papa Le\u00e3o XIV se mudou definitivamente para o Pal\u00e1cio Apost\u00f3lico: mas ele est\u00e1 morando no terceiro andar ou na cobertura do pr\u00e9dio?","breadcrumb":{"@id":"https:\/\/diretodasacristia.com\/home\/leao-xiv\/leao-xiv-se-mudou-para-o-sotao-do-palacio\/#breadcrumb"},"inLanguage":"pt-BR","potentialAction":[{"@type":"ReadAction","target":["https:\/\/diretodasacristia.com\/home\/leao-xiv\/leao-xiv-se-mudou-para-o-sotao-do-palacio\/"]}]},{"@type":"ImageObject","inLanguage":"pt-BR","@id":"https:\/\/diretodasacristia.com\/home\/leao-xiv\/leao-xiv-se-mudou-para-o-sotao-do-palacio\/#primaryimage","url":"https:\/\/diretodasacristia.com\/home\/wp-content\/uploads\/2026\/03\/cq5dam_1747050241.webp","contentUrl":"https:\/\/diretodasacristia.com\/home\/wp-content\/uploads\/2026\/03\/cq5dam_1747050241.webp","width":600,"height":400},{"@type":"BreadcrumbList","@id":"https:\/\/diretodasacristia.com\/home\/leao-xiv\/leao-xiv-se-mudou-para-o-sotao-do-palacio\/#breadcrumb","itemListElement":[{"@type":"ListItem","position":1,"name":"In\u00edcio","item":"https:\/\/diretodasacristia.com\/home\/"},{"@type":"ListItem","position":2,"name":"Le\u00e3o XIV se mudou para o s\u00f3t\u00e3o do Pal\u00e1cio?"}]},{"@type":"WebSite","@id":"https:\/\/diretodasacristia.com\/home\/#website","url":"https:\/\/diretodasacristia.com\/home\/","name":"Direto da Sacristia","description":"Not\u00edcias e artigos sobre a f\u00e9 cat\u00f3lica","publisher":{"@id":"https:\/\/diretodasacristia.com\/home\/#organization"},"potentialAction":[{"@type":"SearchAction","target":{"@type":"EntryPoint","urlTemplate":"https:\/\/diretodasacristia.com\/home\/?s={search_term_string}"},"query-input":{"@type":"PropertyValueSpecification","valueRequired":true,"valueName":"search_term_string"}}],"inLanguage":"pt-BR"},{"@type":"Organization","@id":"https:\/\/diretodasacristia.com\/home\/#organization","name":"Direto da Sacristia","url":"https:\/\/diretodasacristia.com\/home\/","logo":{"@type":"ImageObject","inLanguage":"pt-BR","@id":"https:\/\/diretodasacristia.com\/home\/#\/schema\/logo\/image\/","url":"https:\/\/i0.wp.com\/diretodasacristia.com\/home\/wp-content\/uploads\/2012\/01\/marca-sacristia.png?fit=320%2C306&ssl=1","contentUrl":"https:\/\/i0.wp.com\/diretodasacristia.com\/home\/wp-content\/uploads\/2012\/01\/marca-sacristia.png?fit=320%2C306&ssl=1","width":"320","height":"306","caption":"Direto da Sacristia"},"image":{"@id":"https:\/\/diretodasacristia.com\/home\/#\/schema\/logo\/image\/"},"sameAs":["https:\/\/www.facebook.com\/DiretoSacristia","https:\/\/x.com\/diretosacristia","https:\/\/www.instagram.com\/diretodasacristia\/","https:\/\/www.youtube.com\/diretodasacristia"]},{"@type":"Person","@id":"https:\/\/diretodasacristia.com\/home\/#\/schema\/person\/bc41acd0dc55e9aeffc38a82da78fdc7","name":"Reda\u00e7\u00e3o","image":{"@type":"ImageObject","inLanguage":"pt-BR","@id":"https:\/\/secure.gravatar.com\/avatar\/ab9d10cf75c6758499a0f90920f81b8c21b85e170b3233a746b1223ef53ebfd7?s=96&d=mm&r=g","url":"https:\/\/secure.gravatar.com\/avatar\/ab9d10cf75c6758499a0f90920f81b8c21b85e170b3233a746b1223ef53ebfd7?s=96&d=mm&r=g","contentUrl":"https:\/\/secure.gravatar.com\/avatar\/ab9d10cf75c6758499a0f90920f81b8c21b85e170b3233a746b1223ef53ebfd7?s=96&d=mm&r=g","caption":"Reda\u00e7\u00e3o"},"url":"https:\/\/diretodasacristia.com\/home\/author\/redacao\/"}]}},"jetpack_publicize_connections":[],"jetpack_featured_media_url":"https:\/\/diretodasacristia.com\/home\/wp-content\/uploads\/2026\/03\/cq5dam_1747050241.webp","jetpack_sharing_enabled":true,"jetpack_shortlink":"https:\/\/wp.me\/p24aG7-1lK","jetpack-related-posts":[{"id":5428,"url":"https:\/\/diretodasacristia.com\/home\/curia-romana\/quem-sera-o-novo-prefeito-da-casa-pontificia\/","url_meta":{"origin":5192,"position":0},"title":"Quem ser\u00e1 o novo prefeito da Casa Pontif\u00edcia?","author":"Reda\u00e7\u00e3o","date":"1 de mar\u00e7o de 2026","format":false,"excerpt":"Agora, passados quase dez meses do pontificado do Papa Le\u00e3o XIV, a sucess\u00e3o na Prefeitura volta aos refletores dos vaticanistas, que, baseados nas pr\u00f3prias fontes que falam de acontecimentos que se confirmam ou n\u00e3o.","rel":"","context":"Em &quot;C\u00faria Romana&quot;","block_context":{"text":"C\u00faria Romana","link":"https:\/\/diretodasacristia.com\/home\/c\/curia-romana\/"},"img":{"alt_text":"","src":"https:\/\/i0.wp.com\/diretodasacristia.com\/home\/wp-content\/uploads\/2026\/02\/GI_Leonardo_Sapienza-e1772371105642.jpg?resize=350%2C200&ssl=1","width":350,"height":200,"srcset":"https:\/\/i0.wp.com\/diretodasacristia.com\/home\/wp-content\/uploads\/2026\/02\/GI_Leonardo_Sapienza-e1772371105642.jpg?resize=350%2C200&ssl=1 1x, https:\/\/i0.wp.com\/diretodasacristia.com\/home\/wp-content\/uploads\/2026\/02\/GI_Leonardo_Sapienza-e1772371105642.jpg?resize=525%2C300&ssl=1 1.5x, https:\/\/i0.wp.com\/diretodasacristia.com\/home\/wp-content\/uploads\/2026\/02\/GI_Leonardo_Sapienza-e1772371105642.jpg?resize=700%2C400&ssl=1 2x"},"classes":[]},{"id":5291,"url":"https:\/\/diretodasacristia.com\/home\/leao-xiv\/o-papa-recebe-as-cinzas-quaresmais\/","url_meta":{"origin":5192,"position":1},"title":"O Papa recebe as cinzas quaresmais","author":"Reda\u00e7\u00e3o","date":"18 de fevereiro de 2026","format":false,"excerpt":"Durante a Santa Missa na Bas\u00edlica de Santa Sabina, ap\u00f3s aben\u00e7oar as cinzas, o Papa Le\u00e3o XIV foi o primeiro a receb\u00ea-las sobre a sua cabe\u00e7a.","rel":"","context":"Em &quot;Liturgia&quot;","block_context":{"text":"Liturgia","link":"https:\/\/diretodasacristia.com\/home\/c\/liturgia\/"},"img":{"alt_text":"","src":"https:\/\/i0.wp.com\/diretodasacristia.com\/home\/wp-content\/uploads\/2026\/02\/cq5dam.web_.800.800-59.jpeg?resize=350%2C200&ssl=1","width":350,"height":200,"srcset":"https:\/\/i0.wp.com\/diretodasacristia.com\/home\/wp-content\/uploads\/2026\/02\/cq5dam.web_.800.800-59.jpeg?resize=350%2C200&ssl=1 1x, https:\/\/i0.wp.com\/diretodasacristia.com\/home\/wp-content\/uploads\/2026\/02\/cq5dam.web_.800.800-59.jpeg?resize=525%2C300&ssl=1 1.5x, https:\/\/i0.wp.com\/diretodasacristia.com\/home\/wp-content\/uploads\/2026\/02\/cq5dam.web_.800.800-59.jpeg?resize=700%2C400&ssl=1 2x"},"classes":[]},{"id":5224,"url":"https:\/\/diretodasacristia.com\/home\/papa\/ha-um-ano-um-papa-via-o-seu-sucessor\/","url_meta":{"origin":5192,"position":2},"title":"H\u00e1 um ano, um papa via o seu sucessor","author":"Reda\u00e7\u00e3o","date":"16 de fevereiro de 2026","format":false,"excerpt":"Nem ele, nem Francisco e nem qualquer outro ser humano poderia sequer imaginar que o Papa estava diante daquele que o sucederia em menos de 3 meses. Hoje vemos como era uma curiosa coincid\u00eancia.","rel":"","context":"Em &quot;Cardeais&quot;","block_context":{"text":"Cardeais","link":"https:\/\/diretodasacristia.com\/home\/c\/cardeais\/"},"img":{"alt_text":"","src":"https:\/\/i0.wp.com\/diretodasacristia.com\/home\/wp-content\/uploads\/2026\/02\/cq5dam.web_.800.800-2-1.jpeg?resize=350%2C200&ssl=1","width":350,"height":200,"srcset":"https:\/\/i0.wp.com\/diretodasacristia.com\/home\/wp-content\/uploads\/2026\/02\/cq5dam.web_.800.800-2-1.jpeg?resize=350%2C200&ssl=1 1x, https:\/\/i0.wp.com\/diretodasacristia.com\/home\/wp-content\/uploads\/2026\/02\/cq5dam.web_.800.800-2-1.jpeg?resize=525%2C300&ssl=1 1.5x, https:\/\/i0.wp.com\/diretodasacristia.com\/home\/wp-content\/uploads\/2026\/02\/cq5dam.web_.800.800-2-1.jpeg?resize=700%2C400&ssl=1 2x"},"classes":[]},{"id":5418,"url":"https:\/\/diretodasacristia.com\/home\/curia-romana\/o-cardeal-gambetti-continua-no-seu-cargo\/","url_meta":{"origin":5192,"position":3},"title":"O Cardeal Gambetti continua no seu cargo","author":"Reda\u00e7\u00e3o","date":"28 de fevereiro de 2026","format":false,"excerpt":"Tanto antes da confirma\u00e7\u00e3o \u201cat\u00e9 que se determine o contr\u00e1rio\u201d, quanto agora, fala-se qual poder\u00e1 ser o futuro eclesi\u00e1stico do Cardeal Gambetti: ele \u00e9 jovem, criativo, de iniciativa e com vasta experi\u00eancia administrativa em Assis e no Vaticano","rel":"","context":"Em &quot;C\u00faria Romana&quot;","block_context":{"text":"C\u00faria Romana","link":"https:\/\/diretodasacristia.com\/home\/c\/curia-romana\/"},"img":{"alt_text":"","src":"https:\/\/i0.wp.com\/diretodasacristia.com\/home\/wp-content\/uploads\/2026\/02\/6807d4bdca81f.jpg?resize=350%2C200&ssl=1","width":350,"height":200,"srcset":"https:\/\/i0.wp.com\/diretodasacristia.com\/home\/wp-content\/uploads\/2026\/02\/6807d4bdca81f.jpg?resize=350%2C200&ssl=1 1x, https:\/\/i0.wp.com\/diretodasacristia.com\/home\/wp-content\/uploads\/2026\/02\/6807d4bdca81f.jpg?resize=525%2C300&ssl=1 1.5x"},"classes":[]},{"id":5271,"url":"https:\/\/diretodasacristia.com\/home\/liturgia\/leao-xiv-abre-a-quaresma-em-roma\/","url_meta":{"origin":5192,"position":4},"title":"Le\u00e3o XIV abre a Quaresma em Roma","author":"Reda\u00e7\u00e3o","date":"18 de fevereiro de 2026","format":false,"excerpt":"Nessa Missa, ningu\u00e9m concelebra com o Papa; os cardeais e os bispos permanecem de veste coral e sentados em torno do Papa, na \u00e1bside da bas\u00edlica, os monges beneditinos e os frades dominicanos permanecem na \u00e1rea do presbit\u00e9rio","rel":"","context":"Em &quot;Liturgia&quot;","block_context":{"text":"Liturgia","link":"https:\/\/diretodasacristia.com\/home\/c\/liturgia\/"},"img":{"alt_text":"","src":"https:\/\/i0.wp.com\/diretodasacristia.com\/home\/wp-content\/uploads\/2026\/02\/cq5dam.web_.800.800-54.jpeg?resize=350%2C200&ssl=1","width":350,"height":200,"srcset":"https:\/\/i0.wp.com\/diretodasacristia.com\/home\/wp-content\/uploads\/2026\/02\/cq5dam.web_.800.800-54.jpeg?resize=350%2C200&ssl=1 1x, https:\/\/i0.wp.com\/diretodasacristia.com\/home\/wp-content\/uploads\/2026\/02\/cq5dam.web_.800.800-54.jpeg?resize=525%2C300&ssl=1 1.5x, https:\/\/i0.wp.com\/diretodasacristia.com\/home\/wp-content\/uploads\/2026\/02\/cq5dam.web_.800.800-54.jpeg?resize=700%2C400&ssl=1 2x"},"classes":[]},{"id":5336,"url":"https:\/\/diretodasacristia.com\/home\/liturgia\/leao-xiv-abre-a-quaresma-em-roma-2\/","url_meta":{"origin":5192,"position":5},"title":"Le\u00e3o XIV abre a Quaresma em Roma","author":"Reda\u00e7\u00e3o","date":"18 de fevereiro de 2026","format":false,"excerpt":"No fim da tarde de hoje, o Papa Le\u00e3o XIV presidiu a liturgia de in\u00edcio de Quaresma, celebrando a Missa Solene na Bas\u00edlica de Santa Sabina, na colina do Aventino.Conforme a secular tradi\u00e7\u00e3o romana, a Missa iniciou-se em outra igreja, a abacial de Santo Anselmo, sede da abadia primacial beneditina\u2026","rel":"","context":"Em &quot;Liturgia&quot;","block_context":{"text":"Liturgia","link":"https:\/\/diretodasacristia.com\/home\/c\/liturgia\/"},"img":{"alt_text":"","src":"","width":0,"height":0},"classes":[]}],"post_mailing_queue_ids":[],"_links":{"self":[{"href":"https:\/\/diretodasacristia.com\/home\/wp-json\/wp\/v2\/posts\/5192","targetHints":{"allow":["GET"]}}],"collection":[{"href":"https:\/\/diretodasacristia.com\/home\/wp-json\/wp\/v2\/posts"}],"about":[{"href":"https:\/\/diretodasacristia.com\/home\/wp-json\/wp\/v2\/types\/post"}],"author":[{"embeddable":true,"href":"https:\/\/diretodasacristia.com\/home\/wp-json\/wp\/v2\/users\/47"}],"replies":[{"embeddable":true,"href":"https:\/\/diretodasacristia.com\/home\/wp-json\/wp\/v2\/comments?post=5192"}],"version-history":[{"count":10,"href":"https:\/\/diretodasacristia.com\/home\/wp-json\/wp\/v2\/posts\/5192\/revisions"}],"predecessor-version":[{"id":5549,"href":"https:\/\/diretodasacristia.com\/home\/wp-json\/wp\/v2\/posts\/5192\/revisions\/5549"}],"wp:featuredmedia":[{"embeddable":true,"href":"https:\/\/diretodasacristia.com\/home\/wp-json\/wp\/v2\/media\/5539"}],"wp:attachment":[{"href":"https:\/\/diretodasacristia.com\/home\/wp-json\/wp\/v2\/media?parent=5192"}],"wp:term":[{"taxonomy":"category","embeddable":true,"href":"https:\/\/diretodasacristia.com\/home\/wp-json\/wp\/v2\/categories?post=5192"},{"taxonomy":"post_tag","embeddable":true,"href":"https:\/\/diretodasacristia.com\/home\/wp-json\/wp\/v2\/tags?post=5192"}],"curies":[{"name":"wp","href":"https:\/\/api.w.org\/{rel}","templated":true}]}}