{"id":5550,"date":"2026-03-19T08:16:32","date_gmt":"2026-03-19T11:16:32","guid":{"rendered":"https:\/\/diretodasacristia.com\/home\/?p=5550"},"modified":"2026-03-19T08:16:47","modified_gmt":"2026-03-19T11:16:47","slug":"por-que-se-celebra-sao-jose-em-19-de-marco","status":"publish","type":"post","link":"https:\/\/diretodasacristia.com\/home\/liturgia\/por-que-se-celebra-sao-jose-em-19-de-marco\/","title":{"rendered":"Por que se celebra S\u00e3o Jos\u00e9 em 19 de mar\u00e7o?"},"content":{"rendered":"<p style=\"text-align: justify;\">Foi no s\u00e9culo XV que fixaram para este dia a solenidade do Pai putativo de Jesus, pois <strong>se acredita que nele aconteceu a sua morte<\/strong>. Entre os gregos (provavelmente antes do Grande Cisma), S\u00e3o Jos\u00e9 j\u00e1 era celebrado desde antes, mas no dia 20 de julho. Para n\u00f3s, cat\u00f3licos, o dia foi fixado em 19 de mar\u00e7o e a reforma lit\u00fargica do Conc\u00edlio de Trento n\u00e3o alterou em nada, o mesmo fez a reforma do Vaticano II.<\/p>\n<p style=\"text-align: justify;\">Tamb\u00e9m se interpreta a escolha deste dia em vista da proximidade da Solenidade da Anuncia\u00e7\u00e3o do Senhor, que \u00e9 celebrada em 25 de mar\u00e7o.<\/p>\n<p style=\"text-align: justify;\">A Beata Catarina Emmerich teve vis\u00f5es que <strong>o corpo<\/strong> de S\u00e3o Jos\u00e9 foi sepultado em Bel\u00e9m e <strong>estaria incorrupto<\/strong>. Por outro lado, uma devo\u00e7\u00e3o acredita que tamb\u00e9m ele foi assunto ao c\u00e9u em corpo e alma. Nem uma e nem outra linha \u00e9 confirmada pela Igreja.<\/p>\n<p style=\"text-align: justify;\">S\u00e3o Jos\u00e9 tamb\u00e9m \u00e9 celebrado pela sua profiss\u00e3o de carpinteiro no dia 1\u00b0 de maio, dia internacional do trabalho. Essa segunda festa foi institu\u00edda em 1955 pelo Papa Pio XII para honrar o padroeiro dos trabalhadores e dar um sentido crist\u00e3o ao dia.<\/p>\n","protected":false},"excerpt":{"rendered":"Foi no s\u00e9culo XV que fixaram para este dia a solenidade do Pai putativo de Jesus; a reforma lit\u00fargica do Conc\u00edlio de Trento n\u00e3o alterou em nada, o mesmo fez a reforma do Vaticano II.","protected":false},"author":47,"featured_media":5553,"comment_status":"open","ping_status":"open","sticky":false,"template":"","format":"standard","meta":{"jetpack_post_was_ever_published":false,"_jetpack_newsletter_access":"","_jetpack_dont_email_post_to_subs":false,"_jetpack_newsletter_tier_id":0,"_jetpack_memberships_contains_paywalled_content":false,"_jetpack_memberships_contains_paid_content":false,"_joinchat":[],"footnotes":"","jetpack_publicize_message":"","jetpack_publicize_feature_enabled":true,"jetpack_social_post_already_shared":true,"jetpack_social_options":{"image_generator_settings":{"template":"highway","default_image_id":0,"font":"","enabled":false},"version":2}},"categories":[20,30],"tags":[909,913,911,533,910,504,130,908,149,912],"class_list":["post-5550","post","type-post","status-publish","format-standard","has-post-thumbnail","hentry","category-liturgia","category-santos","tag-19-de-marco","tag-corpo-de-sao-jose","tag-festa-de-sao-jose","tag-liturgia","tag-march-19h","tag-missal-romano","tag-quaresma","tag-saint-joseph","tag-sao-jose","tag-solenidade"],"yoast_head":"<!-- This site is optimized with the Yoast SEO plugin v27.4 - https:\/\/yoast.com\/product\/yoast-seo-wordpress\/ -->\n<title>Por que se celebra S\u00e3o Jos\u00e9 em 19 de mar\u00e7o? - Direto da Sacristia<\/title>\n<meta name=\"robots\" content=\"index, follow, max-snippet:-1, max-image-preview:large, max-video-preview:-1\" \/>\n<link rel=\"canonical\" href=\"https:\/\/diretodasacristia.com\/home\/liturgia\/por-que-se-celebra-sao-jose-em-19-de-marco\/\" \/>\n<meta property=\"og:locale\" content=\"pt_BR\" \/>\n<meta property=\"og:type\" content=\"article\" \/>\n<meta property=\"og:title\" content=\"Por que se celebra S\u00e3o Jos\u00e9 em 19 de mar\u00e7o? - Direto da Sacristia\" \/>\n<meta property=\"og:description\" content=\"Foi no s\u00e9culo XV que fixaram para este dia a solenidade do Pai putativo de Jesus; a reforma lit\u00fargica do Conc\u00edlio de Trento n\u00e3o alterou em nada, o mesmo fez a reforma do Vaticano II.\" \/>\n<meta property=\"og:url\" content=\"https:\/\/diretodasacristia.com\/home\/liturgia\/por-que-se-celebra-sao-jose-em-19-de-marco\/\" \/>\n<meta property=\"og:site_name\" content=\"Direto da Sacristia\" \/>\n<meta property=\"article:publisher\" content=\"https:\/\/www.facebook.com\/DiretoSacristia\" \/>\n<meta property=\"article:published_time\" content=\"2026-03-19T11:16:32+00:00\" \/>\n<meta property=\"article:modified_time\" content=\"2026-03-19T11:16:47+00:00\" \/>\n<meta property=\"og:image\" content=\"https:\/\/diretodasacristia.com\/home\/wp-content\/uploads\/2026\/03\/San_Jose_-_Alonso_Miguel_de_Tovar.jpg\" \/>\n\t<meta property=\"og:image:width\" content=\"756\" \/>\n\t<meta property=\"og:image:height\" content=\"371\" \/>\n\t<meta property=\"og:image:type\" content=\"image\/jpeg\" \/>\n<meta name=\"author\" content=\"Reda\u00e7\u00e3o\" \/>\n<meta name=\"twitter:card\" content=\"summary_large_image\" \/>\n<meta name=\"twitter:creator\" content=\"@diretosacristia\" \/>\n<meta name=\"twitter:site\" content=\"@diretosacristia\" \/>\n<meta name=\"twitter:label1\" content=\"Escrito por\" \/>\n\t<meta name=\"twitter:data1\" content=\"Reda\u00e7\u00e3o\" \/>\n\t<meta name=\"twitter:label2\" content=\"Est. tempo de leitura\" \/>\n\t<meta name=\"twitter:data2\" content=\"2 minutos\" \/>\n<script type=\"application\/ld+json\" class=\"yoast-schema-graph\">{\"@context\":\"https:\\\/\\\/schema.org\",\"@graph\":[{\"@type\":\"Article\",\"@id\":\"https:\\\/\\\/diretodasacristia.com\\\/home\\\/liturgia\\\/por-que-se-celebra-sao-jose-em-19-de-marco\\\/#article\",\"isPartOf\":{\"@id\":\"https:\\\/\\\/diretodasacristia.com\\\/home\\\/liturgia\\\/por-que-se-celebra-sao-jose-em-19-de-marco\\\/\"},\"author\":{\"name\":\"Reda\u00e7\u00e3o\",\"@id\":\"https:\\\/\\\/diretodasacristia.com\\\/home\\\/#\\\/schema\\\/person\\\/bc41acd0dc55e9aeffc38a82da78fdc7\"},\"headline\":\"Por que se celebra S\u00e3o Jos\u00e9 em 19 de mar\u00e7o?\",\"datePublished\":\"2026-03-19T11:16:32+00:00\",\"dateModified\":\"2026-03-19T11:16:47+00:00\",\"mainEntityOfPage\":{\"@id\":\"https:\\\/\\\/diretodasacristia.com\\\/home\\\/liturgia\\\/por-que-se-celebra-sao-jose-em-19-de-marco\\\/\"},\"wordCount\":215,\"commentCount\":0,\"publisher\":{\"@id\":\"https:\\\/\\\/diretodasacristia.com\\\/home\\\/#organization\"},\"image\":{\"@id\":\"https:\\\/\\\/diretodasacristia.com\\\/home\\\/liturgia\\\/por-que-se-celebra-sao-jose-em-19-de-marco\\\/#primaryimage\"},\"thumbnailUrl\":\"https:\\\/\\\/diretodasacristia.com\\\/home\\\/wp-content\\\/uploads\\\/2026\\\/03\\\/San_Jose_-_Alonso_Miguel_de_Tovar.jpg\",\"keywords\":[\"19 de mar\u00e7o\",\"Corpo de S\u00e3o Jos\u00e9\",\"Festa de S\u00e3o Jos\u00e9\",\"Liturgia\",\"March 19h\",\"Missal Romano\",\"Quaresma\",\"Saint Joseph\",\"S\u00e3o Jos\u00e9\",\"Solenidade\"],\"articleSection\":[\"Liturgia\",\"Santos\"],\"inLanguage\":\"pt-BR\",\"potentialAction\":[{\"@type\":\"CommentAction\",\"name\":\"Comment\",\"target\":[\"https:\\\/\\\/diretodasacristia.com\\\/home\\\/liturgia\\\/por-que-se-celebra-sao-jose-em-19-de-marco\\\/#respond\"]}]},{\"@type\":\"WebPage\",\"@id\":\"https:\\\/\\\/diretodasacristia.com\\\/home\\\/liturgia\\\/por-que-se-celebra-sao-jose-em-19-de-marco\\\/\",\"url\":\"https:\\\/\\\/diretodasacristia.com\\\/home\\\/liturgia\\\/por-que-se-celebra-sao-jose-em-19-de-marco\\\/\",\"name\":\"Por que se celebra S\u00e3o Jos\u00e9 em 19 de mar\u00e7o? - Direto da Sacristia\",\"isPartOf\":{\"@id\":\"https:\\\/\\\/diretodasacristia.com\\\/home\\\/#website\"},\"primaryImageOfPage\":{\"@id\":\"https:\\\/\\\/diretodasacristia.com\\\/home\\\/liturgia\\\/por-que-se-celebra-sao-jose-em-19-de-marco\\\/#primaryimage\"},\"image\":{\"@id\":\"https:\\\/\\\/diretodasacristia.com\\\/home\\\/liturgia\\\/por-que-se-celebra-sao-jose-em-19-de-marco\\\/#primaryimage\"},\"thumbnailUrl\":\"https:\\\/\\\/diretodasacristia.com\\\/home\\\/wp-content\\\/uploads\\\/2026\\\/03\\\/San_Jose_-_Alonso_Miguel_de_Tovar.jpg\",\"datePublished\":\"2026-03-19T11:16:32+00:00\",\"dateModified\":\"2026-03-19T11:16:47+00:00\",\"breadcrumb\":{\"@id\":\"https:\\\/\\\/diretodasacristia.com\\\/home\\\/liturgia\\\/por-que-se-celebra-sao-jose-em-19-de-marco\\\/#breadcrumb\"},\"inLanguage\":\"pt-BR\",\"potentialAction\":[{\"@type\":\"ReadAction\",\"target\":[\"https:\\\/\\\/diretodasacristia.com\\\/home\\\/liturgia\\\/por-que-se-celebra-sao-jose-em-19-de-marco\\\/\"]}]},{\"@type\":\"ImageObject\",\"inLanguage\":\"pt-BR\",\"@id\":\"https:\\\/\\\/diretodasacristia.com\\\/home\\\/liturgia\\\/por-que-se-celebra-sao-jose-em-19-de-marco\\\/#primaryimage\",\"url\":\"https:\\\/\\\/diretodasacristia.com\\\/home\\\/wp-content\\\/uploads\\\/2026\\\/03\\\/San_Jose_-_Alonso_Miguel_de_Tovar.jpg\",\"contentUrl\":\"https:\\\/\\\/diretodasacristia.com\\\/home\\\/wp-content\\\/uploads\\\/2026\\\/03\\\/San_Jose_-_Alonso_Miguel_de_Tovar.jpg\",\"width\":756,\"height\":371,\"caption\":\"*\"},{\"@type\":\"BreadcrumbList\",\"@id\":\"https:\\\/\\\/diretodasacristia.com\\\/home\\\/liturgia\\\/por-que-se-celebra-sao-jose-em-19-de-marco\\\/#breadcrumb\",\"itemListElement\":[{\"@type\":\"ListItem\",\"position\":1,\"name\":\"In\u00edcio\",\"item\":\"https:\\\/\\\/diretodasacristia.com\\\/home\\\/\"},{\"@type\":\"ListItem\",\"position\":2,\"name\":\"Por que se celebra S\u00e3o Jos\u00e9 em 19 de mar\u00e7o?\"}]},{\"@type\":\"WebSite\",\"@id\":\"https:\\\/\\\/diretodasacristia.com\\\/home\\\/#website\",\"url\":\"https:\\\/\\\/diretodasacristia.com\\\/home\\\/\",\"name\":\"Direto da Sacristia\",\"description\":\"Not\u00edcias e artigos sobre a f\u00e9 cat\u00f3lica\",\"publisher\":{\"@id\":\"https:\\\/\\\/diretodasacristia.com\\\/home\\\/#organization\"},\"potentialAction\":[{\"@type\":\"SearchAction\",\"target\":{\"@type\":\"EntryPoint\",\"urlTemplate\":\"https:\\\/\\\/diretodasacristia.com\\\/home\\\/?s={search_term_string}\"},\"query-input\":{\"@type\":\"PropertyValueSpecification\",\"valueRequired\":true,\"valueName\":\"search_term_string\"}}],\"inLanguage\":\"pt-BR\"},{\"@type\":\"Organization\",\"@id\":\"https:\\\/\\\/diretodasacristia.com\\\/home\\\/#organization\",\"name\":\"Direto da Sacristia\",\"url\":\"https:\\\/\\\/diretodasacristia.com\\\/home\\\/\",\"logo\":{\"@type\":\"ImageObject\",\"inLanguage\":\"pt-BR\",\"@id\":\"https:\\\/\\\/diretodasacristia.com\\\/home\\\/#\\\/schema\\\/logo\\\/image\\\/\",\"url\":\"https:\\\/\\\/i0.wp.com\\\/diretodasacristia.com\\\/home\\\/wp-content\\\/uploads\\\/2012\\\/01\\\/marca-sacristia.png?fit=320%2C306&ssl=1\",\"contentUrl\":\"https:\\\/\\\/i0.wp.com\\\/diretodasacristia.com\\\/home\\\/wp-content\\\/uploads\\\/2012\\\/01\\\/marca-sacristia.png?fit=320%2C306&ssl=1\",\"width\":\"320\",\"height\":\"306\",\"caption\":\"Direto da Sacristia\"},\"image\":{\"@id\":\"https:\\\/\\\/diretodasacristia.com\\\/home\\\/#\\\/schema\\\/logo\\\/image\\\/\"},\"sameAs\":[\"https:\\\/\\\/www.facebook.com\\\/DiretoSacristia\",\"https:\\\/\\\/x.com\\\/diretosacristia\",\"https:\\\/\\\/www.instagram.com\\\/diretodasacristia\\\/\",\"https:\\\/\\\/www.youtube.com\\\/diretodasacristia\"]},{\"@type\":\"Person\",\"@id\":\"https:\\\/\\\/diretodasacristia.com\\\/home\\\/#\\\/schema\\\/person\\\/bc41acd0dc55e9aeffc38a82da78fdc7\",\"name\":\"Reda\u00e7\u00e3o\",\"image\":{\"@type\":\"ImageObject\",\"inLanguage\":\"pt-BR\",\"@id\":\"https:\\\/\\\/secure.gravatar.com\\\/avatar\\\/ab9d10cf75c6758499a0f90920f81b8c21b85e170b3233a746b1223ef53ebfd7?s=96&d=mm&r=g\",\"url\":\"https:\\\/\\\/secure.gravatar.com\\\/avatar\\\/ab9d10cf75c6758499a0f90920f81b8c21b85e170b3233a746b1223ef53ebfd7?s=96&d=mm&r=g\",\"contentUrl\":\"https:\\\/\\\/secure.gravatar.com\\\/avatar\\\/ab9d10cf75c6758499a0f90920f81b8c21b85e170b3233a746b1223ef53ebfd7?s=96&d=mm&r=g\",\"caption\":\"Reda\u00e7\u00e3o\"},\"url\":\"https:\\\/\\\/diretodasacristia.com\\\/home\\\/author\\\/redacao\\\/\"}]}<\/script>\n<!-- \/ Yoast SEO plugin. -->","yoast_head_json":{"title":"Por que se celebra S\u00e3o Jos\u00e9 em 19 de mar\u00e7o? - Direto da Sacristia","robots":{"index":"index","follow":"follow","max-snippet":"max-snippet:-1","max-image-preview":"max-image-preview:large","max-video-preview":"max-video-preview:-1"},"canonical":"https:\/\/diretodasacristia.com\/home\/liturgia\/por-que-se-celebra-sao-jose-em-19-de-marco\/","og_locale":"pt_BR","og_type":"article","og_title":"Por que se celebra S\u00e3o Jos\u00e9 em 19 de mar\u00e7o? - Direto da Sacristia","og_description":"Foi no s\u00e9culo XV que fixaram para este dia a solenidade do Pai putativo de Jesus; a reforma lit\u00fargica do Conc\u00edlio de Trento n\u00e3o alterou em nada, o mesmo fez a reforma do Vaticano II.","og_url":"https:\/\/diretodasacristia.com\/home\/liturgia\/por-que-se-celebra-sao-jose-em-19-de-marco\/","og_site_name":"Direto da Sacristia","article_publisher":"https:\/\/www.facebook.com\/DiretoSacristia","article_published_time":"2026-03-19T11:16:32+00:00","article_modified_time":"2026-03-19T11:16:47+00:00","og_image":[{"width":756,"height":371,"url":"https:\/\/diretodasacristia.com\/home\/wp-content\/uploads\/2026\/03\/San_Jose_-_Alonso_Miguel_de_Tovar.jpg","type":"image\/jpeg"}],"author":"Reda\u00e7\u00e3o","twitter_card":"summary_large_image","twitter_creator":"@diretosacristia","twitter_site":"@diretosacristia","twitter_misc":{"Escrito por":"Reda\u00e7\u00e3o","Est. tempo de leitura":"2 minutos"},"schema":{"@context":"https:\/\/schema.org","@graph":[{"@type":"Article","@id":"https:\/\/diretodasacristia.com\/home\/liturgia\/por-que-se-celebra-sao-jose-em-19-de-marco\/#article","isPartOf":{"@id":"https:\/\/diretodasacristia.com\/home\/liturgia\/por-que-se-celebra-sao-jose-em-19-de-marco\/"},"author":{"name":"Reda\u00e7\u00e3o","@id":"https:\/\/diretodasacristia.com\/home\/#\/schema\/person\/bc41acd0dc55e9aeffc38a82da78fdc7"},"headline":"Por que se celebra S\u00e3o Jos\u00e9 em 19 de mar\u00e7o?","datePublished":"2026-03-19T11:16:32+00:00","dateModified":"2026-03-19T11:16:47+00:00","mainEntityOfPage":{"@id":"https:\/\/diretodasacristia.com\/home\/liturgia\/por-que-se-celebra-sao-jose-em-19-de-marco\/"},"wordCount":215,"commentCount":0,"publisher":{"@id":"https:\/\/diretodasacristia.com\/home\/#organization"},"image":{"@id":"https:\/\/diretodasacristia.com\/home\/liturgia\/por-que-se-celebra-sao-jose-em-19-de-marco\/#primaryimage"},"thumbnailUrl":"https:\/\/diretodasacristia.com\/home\/wp-content\/uploads\/2026\/03\/San_Jose_-_Alonso_Miguel_de_Tovar.jpg","keywords":["19 de mar\u00e7o","Corpo de S\u00e3o Jos\u00e9","Festa de S\u00e3o Jos\u00e9","Liturgia","March 19h","Missal Romano","Quaresma","Saint Joseph","S\u00e3o Jos\u00e9","Solenidade"],"articleSection":["Liturgia","Santos"],"inLanguage":"pt-BR","potentialAction":[{"@type":"CommentAction","name":"Comment","target":["https:\/\/diretodasacristia.com\/home\/liturgia\/por-que-se-celebra-sao-jose-em-19-de-marco\/#respond"]}]},{"@type":"WebPage","@id":"https:\/\/diretodasacristia.com\/home\/liturgia\/por-que-se-celebra-sao-jose-em-19-de-marco\/","url":"https:\/\/diretodasacristia.com\/home\/liturgia\/por-que-se-celebra-sao-jose-em-19-de-marco\/","name":"Por que se celebra S\u00e3o Jos\u00e9 em 19 de mar\u00e7o? - Direto da Sacristia","isPartOf":{"@id":"https:\/\/diretodasacristia.com\/home\/#website"},"primaryImageOfPage":{"@id":"https:\/\/diretodasacristia.com\/home\/liturgia\/por-que-se-celebra-sao-jose-em-19-de-marco\/#primaryimage"},"image":{"@id":"https:\/\/diretodasacristia.com\/home\/liturgia\/por-que-se-celebra-sao-jose-em-19-de-marco\/#primaryimage"},"thumbnailUrl":"https:\/\/diretodasacristia.com\/home\/wp-content\/uploads\/2026\/03\/San_Jose_-_Alonso_Miguel_de_Tovar.jpg","datePublished":"2026-03-19T11:16:32+00:00","dateModified":"2026-03-19T11:16:47+00:00","breadcrumb":{"@id":"https:\/\/diretodasacristia.com\/home\/liturgia\/por-que-se-celebra-sao-jose-em-19-de-marco\/#breadcrumb"},"inLanguage":"pt-BR","potentialAction":[{"@type":"ReadAction","target":["https:\/\/diretodasacristia.com\/home\/liturgia\/por-que-se-celebra-sao-jose-em-19-de-marco\/"]}]},{"@type":"ImageObject","inLanguage":"pt-BR","@id":"https:\/\/diretodasacristia.com\/home\/liturgia\/por-que-se-celebra-sao-jose-em-19-de-marco\/#primaryimage","url":"https:\/\/diretodasacristia.com\/home\/wp-content\/uploads\/2026\/03\/San_Jose_-_Alonso_Miguel_de_Tovar.jpg","contentUrl":"https:\/\/diretodasacristia.com\/home\/wp-content\/uploads\/2026\/03\/San_Jose_-_Alonso_Miguel_de_Tovar.jpg","width":756,"height":371,"caption":"*"},{"@type":"BreadcrumbList","@id":"https:\/\/diretodasacristia.com\/home\/liturgia\/por-que-se-celebra-sao-jose-em-19-de-marco\/#breadcrumb","itemListElement":[{"@type":"ListItem","position":1,"name":"In\u00edcio","item":"https:\/\/diretodasacristia.com\/home\/"},{"@type":"ListItem","position":2,"name":"Por que se celebra S\u00e3o Jos\u00e9 em 19 de mar\u00e7o?"}]},{"@type":"WebSite","@id":"https:\/\/diretodasacristia.com\/home\/#website","url":"https:\/\/diretodasacristia.com\/home\/","name":"Direto da Sacristia","description":"Not\u00edcias e artigos sobre a f\u00e9 cat\u00f3lica","publisher":{"@id":"https:\/\/diretodasacristia.com\/home\/#organization"},"potentialAction":[{"@type":"SearchAction","target":{"@type":"EntryPoint","urlTemplate":"https:\/\/diretodasacristia.com\/home\/?s={search_term_string}"},"query-input":{"@type":"PropertyValueSpecification","valueRequired":true,"valueName":"search_term_string"}}],"inLanguage":"pt-BR"},{"@type":"Organization","@id":"https:\/\/diretodasacristia.com\/home\/#organization","name":"Direto da Sacristia","url":"https:\/\/diretodasacristia.com\/home\/","logo":{"@type":"ImageObject","inLanguage":"pt-BR","@id":"https:\/\/diretodasacristia.com\/home\/#\/schema\/logo\/image\/","url":"https:\/\/i0.wp.com\/diretodasacristia.com\/home\/wp-content\/uploads\/2012\/01\/marca-sacristia.png?fit=320%2C306&ssl=1","contentUrl":"https:\/\/i0.wp.com\/diretodasacristia.com\/home\/wp-content\/uploads\/2012\/01\/marca-sacristia.png?fit=320%2C306&ssl=1","width":"320","height":"306","caption":"Direto da Sacristia"},"image":{"@id":"https:\/\/diretodasacristia.com\/home\/#\/schema\/logo\/image\/"},"sameAs":["https:\/\/www.facebook.com\/DiretoSacristia","https:\/\/x.com\/diretosacristia","https:\/\/www.instagram.com\/diretodasacristia\/","https:\/\/www.youtube.com\/diretodasacristia"]},{"@type":"Person","@id":"https:\/\/diretodasacristia.com\/home\/#\/schema\/person\/bc41acd0dc55e9aeffc38a82da78fdc7","name":"Reda\u00e7\u00e3o","image":{"@type":"ImageObject","inLanguage":"pt-BR","@id":"https:\/\/secure.gravatar.com\/avatar\/ab9d10cf75c6758499a0f90920f81b8c21b85e170b3233a746b1223ef53ebfd7?s=96&d=mm&r=g","url":"https:\/\/secure.gravatar.com\/avatar\/ab9d10cf75c6758499a0f90920f81b8c21b85e170b3233a746b1223ef53ebfd7?s=96&d=mm&r=g","contentUrl":"https:\/\/secure.gravatar.com\/avatar\/ab9d10cf75c6758499a0f90920f81b8c21b85e170b3233a746b1223ef53ebfd7?s=96&d=mm&r=g","caption":"Reda\u00e7\u00e3o"},"url":"https:\/\/diretodasacristia.com\/home\/author\/redacao\/"}]}},"jetpack_publicize_connections":[],"jetpack_featured_media_url":"https:\/\/diretodasacristia.com\/home\/wp-content\/uploads\/2026\/03\/San_Jose_-_Alonso_Miguel_de_Tovar.jpg","jetpack_sharing_enabled":true,"jetpack_shortlink":"https:\/\/wp.me\/p24aG7-1rw","jetpack-related-posts":[{"id":2602,"url":"https:\/\/diretodasacristia.com\/home\/santos\/festa-de-sao-lourenco\/","url_meta":{"origin":5550,"position":0},"title":"Festa de S\u00e3o Louren\u00e7o","author":"E. Mar\u00e7al","date":"10 de agosto de 2010","format":false,"excerpt":"Santo do dia: Festa de S\u00e3o Louren\u00e7o, Di\u00e1cono e M\u00e1rtir da Igreja de Roma Ao santo hoje festejado na Sagrada Liturgia, existem v\u00e1rias igrejas dedicadas, n\u00e3o s\u00f3 em Roma - onde \u00e9 not\u00f3ria a devo\u00e7\u00e3o dos peregrinos, como tamb\u00e9m em toda a Cristandade. Contudo, a Bas\u00edlica de S\u00e3o Louren\u00e7o Fora-dos-muros\u2026","rel":"","context":"Em &quot;Santos&quot;","block_context":{"text":"Santos","link":"https:\/\/diretodasacristia.com\/home\/c\/santos\/"},"img":{"alt_text":"","src":"","width":0,"height":0},"classes":[]},{"id":3447,"url":"https:\/\/diretodasacristia.com\/home\/boletim-santa-se\/novo-bispo-de-sao-jose-do-rio-preto\/","url_meta":{"origin":5550,"position":1},"title":"Novo Bispo de S\u00e3o Jos\u00e9 do Rio Preto","author":"E. Mar\u00e7al","date":"26 de setembro de 2012","format":false,"excerpt":"O Santo Padre Bento XVI nomeou como bispo da diocese de S\u00e3o Jos\u00e9 do Rio Preto S.E.R. Dom Tom\u00e9 Ferreira da Silva, at\u00e9 ent\u00e3o Auxiliar da Arquidiocese de S\u00e3o Paulo.","rel":"","context":"Em &quot;Boletim Santa S\u00e9&quot;","block_context":{"text":"Boletim Santa S\u00e9","link":"https:\/\/diretodasacristia.com\/home\/c\/boletim-santa-se\/"},"img":{"alt_text":"","src":"https:\/\/i0.wp.com\/diretodasacristia.com\/home\/wp-content\/uploads\/2012\/09\/Dom-Tome-Ferreira-Bote-Fe-1024x705.jpg?resize=350%2C200","width":350,"height":200,"srcset":"https:\/\/i0.wp.com\/diretodasacristia.com\/home\/wp-content\/uploads\/2012\/09\/Dom-Tome-Ferreira-Bote-Fe-1024x705.jpg?resize=350%2C200 1x, https:\/\/i0.wp.com\/diretodasacristia.com\/home\/wp-content\/uploads\/2012\/09\/Dom-Tome-Ferreira-Bote-Fe-1024x705.jpg?resize=525%2C300 1.5x"},"classes":[]},{"id":2585,"url":"https:\/\/diretodasacristia.com\/home\/brasil\/nova-basilica-no-brasil\/","url_meta":{"origin":5550,"position":2},"title":"Nova Bas\u00edlica no Brasil","author":"E. Mar\u00e7al","date":"17 de agosto de 2010","format":false,"excerpt":"\u00a0 Instala\u00e7\u00e3o da Bas\u00edlica Menor de Nossa Senhora do Patroc\u00ednio Araras - SP Fachada da Bas\u00edlica Menor Nossa Senhora do Patroc\u00ednio No \u00faltimo dia 15 de agosto, na cidade de Araras, S\u00e3o Paulo, a igreja paroquial Nossa Senhora do Patroc\u00ednio foi elevada ao t\u00edtulo de Bas\u00edlica Menor, durante a Solenidade\u2026","rel":"","context":"Em &quot;Brasil&quot;","block_context":{"text":"Brasil","link":"https:\/\/diretodasacristia.com\/home\/c\/brasil\/"},"img":{"alt_text":"","src":"","width":0,"height":0},"classes":[]},{"id":2444,"url":"https:\/\/diretodasacristia.com\/home\/liturgia\/arcebispos-brasileiros-que-amanha-recebem-o-palio-2\/","url_meta":{"origin":5550,"position":3},"title":"Arcebispos brasileiros que amanh\u00e3 recebem o p\u00e1lio","author":"E. Mar\u00e7al","date":"28 de junho de 2011","format":false,"excerpt":"Elenco presente no livreto da Capela Papal na Solenidade dos Santos Ap\u00f3stolos \u00a0 Ordem segundo a data de nomea\u00e7\u00e3o: 1. Dom Pedro Brito Guimar\u00e3es Arcebispo de Palmas nomeado em 20 outubro 2010 57 anos 2. Dom Murilo Sebasti\u00e3o Ramos Krieger Arcebispo de S\u00e3o Salvador da Bahia nomeado em 12 janeiro\u2026","rel":"","context":"Em &quot;Liturgia&quot;","block_context":{"text":"Liturgia","link":"https:\/\/diretodasacristia.com\/home\/c\/liturgia\/"},"img":{"alt_text":"","src":"https:\/\/i0.wp.com\/www.jornaldogarcia.com.br\/wp-content\/themes\/7ins\/images\/Dom-H%C3%A9lio-ok-300x274.jpg?resize=350%2C200","width":350,"height":200},"classes":[]},{"id":1630,"url":"https:\/\/diretodasacristia.com\/home\/liturgia\/ordenacoes-presbiterais-de-arautos-do-evangelho\/","url_meta":{"origin":5550,"position":4},"title":"Ordena\u00e7\u00f5es presbiterais de Arautos do Evangelho","author":"E. Mar\u00e7al","date":"17 de mar\u00e7o de 2012","format":false,"excerpt":"Na pr\u00f3xima segunda-feira, Solenidade de S\u00e3o Jos\u00e9, Patrono da Igreja universal e Chefe da Sagrada Fam\u00edlia, 15 di\u00e1conos dos Arautos do Evangelho ser\u00e3o ordenados sacerdotes da santa Igreja em Missa presidida por Sua Ex.cia Dom Benedito Beni dos Santos, Bispo de Lorena. O Rev.do Di\u00e1c. Casale com familiares logo ap\u00f3s\u2026","rel":"","context":"Em &quot;Destaque&quot;","block_context":{"text":"Destaque","link":"https:\/\/diretodasacristia.com\/home\/c\/destaque\/"},"img":{"alt_text":"","src":"https:\/\/i0.wp.com\/diretodasacristia.com\/home\/wp-content\/uploads\/2012\/03\/Casale-21.jpg?resize=350%2C200&ssl=1","width":350,"height":200,"srcset":"https:\/\/i0.wp.com\/diretodasacristia.com\/home\/wp-content\/uploads\/2012\/03\/Casale-21.jpg?resize=350%2C200&ssl=1 1x, https:\/\/i0.wp.com\/diretodasacristia.com\/home\/wp-content\/uploads\/2012\/03\/Casale-21.jpg?resize=525%2C300&ssl=1 1.5x, https:\/\/i0.wp.com\/diretodasacristia.com\/home\/wp-content\/uploads\/2012\/03\/Casale-21.jpg?resize=700%2C400&ssl=1 2x"},"classes":[]},{"id":2479,"url":"https:\/\/diretodasacristia.com\/home\/sem-categoria\/novo-arcebispo-primaz-do-brasil-2\/","url_meta":{"origin":5550,"position":5},"title":"Novo Arcebispo Primaz do Brasil","author":"E. Mar\u00e7al","date":"12 de janeiro de 2011","format":false,"excerpt":"Do boletim da Sala de Imprensa da Santa S\u00e9 Dom Murilo Krieger sucede ao Cardeal Geraldo Majella Agnelo O Santo Padre Bento XVI aceitou o pedido de ren\u00fancia ao governo pastoral da Arquidiocese de S\u00e3o Salvador da Bahia (Brasil) apresentada por Sua Em.cia Rev.ma o Senhor Cardeal Geraldo Magella Agnelo,\u2026","rel":"","context":"Em &quot;Sem categoria&quot;","block_context":{"text":"Sem categoria","link":"https:\/\/diretodasacristia.com\/home\/c\/sem-categoria\/"},"img":{"alt_text":"","src":"","width":0,"height":0},"classes":[]}],"post_mailing_queue_ids":[],"_links":{"self":[{"href":"https:\/\/diretodasacristia.com\/home\/wp-json\/wp\/v2\/posts\/5550","targetHints":{"allow":["GET"]}}],"collection":[{"href":"https:\/\/diretodasacristia.com\/home\/wp-json\/wp\/v2\/posts"}],"about":[{"href":"https:\/\/diretodasacristia.com\/home\/wp-json\/wp\/v2\/types\/post"}],"author":[{"embeddable":true,"href":"https:\/\/diretodasacristia.com\/home\/wp-json\/wp\/v2\/users\/47"}],"replies":[{"embeddable":true,"href":"https:\/\/diretodasacristia.com\/home\/wp-json\/wp\/v2\/comments?post=5550"}],"version-history":[{"count":3,"href":"https:\/\/diretodasacristia.com\/home\/wp-json\/wp\/v2\/posts\/5550\/revisions"}],"predecessor-version":[{"id":5555,"href":"https:\/\/diretodasacristia.com\/home\/wp-json\/wp\/v2\/posts\/5550\/revisions\/5555"}],"wp:featuredmedia":[{"embeddable":true,"href":"https:\/\/diretodasacristia.com\/home\/wp-json\/wp\/v2\/media\/5553"}],"wp:attachment":[{"href":"https:\/\/diretodasacristia.com\/home\/wp-json\/wp\/v2\/media?parent=5550"}],"wp:term":[{"taxonomy":"category","embeddable":true,"href":"https:\/\/diretodasacristia.com\/home\/wp-json\/wp\/v2\/categories?post=5550"},{"taxonomy":"post_tag","embeddable":true,"href":"https:\/\/diretodasacristia.com\/home\/wp-json\/wp\/v2\/tags?post=5550"}],"curies":[{"name":"wp","href":"https:\/\/api.w.org\/{rel}","templated":true}]}}