{"id":598,"date":"2012-02-08T23:27:44","date_gmt":"2012-02-09T02:27:44","guid":{"rendered":"http:\/\/diretodasacristia.com\/home\/?p=598"},"modified":"2012-02-12T21:46:13","modified_gmt":"2012-02-13T00:46:13","slug":"venda-de-livros-proibida-e-possivel-nuncio-no-brasil","status":"publish","type":"post","link":"https:\/\/diretodasacristia.com\/home\/noticias\/venda-de-livros-proibida-e-possivel-nuncio-no-brasil\/","title":{"rendered":"Venda de livros proibida e poss\u00edvel N\u00fancio no Brasil"},"content":{"rendered":"<p><strong>1.<\/strong> Com informa\u00e7\u00f5es do <a href=\"http:\/\/www.ihu.unisinos.br\/noticias\/506277-vaticano-manda-recolher-livros-sobre-sexualidade-e-diversidade-familiar\">Humanitas Unisinos<\/a><\/p>\n<p>&nbsp;<\/p>\n<p style=\"text-align: center;\"><a href=\"https:\/\/diretodasacristia.com\/home\/wp-content\/uploads\/2012\/02\/Cardeal-William-Levada-2.jpg\"><img loading=\"lazy\" decoding=\"async\" class=\"aligncenter  wp-image-600\" title=\"Cardeal William Levada\" src=\"https:\/\/diretodasacristia.com\/home\/wp-content\/uploads\/2012\/02\/Cardeal-William-Levada-2.jpg\" alt=\"\" width=\"416\" height=\"277\" srcset=\"https:\/\/diretodasacristia.com\/home\/wp-content\/uploads\/2012\/02\/Cardeal-William-Levada-2.jpg 594w, https:\/\/diretodasacristia.com\/home\/wp-content\/uploads\/2012\/02\/Cardeal-William-Levada-2-300x200.jpg 300w\" sizes=\"auto, (max-width: 416px) 100vw, 416px\" \/><\/a><\/p>\n<p style=\"text-align: center;\">\u00a0<em>Cardeal Levada. Ordem dada, ordem obedecida<\/em><\/p>\n<p style=\"text-align: justify;\">Uma surpresa de um quase-<em>Index<\/em> em nossos dias e para quem pensa que o Vaticano n\u00e3o interfere ainda hoje nas publica\u00e7\u00f5es vendidas em livrarias cat\u00f3licas:<\/p>\n<p style=\"text-align: center;\"><a href=\"http:\/\/3.bp.blogspot.com\/-bTgDQUF9cs4\/TwubqrSnWWI\/AAAAAAAAE38\/_GQXOQcXskk\/s1600\/1283451330911_foto_isedet.JPG\"><img loading=\"lazy\" decoding=\"async\" class=\"aligncenter\" title=\"Pablo Ferrer\" src=\"http:\/\/3.bp.blogspot.com\/-bTgDQUF9cs4\/TwubqrSnWWI\/AAAAAAAAE38\/_GQXOQcXskk\/s1600\/1283451330911_foto_isedet.JPG\" alt=\"\" width=\"326\" height=\"327\" \/><\/a><\/p>\n<p style=\"text-align: center;\"><em>O metodista argentino Pablo Ferrer. <\/em><\/p>\n<p style=\"text-align: center;\"><em>Seus escritos nem precisam mais de uma condena\u00e7\u00e3o expl\u00edcita da Igreja<\/em><\/p>\n<p style=\"text-align: center;\"><em>J\u00e1 \u00e9 condenado ao ser metodista e, entre outras coisas, n\u00e3o cr\u00ea na transubstancia\u00e7\u00e3o<\/em><\/p>\n<p style=\"text-align: justify;\">O Cardeal Levada, Prefeito da Congrega\u00e7\u00e3o para a Doutrina da F\u00e9, recebeu de cat\u00f3licos conservadores argentinos sobre os livros &#8220;Casais e a Sexualidade na comunidade de Corinto&#8221;, do pastor metodista argentino Pablo Ferrer e &#8220;Sexualidade e Condi\u00e7\u00e3o Homossexual na Moral Crist\u00e3&#8221;, do te\u00f3logo redentorista espanhol Marciano Vidal, j\u00e1 condenado em 2001 em Teologia Moral &#8211; ambos publicados na Argentina pela conhecid\u00edssima Editora San Pablo, no Brasil, <em>Paulus<\/em>. O livro de Ferrer afirma que as comunidades crist\u00e3s primitivas foram espa\u00e7o de busca e debate; entre os assuntos discutidos, estaria a forma de viver em casal, porque Jesus abriu novas possibilidades. O pastor metodista acredita ainda que &#8220;n\u00e3o h\u00e1 \u00a0um \u00fanico modelo de fam\u00edlia e a Sagrada Fam\u00edlia n\u00e3o \u00e9 o \u00fanico modelo&#8221;, e que foi devido a essas coloca\u00e7\u00f5es suas que o Vaticano censurou seus livros. O que aconteceu em em 05 de novembro passado, quando o Cardeal Levada ordenou ao superior geral dos Padres e Irm\u00e3os Paulinos, o Rev.do Pe. Silvio Sassi, a &#8220;remediar o quanto antes a situa\u00e7\u00e3o, que \u00e9 causa de confus\u00e3o entre os fi\u00e9is, e informar a este dicast\u00e9rio as medidas que forem adotadas&#8221;.<\/p>\n<p style=\"text-align: justify;\">N\u00e3o precisamos dizer que n\u00e3o faltaram duras respostas \u00e0 justa censura dos livros. Andrea Hojman, diretora da cole\u00e7\u00e3o Trilhas B\u00edblicas da <em>San Paolo<\/em>, disse que sentiu &#8220;uma mistura de estranheza, dor, absurdo, vergonha&#8221; e, em carta de r\u00e9plica, garantiu que tal decis\u00e3o da Santa S\u00e9 lembra &#8220;dos anos de terror e obscuridade que vivemos na Argentina durante a \u00faltima ditadura c\u00edvica-militar-religiosa&#8221; e ainda evocou uma concilia\u00e7\u00e3o entre as decis\u00f5es da Igreja e as democracias civis. Ela, por\u00e9m, esquece-se que a f\u00e9 n\u00e3o \u00e9 democr\u00e1tica; nem muito menos o governo da Igreja \u00e9 democr\u00e1tico, Sra. Hojman.<\/p>\n<p style=\"text-align: center;\"><img loading=\"lazy\" decoding=\"async\" class=\"aligncenter\" title=\"Marciano Vidal\" src=\"http:\/\/www.elcorreo.com\/vizcaya\/prensa\/noticias\/200911\/26\/fotos\/4168632.jpg\" alt=\"\" width=\"300\" height=\"373\" \/><\/p>\n<p style=\"text-align: center;\"><em>O redentorista espanhol Marciano Vidal. De teologia duvidosa.<\/em><\/p>\n<p style=\"text-align: justify;\">Enquanto que os exemplares dos ditos livros desapareceram das prateleiras da <em>Paulus<\/em> argentina, segundo a ordem do superior geral, aqui no Brasil o livro de Marciano Vidal est\u00e1 na terceira edi\u00e7\u00e3o pela Editora Santu\u00e1rio, a mesma que publica a maioria dos documentos da Confer\u00eancia Episcopal dos Bispos do Brasil. Talvez em terras onde h\u00e1 anos imperam o pensamento de Frei Betto, Leonardo Boff e cia. e que, em busca de renova\u00e7\u00e3o e novos adeptos, debandam para a ecoteologia, livros sobre novos modelos de fam\u00edlias n\u00e3o impressionem muito.<\/p>\n<p style=\"text-align: center;\"><a href=\"http:\/\/catholiccambodia.org\/files\/2010\/09\/New-Image.jpg\"><img loading=\"lazy\" decoding=\"async\" class=\"alignnone\" title=\"Arcebispo Giovanni D\u00b4Aniello\" src=\"http:\/\/catholiccambodia.org\/files\/2010\/09\/New-Image.jpg\" alt=\"\" width=\"341\" height=\"350\" \/><\/a><\/p>\n<p style=\"text-align: center;\"><em>D\u00b4Aniello N\u00fancio no Brasil?<\/em><\/p>\n<p style=\"text-align: justify;\"><strong>2.<\/strong> Segundo o <a href=\"http:\/\/oblatvs.blogspot.com\/2012\/02\/novo-nuncio-para-o-brasil.html\">Oblatus<\/a>, o Governo brasileiro j\u00e1 aprovou o nome do novo N\u00fancio Apost\u00f3lico no Brasil. Ele seria o Arcebispo Giovanni D\u00b4Aniello, de 57 anos, atualmente em miss\u00e3o apost\u00f3lica no Camboja e na Tail\u00e2ndia. A Nunciatura nos Estados Unidos da Am\u00e9rica, que tem a tutela das nomea\u00e7\u00f5es para 227 circunscri\u00e7\u00f5es eclesi\u00e1sticas, esteve vacante por quase 3 meses; todavia, tudo indica que a Nunciatura no Brasil, para a qual respondem 275 circunscri\u00e7\u00f5es e da qual 30 aguardar\u00e3o nomea\u00e7\u00f5es (algumas desde antes, outras, a partir deste ano), mal entrar\u00e1 em seu primeiro m\u00eas de vac\u00e2ncia (n.e. A nomea\u00e7\u00e3o de Dom Lorenzo Baldisseri para a Secretaria da Congrega\u00e7\u00e3o para os Bispos foi publicada em 11 de janeiro). \u00a0Aguardemos!<\/p>\n<p style=\"text-align: center;\"><a href=\"http:\/\/conciliaria.com\/wp-content\/uploads\/2011\/12\/john_xxiii_san_paolo_1959.jpg\"><img loading=\"lazy\" decoding=\"async\" class=\"aligncenter\" title=\"Jo\u00e3o XXIII na cerim\u00f4nia onde anunciou a convoca\u00e7\u00e3o do Vaticano II\" src=\"http:\/\/conciliaria.com\/wp-content\/uploads\/2011\/12\/john_xxiii_san_paolo_1959.jpg\" alt=\"\" width=\"480\" height=\"360\" \/><\/a><\/p>\n<p style=\"text-align: justify;\"><strong>3. <\/strong>Com informa\u00e7\u00f5es do <a href=\"http:\/\/www.ihu.unisinos.br\/noticias\/506313-o-horror-curial-perante-o-anuncio-do-concilio-de-joao-xxiii\">Humanitas Unisinos<\/a><\/p>\n<p style=\"text-align: justify;\">Passou despercebido, mas em 25 de janeiro passado fez 50 anos que o Beato Jo\u00e3o XXIII convocou 18 cardeais da C\u00faria Romana para acompanh\u00e1-lo a uma cerim\u00f4nia na Bas\u00edlica Papal de S\u00e3o Paulo Fora-dos-muros, onde 1892 anos antes S\u00e3o Paulo fora martirizado. L\u00e1, diante da surpresa de alguns, que o haviam eleito apenas para car\u00e1ter interino e descansarem dos 19 anos movimentad\u00edssimos de Pio XII, o Papa ent\u00e3o reinante anunciou que pretendia convocar um Conc\u00edlio ecum\u00eanico. O pr\u00f3prio Jo\u00e3o XXIII posteriormente disse que &#8220;um sil\u00eancio devoto e impressionante&#8221; reinou na Bas\u00edlica, ao que ele esperava sugest\u00f5es e aprova\u00e7\u00e3o de sua parte.<\/p>\n<p style=\"text-align: justify;\">Como sempre acontece, e sem querermos fazer eco \u00e0s perp\u00e9tuas cr\u00edticas \u00e0 C\u00faria, ela prontamente preparou desde ent\u00e3o 10 comiss\u00f5es e 70 documentos para que os Padres Conciliares apenas os aprovassem e, t\u00e3o r\u00e1pido quanto vieram a Roma, voltassem para as suas terras. N\u00e3o foi o que aconteceu de fato: sucederam-se 3 anos de trabalhos, com 4 sess\u00f5es de 3 meses cada uma, na presen\u00e7a de 2.500 prelados de todo o mundo. E eles plantaram v\u00e1rias sementes em um s\u00f3 lugar, cuja \u00e1rvore ainda causa discuss\u00f5es contra aqueles que a querem sobreposta \u00e0s outras que sempre estar\u00e3o no campo da Igreja.<\/p>\n","protected":false},"excerpt":{"rendered":"1. Com informa\u00e7\u00f5es do Humanitas Unisinos &nbsp; \u00a0Cardeal Levada. Ordem dada, ordem obedecida Uma surpresa de um quase-Index em nossos dias e para quem pensa que o Vaticano n\u00e3o interfere ainda hoje nas publica\u00e7\u00f5es vendidas em livrarias cat\u00f3licas: O metodista argentino Pablo Ferrer. Seus escritos nem precisam mais de uma condena\u00e7\u00e3o expl\u00edcita da Igreja J\u00e1&#8230; <a class=\"view-article\" href=\"https:\/\/diretodasacristia.com\/home\/noticias\/venda-de-livros-proibida-e-possivel-nuncio-no-brasil\/\">Ver artigo<\/a>","protected":false},"author":3,"featured_media":0,"comment_status":"open","ping_status":"open","sticky":false,"template":"","format":"standard","meta":{"jetpack_post_was_ever_published":false,"_jetpack_newsletter_access":"","_jetpack_dont_email_post_to_subs":false,"_jetpack_newsletter_tier_id":0,"_jetpack_memberships_contains_paywalled_content":false,"_jetpack_memberships_contains_paid_content":false,"_joinchat":[],"footnotes":"","jetpack_publicize_message":"","jetpack_publicize_feature_enabled":true,"jetpack_social_post_already_shared":false,"jetpack_social_options":{"image_generator_settings":{"template":"highway","default_image_id":0,"font":"","enabled":false},"version":2}},"categories":[41,37,24],"tags":[57,58,59,60,49],"class_list":["post-598","post","type-post","status-publish","format-standard","hentry","category-curtas","category-destaque","category-noticias","tag-index","tag-livros","tag-nuncio","tag-paulus","tag-vaticano"],"yoast_head":"<!-- This site is optimized with the Yoast SEO plugin v27.4 - https:\/\/yoast.com\/product\/yoast-seo-wordpress\/ -->\n<title>Venda de livros proibida e poss\u00edvel N\u00fancio no Brasil - Direto da Sacristia<\/title>\n<meta name=\"robots\" content=\"index, follow, max-snippet:-1, max-image-preview:large, max-video-preview:-1\" \/>\n<link rel=\"canonical\" href=\"https:\/\/diretodasacristia.com\/home\/noticias\/venda-de-livros-proibida-e-possivel-nuncio-no-brasil\/\" \/>\n<meta property=\"og:locale\" content=\"pt_BR\" \/>\n<meta property=\"og:type\" content=\"article\" \/>\n<meta property=\"og:title\" content=\"Venda de livros proibida e poss\u00edvel N\u00fancio no Brasil - Direto da Sacristia\" \/>\n<meta property=\"og:description\" content=\"1. Com informa\u00e7\u00f5es do Humanitas Unisinos &nbsp; \u00a0Cardeal Levada. Ordem dada, ordem obedecida Uma surpresa de um quase-Index em nossos dias e para quem pensa que o Vaticano n\u00e3o interfere ainda hoje nas publica\u00e7\u00f5es vendidas em livrarias cat\u00f3licas: O metodista argentino Pablo Ferrer. Seus escritos nem precisam mais de uma condena\u00e7\u00e3o expl\u00edcita da Igreja J\u00e1... Ver artigo\" \/>\n<meta property=\"og:url\" content=\"https:\/\/diretodasacristia.com\/home\/noticias\/venda-de-livros-proibida-e-possivel-nuncio-no-brasil\/\" \/>\n<meta property=\"og:site_name\" content=\"Direto da Sacristia\" \/>\n<meta property=\"article:publisher\" content=\"https:\/\/www.facebook.com\/DiretoSacristia\" \/>\n<meta property=\"article:published_time\" content=\"2012-02-09T02:27:44+00:00\" \/>\n<meta property=\"article:modified_time\" content=\"2012-02-13T00:46:13+00:00\" \/>\n<meta property=\"og:image\" content=\"http:\/\/diretodasacristia.com\/home\/wp-content\/uploads\/2012\/02\/Cardeal-William-Levada-2.jpg\" \/>\n<meta name=\"author\" content=\"E. Mar\u00e7al\" \/>\n<meta name=\"twitter:card\" content=\"summary_large_image\" \/>\n<meta name=\"twitter:creator\" content=\"@diretosacristia\" \/>\n<meta name=\"twitter:site\" content=\"@diretosacristia\" \/>\n<meta name=\"twitter:label1\" content=\"Escrito por\" \/>\n\t<meta name=\"twitter:data1\" content=\"E. Mar\u00e7al\" \/>\n\t<meta name=\"twitter:label2\" content=\"Est. tempo de leitura\" \/>\n\t<meta name=\"twitter:data2\" content=\"4 minutos\" \/>\n<script type=\"application\/ld+json\" class=\"yoast-schema-graph\">{\"@context\":\"https:\\\/\\\/schema.org\",\"@graph\":[{\"@type\":\"Article\",\"@id\":\"https:\\\/\\\/diretodasacristia.com\\\/home\\\/noticias\\\/venda-de-livros-proibida-e-possivel-nuncio-no-brasil\\\/#article\",\"isPartOf\":{\"@id\":\"https:\\\/\\\/diretodasacristia.com\\\/home\\\/noticias\\\/venda-de-livros-proibida-e-possivel-nuncio-no-brasil\\\/\"},\"author\":{\"name\":\"E. Mar\u00e7al\",\"@id\":\"https:\\\/\\\/diretodasacristia.com\\\/home\\\/#\\\/schema\\\/person\\\/3d453ef1f7d57c0bb0990b8070642721\"},\"headline\":\"Venda de livros proibida e poss\u00edvel N\u00fancio no Brasil\",\"datePublished\":\"2012-02-09T02:27:44+00:00\",\"dateModified\":\"2012-02-13T00:46:13+00:00\",\"mainEntityOfPage\":{\"@id\":\"https:\\\/\\\/diretodasacristia.com\\\/home\\\/noticias\\\/venda-de-livros-proibida-e-possivel-nuncio-no-brasil\\\/\"},\"wordCount\":852,\"commentCount\":2,\"publisher\":{\"@id\":\"https:\\\/\\\/diretodasacristia.com\\\/home\\\/#organization\"},\"image\":{\"@id\":\"https:\\\/\\\/diretodasacristia.com\\\/home\\\/noticias\\\/venda-de-livros-proibida-e-possivel-nuncio-no-brasil\\\/#primaryimage\"},\"thumbnailUrl\":\"http:\\\/\\\/diretodasacristia.com\\\/home\\\/wp-content\\\/uploads\\\/2012\\\/02\\\/Cardeal-William-Levada-2.jpg\",\"keywords\":[\"Index\",\"livros\",\"N\u00fancio\",\"Paulus\",\"Vaticano\"],\"articleSection\":[\"Curtas\",\"Destaque\",\"Not\u00edcias\"],\"inLanguage\":\"pt-BR\",\"potentialAction\":[{\"@type\":\"CommentAction\",\"name\":\"Comment\",\"target\":[\"https:\\\/\\\/diretodasacristia.com\\\/home\\\/noticias\\\/venda-de-livros-proibida-e-possivel-nuncio-no-brasil\\\/#respond\"]}]},{\"@type\":\"WebPage\",\"@id\":\"https:\\\/\\\/diretodasacristia.com\\\/home\\\/noticias\\\/venda-de-livros-proibida-e-possivel-nuncio-no-brasil\\\/\",\"url\":\"https:\\\/\\\/diretodasacristia.com\\\/home\\\/noticias\\\/venda-de-livros-proibida-e-possivel-nuncio-no-brasil\\\/\",\"name\":\"Venda de livros proibida e poss\u00edvel N\u00fancio no Brasil - Direto da Sacristia\",\"isPartOf\":{\"@id\":\"https:\\\/\\\/diretodasacristia.com\\\/home\\\/#website\"},\"primaryImageOfPage\":{\"@id\":\"https:\\\/\\\/diretodasacristia.com\\\/home\\\/noticias\\\/venda-de-livros-proibida-e-possivel-nuncio-no-brasil\\\/#primaryimage\"},\"image\":{\"@id\":\"https:\\\/\\\/diretodasacristia.com\\\/home\\\/noticias\\\/venda-de-livros-proibida-e-possivel-nuncio-no-brasil\\\/#primaryimage\"},\"thumbnailUrl\":\"http:\\\/\\\/diretodasacristia.com\\\/home\\\/wp-content\\\/uploads\\\/2012\\\/02\\\/Cardeal-William-Levada-2.jpg\",\"datePublished\":\"2012-02-09T02:27:44+00:00\",\"dateModified\":\"2012-02-13T00:46:13+00:00\",\"breadcrumb\":{\"@id\":\"https:\\\/\\\/diretodasacristia.com\\\/home\\\/noticias\\\/venda-de-livros-proibida-e-possivel-nuncio-no-brasil\\\/#breadcrumb\"},\"inLanguage\":\"pt-BR\",\"potentialAction\":[{\"@type\":\"ReadAction\",\"target\":[\"https:\\\/\\\/diretodasacristia.com\\\/home\\\/noticias\\\/venda-de-livros-proibida-e-possivel-nuncio-no-brasil\\\/\"]}]},{\"@type\":\"ImageObject\",\"inLanguage\":\"pt-BR\",\"@id\":\"https:\\\/\\\/diretodasacristia.com\\\/home\\\/noticias\\\/venda-de-livros-proibida-e-possivel-nuncio-no-brasil\\\/#primaryimage\",\"url\":\"http:\\\/\\\/diretodasacristia.com\\\/home\\\/wp-content\\\/uploads\\\/2012\\\/02\\\/Cardeal-William-Levada-2.jpg\",\"contentUrl\":\"http:\\\/\\\/diretodasacristia.com\\\/home\\\/wp-content\\\/uploads\\\/2012\\\/02\\\/Cardeal-William-Levada-2.jpg\"},{\"@type\":\"BreadcrumbList\",\"@id\":\"https:\\\/\\\/diretodasacristia.com\\\/home\\\/noticias\\\/venda-de-livros-proibida-e-possivel-nuncio-no-brasil\\\/#breadcrumb\",\"itemListElement\":[{\"@type\":\"ListItem\",\"position\":1,\"name\":\"In\u00edcio\",\"item\":\"https:\\\/\\\/diretodasacristia.com\\\/home\\\/\"},{\"@type\":\"ListItem\",\"position\":2,\"name\":\"Venda de livros proibida e poss\u00edvel N\u00fancio no Brasil\"}]},{\"@type\":\"WebSite\",\"@id\":\"https:\\\/\\\/diretodasacristia.com\\\/home\\\/#website\",\"url\":\"https:\\\/\\\/diretodasacristia.com\\\/home\\\/\",\"name\":\"Direto da Sacristia\",\"description\":\"Not\u00edcias e artigos sobre a f\u00e9 cat\u00f3lica\",\"publisher\":{\"@id\":\"https:\\\/\\\/diretodasacristia.com\\\/home\\\/#organization\"},\"potentialAction\":[{\"@type\":\"SearchAction\",\"target\":{\"@type\":\"EntryPoint\",\"urlTemplate\":\"https:\\\/\\\/diretodasacristia.com\\\/home\\\/?s={search_term_string}\"},\"query-input\":{\"@type\":\"PropertyValueSpecification\",\"valueRequired\":true,\"valueName\":\"search_term_string\"}}],\"inLanguage\":\"pt-BR\"},{\"@type\":\"Organization\",\"@id\":\"https:\\\/\\\/diretodasacristia.com\\\/home\\\/#organization\",\"name\":\"Direto da Sacristia\",\"url\":\"https:\\\/\\\/diretodasacristia.com\\\/home\\\/\",\"logo\":{\"@type\":\"ImageObject\",\"inLanguage\":\"pt-BR\",\"@id\":\"https:\\\/\\\/diretodasacristia.com\\\/home\\\/#\\\/schema\\\/logo\\\/image\\\/\",\"url\":\"https:\\\/\\\/i0.wp.com\\\/diretodasacristia.com\\\/home\\\/wp-content\\\/uploads\\\/2012\\\/01\\\/marca-sacristia.png?fit=320%2C306&ssl=1\",\"contentUrl\":\"https:\\\/\\\/i0.wp.com\\\/diretodasacristia.com\\\/home\\\/wp-content\\\/uploads\\\/2012\\\/01\\\/marca-sacristia.png?fit=320%2C306&ssl=1\",\"width\":\"320\",\"height\":\"306\",\"caption\":\"Direto da Sacristia\"},\"image\":{\"@id\":\"https:\\\/\\\/diretodasacristia.com\\\/home\\\/#\\\/schema\\\/logo\\\/image\\\/\"},\"sameAs\":[\"https:\\\/\\\/www.facebook.com\\\/DiretoSacristia\",\"https:\\\/\\\/x.com\\\/diretosacristia\",\"https:\\\/\\\/www.instagram.com\\\/diretodasacristia\\\/\",\"https:\\\/\\\/www.youtube.com\\\/diretodasacristia\"]},{\"@type\":\"Person\",\"@id\":\"https:\\\/\\\/diretodasacristia.com\\\/home\\\/#\\\/schema\\\/person\\\/3d453ef1f7d57c0bb0990b8070642721\",\"name\":\"E. Mar\u00e7al\",\"image\":{\"@type\":\"ImageObject\",\"inLanguage\":\"pt-BR\",\"@id\":\"https:\\\/\\\/secure.gravatar.com\\\/avatar\\\/348ff80a5ddde3de6c8b6e0c5b066b733f9245285d9ab87cd2e2ff652ffa95b0?s=96&d=mm&r=g\",\"url\":\"https:\\\/\\\/secure.gravatar.com\\\/avatar\\\/348ff80a5ddde3de6c8b6e0c5b066b733f9245285d9ab87cd2e2ff652ffa95b0?s=96&d=mm&r=g\",\"contentUrl\":\"https:\\\/\\\/secure.gravatar.com\\\/avatar\\\/348ff80a5ddde3de6c8b6e0c5b066b733f9245285d9ab87cd2e2ff652ffa95b0?s=96&d=mm&r=g\",\"caption\":\"E. Mar\u00e7al\"},\"url\":\"https:\\\/\\\/diretodasacristia.com\\\/home\\\/author\\\/erick\\\/\"}]}<\/script>\n<!-- \/ Yoast SEO plugin. -->","yoast_head_json":{"title":"Venda de livros proibida e poss\u00edvel N\u00fancio no Brasil - Direto da Sacristia","robots":{"index":"index","follow":"follow","max-snippet":"max-snippet:-1","max-image-preview":"max-image-preview:large","max-video-preview":"max-video-preview:-1"},"canonical":"https:\/\/diretodasacristia.com\/home\/noticias\/venda-de-livros-proibida-e-possivel-nuncio-no-brasil\/","og_locale":"pt_BR","og_type":"article","og_title":"Venda de livros proibida e poss\u00edvel N\u00fancio no Brasil - Direto da Sacristia","og_description":"1. Com informa\u00e7\u00f5es do Humanitas Unisinos &nbsp; \u00a0Cardeal Levada. Ordem dada, ordem obedecida Uma surpresa de um quase-Index em nossos dias e para quem pensa que o Vaticano n\u00e3o interfere ainda hoje nas publica\u00e7\u00f5es vendidas em livrarias cat\u00f3licas: O metodista argentino Pablo Ferrer. Seus escritos nem precisam mais de uma condena\u00e7\u00e3o expl\u00edcita da Igreja J\u00e1... Ver artigo","og_url":"https:\/\/diretodasacristia.com\/home\/noticias\/venda-de-livros-proibida-e-possivel-nuncio-no-brasil\/","og_site_name":"Direto da Sacristia","article_publisher":"https:\/\/www.facebook.com\/DiretoSacristia","article_published_time":"2012-02-09T02:27:44+00:00","article_modified_time":"2012-02-13T00:46:13+00:00","og_image":[{"url":"http:\/\/diretodasacristia.com\/home\/wp-content\/uploads\/2012\/02\/Cardeal-William-Levada-2.jpg","type":"","width":"","height":""}],"author":"E. Mar\u00e7al","twitter_card":"summary_large_image","twitter_creator":"@diretosacristia","twitter_site":"@diretosacristia","twitter_misc":{"Escrito por":"E. Mar\u00e7al","Est. tempo de leitura":"4 minutos"},"schema":{"@context":"https:\/\/schema.org","@graph":[{"@type":"Article","@id":"https:\/\/diretodasacristia.com\/home\/noticias\/venda-de-livros-proibida-e-possivel-nuncio-no-brasil\/#article","isPartOf":{"@id":"https:\/\/diretodasacristia.com\/home\/noticias\/venda-de-livros-proibida-e-possivel-nuncio-no-brasil\/"},"author":{"name":"E. Mar\u00e7al","@id":"https:\/\/diretodasacristia.com\/home\/#\/schema\/person\/3d453ef1f7d57c0bb0990b8070642721"},"headline":"Venda de livros proibida e poss\u00edvel N\u00fancio no Brasil","datePublished":"2012-02-09T02:27:44+00:00","dateModified":"2012-02-13T00:46:13+00:00","mainEntityOfPage":{"@id":"https:\/\/diretodasacristia.com\/home\/noticias\/venda-de-livros-proibida-e-possivel-nuncio-no-brasil\/"},"wordCount":852,"commentCount":2,"publisher":{"@id":"https:\/\/diretodasacristia.com\/home\/#organization"},"image":{"@id":"https:\/\/diretodasacristia.com\/home\/noticias\/venda-de-livros-proibida-e-possivel-nuncio-no-brasil\/#primaryimage"},"thumbnailUrl":"http:\/\/diretodasacristia.com\/home\/wp-content\/uploads\/2012\/02\/Cardeal-William-Levada-2.jpg","keywords":["Index","livros","N\u00fancio","Paulus","Vaticano"],"articleSection":["Curtas","Destaque","Not\u00edcias"],"inLanguage":"pt-BR","potentialAction":[{"@type":"CommentAction","name":"Comment","target":["https:\/\/diretodasacristia.com\/home\/noticias\/venda-de-livros-proibida-e-possivel-nuncio-no-brasil\/#respond"]}]},{"@type":"WebPage","@id":"https:\/\/diretodasacristia.com\/home\/noticias\/venda-de-livros-proibida-e-possivel-nuncio-no-brasil\/","url":"https:\/\/diretodasacristia.com\/home\/noticias\/venda-de-livros-proibida-e-possivel-nuncio-no-brasil\/","name":"Venda de livros proibida e poss\u00edvel N\u00fancio no Brasil - Direto da Sacristia","isPartOf":{"@id":"https:\/\/diretodasacristia.com\/home\/#website"},"primaryImageOfPage":{"@id":"https:\/\/diretodasacristia.com\/home\/noticias\/venda-de-livros-proibida-e-possivel-nuncio-no-brasil\/#primaryimage"},"image":{"@id":"https:\/\/diretodasacristia.com\/home\/noticias\/venda-de-livros-proibida-e-possivel-nuncio-no-brasil\/#primaryimage"},"thumbnailUrl":"http:\/\/diretodasacristia.com\/home\/wp-content\/uploads\/2012\/02\/Cardeal-William-Levada-2.jpg","datePublished":"2012-02-09T02:27:44+00:00","dateModified":"2012-02-13T00:46:13+00:00","breadcrumb":{"@id":"https:\/\/diretodasacristia.com\/home\/noticias\/venda-de-livros-proibida-e-possivel-nuncio-no-brasil\/#breadcrumb"},"inLanguage":"pt-BR","potentialAction":[{"@type":"ReadAction","target":["https:\/\/diretodasacristia.com\/home\/noticias\/venda-de-livros-proibida-e-possivel-nuncio-no-brasil\/"]}]},{"@type":"ImageObject","inLanguage":"pt-BR","@id":"https:\/\/diretodasacristia.com\/home\/noticias\/venda-de-livros-proibida-e-possivel-nuncio-no-brasil\/#primaryimage","url":"http:\/\/diretodasacristia.com\/home\/wp-content\/uploads\/2012\/02\/Cardeal-William-Levada-2.jpg","contentUrl":"http:\/\/diretodasacristia.com\/home\/wp-content\/uploads\/2012\/02\/Cardeal-William-Levada-2.jpg"},{"@type":"BreadcrumbList","@id":"https:\/\/diretodasacristia.com\/home\/noticias\/venda-de-livros-proibida-e-possivel-nuncio-no-brasil\/#breadcrumb","itemListElement":[{"@type":"ListItem","position":1,"name":"In\u00edcio","item":"https:\/\/diretodasacristia.com\/home\/"},{"@type":"ListItem","position":2,"name":"Venda de livros proibida e poss\u00edvel N\u00fancio no Brasil"}]},{"@type":"WebSite","@id":"https:\/\/diretodasacristia.com\/home\/#website","url":"https:\/\/diretodasacristia.com\/home\/","name":"Direto da Sacristia","description":"Not\u00edcias e artigos sobre a f\u00e9 cat\u00f3lica","publisher":{"@id":"https:\/\/diretodasacristia.com\/home\/#organization"},"potentialAction":[{"@type":"SearchAction","target":{"@type":"EntryPoint","urlTemplate":"https:\/\/diretodasacristia.com\/home\/?s={search_term_string}"},"query-input":{"@type":"PropertyValueSpecification","valueRequired":true,"valueName":"search_term_string"}}],"inLanguage":"pt-BR"},{"@type":"Organization","@id":"https:\/\/diretodasacristia.com\/home\/#organization","name":"Direto da Sacristia","url":"https:\/\/diretodasacristia.com\/home\/","logo":{"@type":"ImageObject","inLanguage":"pt-BR","@id":"https:\/\/diretodasacristia.com\/home\/#\/schema\/logo\/image\/","url":"https:\/\/i0.wp.com\/diretodasacristia.com\/home\/wp-content\/uploads\/2012\/01\/marca-sacristia.png?fit=320%2C306&ssl=1","contentUrl":"https:\/\/i0.wp.com\/diretodasacristia.com\/home\/wp-content\/uploads\/2012\/01\/marca-sacristia.png?fit=320%2C306&ssl=1","width":"320","height":"306","caption":"Direto da Sacristia"},"image":{"@id":"https:\/\/diretodasacristia.com\/home\/#\/schema\/logo\/image\/"},"sameAs":["https:\/\/www.facebook.com\/DiretoSacristia","https:\/\/x.com\/diretosacristia","https:\/\/www.instagram.com\/diretodasacristia\/","https:\/\/www.youtube.com\/diretodasacristia"]},{"@type":"Person","@id":"https:\/\/diretodasacristia.com\/home\/#\/schema\/person\/3d453ef1f7d57c0bb0990b8070642721","name":"E. Mar\u00e7al","image":{"@type":"ImageObject","inLanguage":"pt-BR","@id":"https:\/\/secure.gravatar.com\/avatar\/348ff80a5ddde3de6c8b6e0c5b066b733f9245285d9ab87cd2e2ff652ffa95b0?s=96&d=mm&r=g","url":"https:\/\/secure.gravatar.com\/avatar\/348ff80a5ddde3de6c8b6e0c5b066b733f9245285d9ab87cd2e2ff652ffa95b0?s=96&d=mm&r=g","contentUrl":"https:\/\/secure.gravatar.com\/avatar\/348ff80a5ddde3de6c8b6e0c5b066b733f9245285d9ab87cd2e2ff652ffa95b0?s=96&d=mm&r=g","caption":"E. Mar\u00e7al"},"url":"https:\/\/diretodasacristia.com\/home\/author\/erick\/"}]}},"jetpack_publicize_connections":[],"jetpack_featured_media_url":"","jetpack_sharing_enabled":true,"jetpack_shortlink":"https:\/\/wp.me\/p24aG7-9E","jetpack-related-posts":[{"id":4185,"url":"https:\/\/diretodasacristia.com\/home\/cardeais\/o-habemus-papam-tera-voz-italiana\/","url_meta":{"origin":598,"position":0},"title":"O &#8220;Habemus Papam&#8221; ter\u00e1 voz italiana","author":"E. Mar\u00e7al","date":"12 de junho de 2014","format":false,"excerpt":"O Cardeal Tauran pediu, como lhe \u00e9 direito ap\u00f3s 10 anos de sua cria\u00e7\u00e3o cardinal\u00edcia, a promo\u00e7\u00e3o \u00e0 Ordem dos resb\u00edteros e, portanto, a antiguidade como Cardeal-Di\u00e1cono foi transferida para o Cardeal Martino.","rel":"","context":"Em &quot;Cardeais&quot;","block_context":{"text":"Cardeais","link":"https:\/\/diretodasacristia.com\/home\/c\/cardeais\/"},"img":{"alt_text":"ALeqM5iQmbb2__BLSmiJgYucKyahXxX48g","src":"https:\/\/i0.wp.com\/diretodasacristia.com\/home\/wp-content\/uploads\/2014\/06\/ALeqM5iQmbb2__BLSmiJgYucKyahXxX48g-1024x665.jpg?resize=350%2C200","width":350,"height":200,"srcset":"https:\/\/i0.wp.com\/diretodasacristia.com\/home\/wp-content\/uploads\/2014\/06\/ALeqM5iQmbb2__BLSmiJgYucKyahXxX48g-1024x665.jpg?resize=350%2C200 1x, https:\/\/i0.wp.com\/diretodasacristia.com\/home\/wp-content\/uploads\/2014\/06\/ALeqM5iQmbb2__BLSmiJgYucKyahXxX48g-1024x665.jpg?resize=525%2C300 1.5x, https:\/\/i0.wp.com\/diretodasacristia.com\/home\/wp-content\/uploads\/2014\/06\/ALeqM5iQmbb2__BLSmiJgYucKyahXxX48g-1024x665.jpg?resize=700%2C400 2x"},"classes":[]},{"id":232,"url":"https:\/\/diretodasacristia.com\/home\/brasil\/morreu-dom-clemente-isnard\/","url_meta":{"origin":598,"position":1},"title":"Morreu Dom Clemente Isnard","author":"E. Mar\u00e7al","date":"25 de agosto de 2011","format":false,"excerpt":"Faleceu, aos 94 anos, no in\u00edcio da noite de ontem, 24 agosto, \u00e0s 18h na cidade do Recife, S.E.R.Dom Clemente Isnard, bispo professo da Ordem dos Beneditinos, Bispo em\u00e9rito de Nova Friburgo, Rio de Janeiro. O falecimento ocasionado por parada respirat\u00f3ria aconteceu durante um tratamento de fisioterapia. Recebeu a sagra\u00e7\u00e3o\u2026","rel":"","context":"Em &quot;Brasil&quot;","block_context":{"text":"Brasil","link":"https:\/\/diretodasacristia.com\/home\/c\/brasil\/"},"img":{"alt_text":"","src":"","width":0,"height":0},"classes":[]},{"id":4619,"url":"https:\/\/diretodasacristia.com\/home\/brasil\/como-um-padre-e-nomeado-bispo-em-roma\/","url_meta":{"origin":598,"position":2},"title":"Como um padre \u00e9 nomeado Bispo em Roma?","author":"E. Mar\u00e7al","date":"14 de junho de 2016","format":false,"excerpt":"H\u00e1 uma diferen\u00e7a: se o nomeado n\u00e3o \u00e9 residente na Cidade Eterna, normalmente, o N\u00fancio Apost\u00f3lico comunica-lhe a nomea\u00e7\u00e3o; mas se ele residente na Cidade Eterna, \u00e9 assim que acontece:","rel":"","context":"Em &quot;Brasil&quot;","block_context":{"text":"Brasil","link":"https:\/\/diretodasacristia.com\/home\/c\/brasil\/"},"img":{"alt_text":"","src":"https:\/\/i0.wp.com\/diretodasacristia.com\/home\/wp-content\/uploads\/2016\/06\/frei-sales-original-1024x623.jpg?resize=350%2C200","width":350,"height":200,"srcset":"https:\/\/i0.wp.com\/diretodasacristia.com\/home\/wp-content\/uploads\/2016\/06\/frei-sales-original-1024x623.jpg?resize=350%2C200 1x, https:\/\/i0.wp.com\/diretodasacristia.com\/home\/wp-content\/uploads\/2016\/06\/frei-sales-original-1024x623.jpg?resize=525%2C300 1.5x, https:\/\/i0.wp.com\/diretodasacristia.com\/home\/wp-content\/uploads\/2016\/06\/frei-sales-original-1024x623.jpg?resize=700%2C400 2x"},"classes":[]},{"id":5428,"url":"https:\/\/diretodasacristia.com\/home\/curia-romana\/quem-sera-o-novo-prefeito-da-casa-pontificia\/","url_meta":{"origin":598,"position":3},"title":"Quem ser\u00e1 o novo prefeito da Casa Pontif\u00edcia?","author":"Reda\u00e7\u00e3o","date":"1 de mar\u00e7o de 2026","format":false,"excerpt":"Agora, passados quase dez meses do pontificado do Papa Le\u00e3o XIV, a sucess\u00e3o na Prefeitura volta aos refletores dos vaticanistas, que, baseados nas pr\u00f3prias fontes que falam de acontecimentos que se confirmam ou n\u00e3o.","rel":"","context":"Em &quot;C\u00faria Romana&quot;","block_context":{"text":"C\u00faria Romana","link":"https:\/\/diretodasacristia.com\/home\/c\/curia-romana\/"},"img":{"alt_text":"","src":"https:\/\/i0.wp.com\/diretodasacristia.com\/home\/wp-content\/uploads\/2026\/02\/GI_Leonardo_Sapienza-e1772371105642.jpg?resize=350%2C200&ssl=1","width":350,"height":200,"srcset":"https:\/\/i0.wp.com\/diretodasacristia.com\/home\/wp-content\/uploads\/2026\/02\/GI_Leonardo_Sapienza-e1772371105642.jpg?resize=350%2C200&ssl=1 1x, https:\/\/i0.wp.com\/diretodasacristia.com\/home\/wp-content\/uploads\/2026\/02\/GI_Leonardo_Sapienza-e1772371105642.jpg?resize=525%2C300&ssl=1 1.5x, https:\/\/i0.wp.com\/diretodasacristia.com\/home\/wp-content\/uploads\/2026\/02\/GI_Leonardo_Sapienza-e1772371105642.jpg?resize=700%2C400&ssl=1 2x"},"classes":[]},{"id":4,"url":"https:\/\/diretodasacristia.com\/home\/nomeacoes-episcopais\/novo-nuncio-na-italia-2\/","url_meta":{"origin":598,"position":4},"title":"Novo N\u00fancio na It\u00e1lia","author":"E. Mar\u00e7al","date":"15 de novembro de 2011","format":false,"excerpt":"Do boletim da Sala de Imprensa da Santa S\u00e9\u00a0 \u00a0 Nomea\u00e7\u00e3o do N\u00fancio Apost\u00f3lico na It\u00e1lia e na Rep\u00fablica de San Marino Arcebispo Adriano Bernardini N\u00fancio Apost\u00f3lico na It\u00e1lia e em San Marino 69 anos \u00a0 Contrariamente ao que vinha sendo anunciado, a Nunciatura da It\u00e1lia e de San Marino\u2026","rel":"","context":"Em &quot;Nomea\u00e7\u00f5es episcopais&quot;","block_context":{"text":"Nomea\u00e7\u00f5es episcopais","link":"https:\/\/diretodasacristia.com\/home\/c\/nomeacoes-episcopais\/"},"img":{"alt_text":"","src":"https:\/\/i0.wp.com\/diretodasacristia.com\/home\/wp-content\/uploads\/2011\/11\/Adriano-Bernardini.jpg?resize=350%2C200&ssl=1","width":350,"height":200,"srcset":"https:\/\/i0.wp.com\/diretodasacristia.com\/home\/wp-content\/uploads\/2011\/11\/Adriano-Bernardini.jpg?resize=350%2C200&ssl=1 1x, https:\/\/i0.wp.com\/diretodasacristia.com\/home\/wp-content\/uploads\/2011\/11\/Adriano-Bernardini.jpg?resize=525%2C300&ssl=1 1.5x"},"classes":[]},{"id":71,"url":"https:\/\/diretodasacristia.com\/home\/sem-categoria\/celebracao-da-paixao-do-senhor-no-vaticano-2\/","url_meta":{"origin":598,"position":5},"title":"Celebra\u00e7\u00e3o da Paix\u00e3o do Senhor no Vaticano","author":"E. Mar\u00e7al","date":"22 de abril de 2011","format":false,"excerpt":"Nesta Sexta-feira Santa, o Santo Padre Bento XVI presidir\u00e1 a Celebra\u00e7\u00e3o da Paix\u00e3o do Senhor, \u00e0s 17h, na Bas\u00edlica Vaticana. Como j\u00e1 noticiamos, a cerim\u00f4nia ser\u00e1 transmitida tamb\u00e9m, ao vivo, pela Tv Can\u00e7\u00e3o Nova, em sinal aberto e na internet.Sabemos que excepcionalmente hoje a Igreja priva-se da celebra\u00e7\u00e3o da Santa\u2026","rel":"","context":"Em &quot;Sem categoria&quot;","block_context":{"text":"Sem categoria","link":"https:\/\/diretodasacristia.com\/home\/c\/sem-categoria\/"},"img":{"alt_text":"","src":"","width":0,"height":0},"classes":[]}],"post_mailing_queue_ids":[],"_links":{"self":[{"href":"https:\/\/diretodasacristia.com\/home\/wp-json\/wp\/v2\/posts\/598","targetHints":{"allow":["GET"]}}],"collection":[{"href":"https:\/\/diretodasacristia.com\/home\/wp-json\/wp\/v2\/posts"}],"about":[{"href":"https:\/\/diretodasacristia.com\/home\/wp-json\/wp\/v2\/types\/post"}],"author":[{"embeddable":true,"href":"https:\/\/diretodasacristia.com\/home\/wp-json\/wp\/v2\/users\/3"}],"replies":[{"embeddable":true,"href":"https:\/\/diretodasacristia.com\/home\/wp-json\/wp\/v2\/comments?post=598"}],"version-history":[{"count":9,"href":"https:\/\/diretodasacristia.com\/home\/wp-json\/wp\/v2\/posts\/598\/revisions"}],"predecessor-version":[{"id":604,"href":"https:\/\/diretodasacristia.com\/home\/wp-json\/wp\/v2\/posts\/598\/revisions\/604"}],"wp:attachment":[{"href":"https:\/\/diretodasacristia.com\/home\/wp-json\/wp\/v2\/media?parent=598"}],"wp:term":[{"taxonomy":"category","embeddable":true,"href":"https:\/\/diretodasacristia.com\/home\/wp-json\/wp\/v2\/categories?post=598"},{"taxonomy":"post_tag","embeddable":true,"href":"https:\/\/diretodasacristia.com\/home\/wp-json\/wp\/v2\/tags?post=598"}],"curies":[{"name":"wp","href":"https:\/\/api.w.org\/{rel}","templated":true}]}}