{"id":635,"date":"2012-02-09T23:45:43","date_gmt":"2012-02-10T02:45:43","guid":{"rendered":"http:\/\/diretodasacristia.com\/home\/?p=635"},"modified":"2012-03-15T00:03:31","modified_gmt":"2012-03-15T03:03:31","slug":"lancamento-da-logomarca-oficial-da-jmj-2013","status":"publish","type":"post","link":"https:\/\/diretodasacristia.com\/home\/brasil\/lancamento-da-logomarca-oficial-da-jmj-2013\/","title":{"rendered":"Lan\u00e7amento da logomarca oficial da JMJ 2013"},"content":{"rendered":"<p class=\"mceTemp mceIEcenter\" style=\"text-align: justify;\">O Comit\u00ea Organizador Local e a Arquidiocese de S\u00e3o Sebasti\u00e3o do Rio de Janeiro, respons\u00e1veis pela organiza\u00e7\u00e3o da XXVIII Jornada Mundial da Juventude, a primeira em territ\u00f3rio brasileiro, celebrou ontem um dos maiores eventos relacionados \u00e0 Jornada at\u00e9 o momento, a divulga\u00e7\u00e3o da logomarca numa cerim\u00f4nia em que estavam presentes diversas autoridades civis e religiosas. O logotipo foi idealizado e desenhado pelo designer gr\u00e1fico Gustavo Curty Huguenin, de 25 anos, inspirado na passagem do Evangelho: \u201cIde e fazei disc\u00edpulos entre todas as na\u00e7\u00f5es\u201d ( Mt 28,19 ), lema da Jornada.<\/p>\n<dl id=\"attachment_636\" class=\"wp-caption aligncenter\" style=\"width: 526px;\">\n<dt class=\"wp-caption-dt\"><a href=\"https:\/\/diretodasacristia.com\/home\/wp-content\/uploads\/2012\/02\/Logomarca-JMJ2013.jpg\"><img loading=\"lazy\" decoding=\"async\" class=\"size-full wp-image-636\" title=\"Logomarca JMJ2013\" src=\"https:\/\/diretodasacristia.com\/home\/wp-content\/uploads\/2012\/02\/Logomarca-JMJ2013.jpg\" alt=\"Logomarca JMJ2013\" width=\"516\" height=\"340\" srcset=\"https:\/\/diretodasacristia.com\/home\/wp-content\/uploads\/2012\/02\/Logomarca-JMJ2013.jpg 516w, https:\/\/diretodasacristia.com\/home\/wp-content\/uploads\/2012\/02\/Logomarca-JMJ2013-300x197.jpg 300w\" sizes=\"auto, (max-width: 516px) 100vw, 516px\" \/><\/a><\/dt>\n<\/dl>\n<p style=\"text-align: center;\"><em>Logotipo da JMJ 2013, escolhido entre mais de 200 propostas enviadas ao Comit\u00ea Organizador Local. <\/em><\/p>\n<p style=\"text-align: center;\"><em><\/em><em>As duas logomarcas finalistas foram avaliadas pelo Pontif\u00edcio Conselho para Leigos, em Roma. <\/em><\/p>\n<p style=\"text-align: center;\"><em>A decis\u00e3o da vencedora foi obtida em comum acordo com o Comit\u00ea Organizador.<\/em><\/p>\n<p style=\"text-align: justify;\">As quatro cores s\u00e3o as mesmas da bandeira nacional. Cada elemento da figura carrega um significado peculiar, voltado \u00e0 espiritualidade de nossa f\u00e9. O Cristo Redentor, s\u00edmbolo universal do Rio de Janeiro, est\u00e1 envolto por um cora\u00e7\u00e3o que simboliza o disc\u00edpulo, aquele que porta o Senhor em seu interior. As formas, que aludem \u00e0s forma\u00e7\u00f5es rochosas t\u00edpicas da regi\u00e3o, simbolizam as na\u00e7\u00f5es acolhidas entre o mar e a montanha, na cidade que ser\u00e1 por alguns dias, o cora\u00e7\u00e3o do mundo para a juventude. A jun\u00e7\u00e3o do P\u00e3o de A\u00e7\u00facar com a Cruz Peregrina faz refer\u00eancia \u00e0 Terra de Santa Cruz, segundo nome atribu\u00eddo ao Brasil ap\u00f3s a chegada dos portugueses.<\/p>\n<p class=\"mceTemp mceIEcenter\" style=\"text-align: center;\"><a href=\"https:\/\/diretodasacristia.com\/home\/wp-content\/uploads\/2012\/02\/Dom-Orani.jpg\"><img loading=\"lazy\" decoding=\"async\" class=\"aligncenter\" title=\"Dom Orani\" src=\"https:\/\/diretodasacristia.com\/home\/wp-content\/uploads\/2012\/02\/Dom-Orani.jpg\" alt=\"Dom Orani e Gustavo Huguenin\" width=\"276\" height=\"415\" \/><\/a><em><\/em><\/p>\n<p class=\"mceTemp mceIEcenter\" style=\"text-align: center;\"><em>S.E.R. Dom Orani Jo\u00e3o Tempesta, arcebispo do Rio de Janeiro, <\/em><\/p>\n<p class=\"mceTemp mceIEcenter\" style=\"text-align: center;\"><em>entrega uma placa com a logomarca oficial ao designer Gustavo Huguenin, <\/em><\/p>\n<p class=\"mceTemp mceIEcenter\" style=\"text-align: center;\"><em>vencedor de um concurso entre artistas e designers de todo o mundo.<\/em><\/p>\n<p class=\"mceTemp mceIEcenter\" style=\"text-align: justify;\">Milh\u00f5es s\u00e3o esperados naquela que promete ser a maior Jornada Mundial da hist\u00f3ria. A expectativa aumentou ap\u00f3s a confirma\u00e7\u00e3o da vinda do Santo Padre que se reunir\u00e1 aos jovens nos \u00faltimos dias do evento.<\/p>\n","protected":false},"excerpt":{"rendered":"O Comit\u00ea Organizador Local e a Arquidiocese de S\u00e3o Sebasti\u00e3o do Rio de Janeiro, respons\u00e1veis pela organiza\u00e7\u00e3o da XXVIII Jornada Mundial da Juventude, a primeira em territ\u00f3rio brasileiro, celebrou ontem um dos maiores eventos relacionados \u00e0 Jornada at\u00e9 o momento, a divulga\u00e7\u00e3o da logomarca numa cerim\u00f4nia em que estavam presentes diversas autoridades civis e religiosas&#8230;. <a class=\"view-article\" href=\"https:\/\/diretodasacristia.com\/home\/brasil\/lancamento-da-logomarca-oficial-da-jmj-2013\/\">Ver artigo<\/a>","protected":false},"author":4,"featured_media":636,"comment_status":"open","ping_status":"open","sticky":false,"template":"","format":"standard","meta":{"jetpack_post_was_ever_published":false,"_jetpack_newsletter_access":"","_jetpack_dont_email_post_to_subs":false,"_jetpack_newsletter_tier_id":0,"_jetpack_memberships_contains_paywalled_content":false,"_jetpack_memberships_contains_paid_content":false,"_joinchat":[],"footnotes":"","jetpack_publicize_message":"","jetpack_publicize_feature_enabled":true,"jetpack_social_post_already_shared":false,"jetpack_social_options":{"image_generator_settings":{"template":"highway","default_image_id":0,"font":"","enabled":false},"version":2}},"categories":[9,37,24],"tags":[94],"class_list":["post-635","post","type-post","status-publish","format-standard","has-post-thumbnail","hentry","category-brasil","category-destaque","category-noticias","tag-jmj-2013"],"yoast_head":"<!-- This site is optimized with the Yoast SEO plugin v27.4 - https:\/\/yoast.com\/product\/yoast-seo-wordpress\/ -->\n<title>Lan\u00e7amento da logomarca oficial da JMJ 2013 - Direto da Sacristia<\/title>\n<meta name=\"robots\" content=\"index, follow, max-snippet:-1, max-image-preview:large, max-video-preview:-1\" \/>\n<link rel=\"canonical\" href=\"https:\/\/diretodasacristia.com\/home\/brasil\/lancamento-da-logomarca-oficial-da-jmj-2013\/\" \/>\n<meta property=\"og:locale\" content=\"pt_BR\" \/>\n<meta property=\"og:type\" content=\"article\" \/>\n<meta property=\"og:title\" content=\"Lan\u00e7amento da logomarca oficial da JMJ 2013 - Direto da Sacristia\" \/>\n<meta property=\"og:description\" content=\"O Comit\u00ea Organizador Local e a Arquidiocese de S\u00e3o Sebasti\u00e3o do Rio de Janeiro, respons\u00e1veis pela organiza\u00e7\u00e3o da XXVIII Jornada Mundial da Juventude, a primeira em territ\u00f3rio brasileiro, celebrou ontem um dos maiores eventos relacionados \u00e0 Jornada at\u00e9 o momento, a divulga\u00e7\u00e3o da logomarca numa cerim\u00f4nia em que estavam presentes diversas autoridades civis e religiosas.... Ver artigo\" \/>\n<meta property=\"og:url\" content=\"https:\/\/diretodasacristia.com\/home\/brasil\/lancamento-da-logomarca-oficial-da-jmj-2013\/\" \/>\n<meta property=\"og:site_name\" content=\"Direto da Sacristia\" \/>\n<meta property=\"article:publisher\" content=\"https:\/\/www.facebook.com\/DiretoSacristia\" \/>\n<meta property=\"article:published_time\" content=\"2012-02-10T02:45:43+00:00\" \/>\n<meta property=\"article:modified_time\" content=\"2012-03-15T03:03:31+00:00\" \/>\n<meta property=\"og:image\" content=\"https:\/\/i0.wp.com\/diretodasacristia.com\/home\/wp-content\/uploads\/2012\/02\/Logomarca-JMJ2013.jpg?fit=516%2C340&ssl=1\" \/>\n\t<meta property=\"og:image:width\" content=\"516\" \/>\n\t<meta property=\"og:image:height\" content=\"340\" \/>\n\t<meta property=\"og:image:type\" content=\"image\/jpeg\" \/>\n<meta name=\"author\" content=\"Erick Mar\u00e7al\" \/>\n<meta name=\"twitter:card\" content=\"summary_large_image\" \/>\n<meta name=\"twitter:creator\" content=\"@diretosacristia\" \/>\n<meta name=\"twitter:site\" content=\"@diretosacristia\" \/>\n<meta name=\"twitter:label1\" content=\"Escrito por\" \/>\n\t<meta name=\"twitter:data1\" content=\"Erick Mar\u00e7al\" \/>\n\t<meta name=\"twitter:label2\" content=\"Est. tempo de leitura\" \/>\n\t<meta name=\"twitter:data2\" content=\"2 minutos\" \/>\n<script type=\"application\/ld+json\" class=\"yoast-schema-graph\">{\"@context\":\"https:\\\/\\\/schema.org\",\"@graph\":[{\"@type\":\"Article\",\"@id\":\"https:\\\/\\\/diretodasacristia.com\\\/home\\\/brasil\\\/lancamento-da-logomarca-oficial-da-jmj-2013\\\/#article\",\"isPartOf\":{\"@id\":\"https:\\\/\\\/diretodasacristia.com\\\/home\\\/brasil\\\/lancamento-da-logomarca-oficial-da-jmj-2013\\\/\"},\"author\":{\"name\":\"Erick Mar\u00e7al\",\"@id\":\"https:\\\/\\\/diretodasacristia.com\\\/home\\\/#\\\/schema\\\/person\\\/f2a8b5c1dd46cfb2d998ebc1ccdb8910\"},\"headline\":\"Lan\u00e7amento da logomarca oficial da JMJ 2013\",\"datePublished\":\"2012-02-10T02:45:43+00:00\",\"dateModified\":\"2012-03-15T03:03:31+00:00\",\"mainEntityOfPage\":{\"@id\":\"https:\\\/\\\/diretodasacristia.com\\\/home\\\/brasil\\\/lancamento-da-logomarca-oficial-da-jmj-2013\\\/\"},\"wordCount\":341,\"commentCount\":0,\"publisher\":{\"@id\":\"https:\\\/\\\/diretodasacristia.com\\\/home\\\/#organization\"},\"image\":{\"@id\":\"https:\\\/\\\/diretodasacristia.com\\\/home\\\/brasil\\\/lancamento-da-logomarca-oficial-da-jmj-2013\\\/#primaryimage\"},\"thumbnailUrl\":\"https:\\\/\\\/diretodasacristia.com\\\/home\\\/wp-content\\\/uploads\\\/2012\\\/02\\\/Logomarca-JMJ2013.jpg\",\"keywords\":[\"JMJ 2013\"],\"articleSection\":[\"Brasil\",\"Destaque\",\"Not\u00edcias\"],\"inLanguage\":\"pt-BR\",\"potentialAction\":[{\"@type\":\"CommentAction\",\"name\":\"Comment\",\"target\":[\"https:\\\/\\\/diretodasacristia.com\\\/home\\\/brasil\\\/lancamento-da-logomarca-oficial-da-jmj-2013\\\/#respond\"]}]},{\"@type\":\"WebPage\",\"@id\":\"https:\\\/\\\/diretodasacristia.com\\\/home\\\/brasil\\\/lancamento-da-logomarca-oficial-da-jmj-2013\\\/\",\"url\":\"https:\\\/\\\/diretodasacristia.com\\\/home\\\/brasil\\\/lancamento-da-logomarca-oficial-da-jmj-2013\\\/\",\"name\":\"Lan\u00e7amento da logomarca oficial da JMJ 2013 - Direto da Sacristia\",\"isPartOf\":{\"@id\":\"https:\\\/\\\/diretodasacristia.com\\\/home\\\/#website\"},\"primaryImageOfPage\":{\"@id\":\"https:\\\/\\\/diretodasacristia.com\\\/home\\\/brasil\\\/lancamento-da-logomarca-oficial-da-jmj-2013\\\/#primaryimage\"},\"image\":{\"@id\":\"https:\\\/\\\/diretodasacristia.com\\\/home\\\/brasil\\\/lancamento-da-logomarca-oficial-da-jmj-2013\\\/#primaryimage\"},\"thumbnailUrl\":\"https:\\\/\\\/diretodasacristia.com\\\/home\\\/wp-content\\\/uploads\\\/2012\\\/02\\\/Logomarca-JMJ2013.jpg\",\"datePublished\":\"2012-02-10T02:45:43+00:00\",\"dateModified\":\"2012-03-15T03:03:31+00:00\",\"breadcrumb\":{\"@id\":\"https:\\\/\\\/diretodasacristia.com\\\/home\\\/brasil\\\/lancamento-da-logomarca-oficial-da-jmj-2013\\\/#breadcrumb\"},\"inLanguage\":\"pt-BR\",\"potentialAction\":[{\"@type\":\"ReadAction\",\"target\":[\"https:\\\/\\\/diretodasacristia.com\\\/home\\\/brasil\\\/lancamento-da-logomarca-oficial-da-jmj-2013\\\/\"]}]},{\"@type\":\"ImageObject\",\"inLanguage\":\"pt-BR\",\"@id\":\"https:\\\/\\\/diretodasacristia.com\\\/home\\\/brasil\\\/lancamento-da-logomarca-oficial-da-jmj-2013\\\/#primaryimage\",\"url\":\"https:\\\/\\\/diretodasacristia.com\\\/home\\\/wp-content\\\/uploads\\\/2012\\\/02\\\/Logomarca-JMJ2013.jpg\",\"contentUrl\":\"https:\\\/\\\/diretodasacristia.com\\\/home\\\/wp-content\\\/uploads\\\/2012\\\/02\\\/Logomarca-JMJ2013.jpg\",\"width\":\"516\",\"height\":\"340\",\"caption\":\"Logomarca JMJ2013\"},{\"@type\":\"BreadcrumbList\",\"@id\":\"https:\\\/\\\/diretodasacristia.com\\\/home\\\/brasil\\\/lancamento-da-logomarca-oficial-da-jmj-2013\\\/#breadcrumb\",\"itemListElement\":[{\"@type\":\"ListItem\",\"position\":1,\"name\":\"In\u00edcio\",\"item\":\"https:\\\/\\\/diretodasacristia.com\\\/home\\\/\"},{\"@type\":\"ListItem\",\"position\":2,\"name\":\"Lan\u00e7amento da logomarca oficial da JMJ 2013\"}]},{\"@type\":\"WebSite\",\"@id\":\"https:\\\/\\\/diretodasacristia.com\\\/home\\\/#website\",\"url\":\"https:\\\/\\\/diretodasacristia.com\\\/home\\\/\",\"name\":\"Direto da Sacristia\",\"description\":\"Not\u00edcias e artigos sobre a f\u00e9 cat\u00f3lica\",\"publisher\":{\"@id\":\"https:\\\/\\\/diretodasacristia.com\\\/home\\\/#organization\"},\"potentialAction\":[{\"@type\":\"SearchAction\",\"target\":{\"@type\":\"EntryPoint\",\"urlTemplate\":\"https:\\\/\\\/diretodasacristia.com\\\/home\\\/?s={search_term_string}\"},\"query-input\":{\"@type\":\"PropertyValueSpecification\",\"valueRequired\":true,\"valueName\":\"search_term_string\"}}],\"inLanguage\":\"pt-BR\"},{\"@type\":\"Organization\",\"@id\":\"https:\\\/\\\/diretodasacristia.com\\\/home\\\/#organization\",\"name\":\"Direto da Sacristia\",\"url\":\"https:\\\/\\\/diretodasacristia.com\\\/home\\\/\",\"logo\":{\"@type\":\"ImageObject\",\"inLanguage\":\"pt-BR\",\"@id\":\"https:\\\/\\\/diretodasacristia.com\\\/home\\\/#\\\/schema\\\/logo\\\/image\\\/\",\"url\":\"https:\\\/\\\/i0.wp.com\\\/diretodasacristia.com\\\/home\\\/wp-content\\\/uploads\\\/2012\\\/01\\\/marca-sacristia.png?fit=320%2C306&ssl=1\",\"contentUrl\":\"https:\\\/\\\/i0.wp.com\\\/diretodasacristia.com\\\/home\\\/wp-content\\\/uploads\\\/2012\\\/01\\\/marca-sacristia.png?fit=320%2C306&ssl=1\",\"width\":\"320\",\"height\":\"306\",\"caption\":\"Direto da Sacristia\"},\"image\":{\"@id\":\"https:\\\/\\\/diretodasacristia.com\\\/home\\\/#\\\/schema\\\/logo\\\/image\\\/\"},\"sameAs\":[\"https:\\\/\\\/www.facebook.com\\\/DiretoSacristia\",\"https:\\\/\\\/x.com\\\/diretosacristia\",\"https:\\\/\\\/www.instagram.com\\\/diretodasacristia\\\/\",\"https:\\\/\\\/www.youtube.com\\\/diretodasacristia\"]},{\"@type\":\"Person\",\"@id\":\"https:\\\/\\\/diretodasacristia.com\\\/home\\\/#\\\/schema\\\/person\\\/f2a8b5c1dd46cfb2d998ebc1ccdb8910\",\"name\":\"Erick Mar\u00e7al\",\"image\":{\"@type\":\"ImageObject\",\"inLanguage\":\"pt-BR\",\"@id\":\"https:\\\/\\\/secure.gravatar.com\\\/avatar\\\/b017544cbb11b4a02f0aad8526088df1b5772bb19bdd95c5c0c581d239715c58?s=96&d=mm&r=g\",\"url\":\"https:\\\/\\\/secure.gravatar.com\\\/avatar\\\/b017544cbb11b4a02f0aad8526088df1b5772bb19bdd95c5c0c581d239715c58?s=96&d=mm&r=g\",\"contentUrl\":\"https:\\\/\\\/secure.gravatar.com\\\/avatar\\\/b017544cbb11b4a02f0aad8526088df1b5772bb19bdd95c5c0c581d239715c58?s=96&d=mm&r=g\",\"caption\":\"Erick Mar\u00e7al\"},\"url\":\"https:\\\/\\\/diretodasacristia.com\\\/home\\\/author\\\/carlos\\\/\"}]}<\/script>\n<!-- \/ Yoast SEO plugin. -->","yoast_head_json":{"title":"Lan\u00e7amento da logomarca oficial da JMJ 2013 - Direto da Sacristia","robots":{"index":"index","follow":"follow","max-snippet":"max-snippet:-1","max-image-preview":"max-image-preview:large","max-video-preview":"max-video-preview:-1"},"canonical":"https:\/\/diretodasacristia.com\/home\/brasil\/lancamento-da-logomarca-oficial-da-jmj-2013\/","og_locale":"pt_BR","og_type":"article","og_title":"Lan\u00e7amento da logomarca oficial da JMJ 2013 - Direto da Sacristia","og_description":"O Comit\u00ea Organizador Local e a Arquidiocese de S\u00e3o Sebasti\u00e3o do Rio de Janeiro, respons\u00e1veis pela organiza\u00e7\u00e3o da XXVIII Jornada Mundial da Juventude, a primeira em territ\u00f3rio brasileiro, celebrou ontem um dos maiores eventos relacionados \u00e0 Jornada at\u00e9 o momento, a divulga\u00e7\u00e3o da logomarca numa cerim\u00f4nia em que estavam presentes diversas autoridades civis e religiosas.... Ver artigo","og_url":"https:\/\/diretodasacristia.com\/home\/brasil\/lancamento-da-logomarca-oficial-da-jmj-2013\/","og_site_name":"Direto da Sacristia","article_publisher":"https:\/\/www.facebook.com\/DiretoSacristia","article_published_time":"2012-02-10T02:45:43+00:00","article_modified_time":"2012-03-15T03:03:31+00:00","og_image":[{"width":516,"height":340,"url":"https:\/\/i0.wp.com\/diretodasacristia.com\/home\/wp-content\/uploads\/2012\/02\/Logomarca-JMJ2013.jpg?fit=516%2C340&ssl=1","type":"image\/jpeg"}],"author":"Erick Mar\u00e7al","twitter_card":"summary_large_image","twitter_creator":"@diretosacristia","twitter_site":"@diretosacristia","twitter_misc":{"Escrito por":"Erick Mar\u00e7al","Est. tempo de leitura":"2 minutos"},"schema":{"@context":"https:\/\/schema.org","@graph":[{"@type":"Article","@id":"https:\/\/diretodasacristia.com\/home\/brasil\/lancamento-da-logomarca-oficial-da-jmj-2013\/#article","isPartOf":{"@id":"https:\/\/diretodasacristia.com\/home\/brasil\/lancamento-da-logomarca-oficial-da-jmj-2013\/"},"author":{"name":"Erick Mar\u00e7al","@id":"https:\/\/diretodasacristia.com\/home\/#\/schema\/person\/f2a8b5c1dd46cfb2d998ebc1ccdb8910"},"headline":"Lan\u00e7amento da logomarca oficial da JMJ 2013","datePublished":"2012-02-10T02:45:43+00:00","dateModified":"2012-03-15T03:03:31+00:00","mainEntityOfPage":{"@id":"https:\/\/diretodasacristia.com\/home\/brasil\/lancamento-da-logomarca-oficial-da-jmj-2013\/"},"wordCount":341,"commentCount":0,"publisher":{"@id":"https:\/\/diretodasacristia.com\/home\/#organization"},"image":{"@id":"https:\/\/diretodasacristia.com\/home\/brasil\/lancamento-da-logomarca-oficial-da-jmj-2013\/#primaryimage"},"thumbnailUrl":"https:\/\/diretodasacristia.com\/home\/wp-content\/uploads\/2012\/02\/Logomarca-JMJ2013.jpg","keywords":["JMJ 2013"],"articleSection":["Brasil","Destaque","Not\u00edcias"],"inLanguage":"pt-BR","potentialAction":[{"@type":"CommentAction","name":"Comment","target":["https:\/\/diretodasacristia.com\/home\/brasil\/lancamento-da-logomarca-oficial-da-jmj-2013\/#respond"]}]},{"@type":"WebPage","@id":"https:\/\/diretodasacristia.com\/home\/brasil\/lancamento-da-logomarca-oficial-da-jmj-2013\/","url":"https:\/\/diretodasacristia.com\/home\/brasil\/lancamento-da-logomarca-oficial-da-jmj-2013\/","name":"Lan\u00e7amento da logomarca oficial da JMJ 2013 - Direto da Sacristia","isPartOf":{"@id":"https:\/\/diretodasacristia.com\/home\/#website"},"primaryImageOfPage":{"@id":"https:\/\/diretodasacristia.com\/home\/brasil\/lancamento-da-logomarca-oficial-da-jmj-2013\/#primaryimage"},"image":{"@id":"https:\/\/diretodasacristia.com\/home\/brasil\/lancamento-da-logomarca-oficial-da-jmj-2013\/#primaryimage"},"thumbnailUrl":"https:\/\/diretodasacristia.com\/home\/wp-content\/uploads\/2012\/02\/Logomarca-JMJ2013.jpg","datePublished":"2012-02-10T02:45:43+00:00","dateModified":"2012-03-15T03:03:31+00:00","breadcrumb":{"@id":"https:\/\/diretodasacristia.com\/home\/brasil\/lancamento-da-logomarca-oficial-da-jmj-2013\/#breadcrumb"},"inLanguage":"pt-BR","potentialAction":[{"@type":"ReadAction","target":["https:\/\/diretodasacristia.com\/home\/brasil\/lancamento-da-logomarca-oficial-da-jmj-2013\/"]}]},{"@type":"ImageObject","inLanguage":"pt-BR","@id":"https:\/\/diretodasacristia.com\/home\/brasil\/lancamento-da-logomarca-oficial-da-jmj-2013\/#primaryimage","url":"https:\/\/diretodasacristia.com\/home\/wp-content\/uploads\/2012\/02\/Logomarca-JMJ2013.jpg","contentUrl":"https:\/\/diretodasacristia.com\/home\/wp-content\/uploads\/2012\/02\/Logomarca-JMJ2013.jpg","width":"516","height":"340","caption":"Logomarca JMJ2013"},{"@type":"BreadcrumbList","@id":"https:\/\/diretodasacristia.com\/home\/brasil\/lancamento-da-logomarca-oficial-da-jmj-2013\/#breadcrumb","itemListElement":[{"@type":"ListItem","position":1,"name":"In\u00edcio","item":"https:\/\/diretodasacristia.com\/home\/"},{"@type":"ListItem","position":2,"name":"Lan\u00e7amento da logomarca oficial da JMJ 2013"}]},{"@type":"WebSite","@id":"https:\/\/diretodasacristia.com\/home\/#website","url":"https:\/\/diretodasacristia.com\/home\/","name":"Direto da Sacristia","description":"Not\u00edcias e artigos sobre a f\u00e9 cat\u00f3lica","publisher":{"@id":"https:\/\/diretodasacristia.com\/home\/#organization"},"potentialAction":[{"@type":"SearchAction","target":{"@type":"EntryPoint","urlTemplate":"https:\/\/diretodasacristia.com\/home\/?s={search_term_string}"},"query-input":{"@type":"PropertyValueSpecification","valueRequired":true,"valueName":"search_term_string"}}],"inLanguage":"pt-BR"},{"@type":"Organization","@id":"https:\/\/diretodasacristia.com\/home\/#organization","name":"Direto da Sacristia","url":"https:\/\/diretodasacristia.com\/home\/","logo":{"@type":"ImageObject","inLanguage":"pt-BR","@id":"https:\/\/diretodasacristia.com\/home\/#\/schema\/logo\/image\/","url":"https:\/\/i0.wp.com\/diretodasacristia.com\/home\/wp-content\/uploads\/2012\/01\/marca-sacristia.png?fit=320%2C306&ssl=1","contentUrl":"https:\/\/i0.wp.com\/diretodasacristia.com\/home\/wp-content\/uploads\/2012\/01\/marca-sacristia.png?fit=320%2C306&ssl=1","width":"320","height":"306","caption":"Direto da Sacristia"},"image":{"@id":"https:\/\/diretodasacristia.com\/home\/#\/schema\/logo\/image\/"},"sameAs":["https:\/\/www.facebook.com\/DiretoSacristia","https:\/\/x.com\/diretosacristia","https:\/\/www.instagram.com\/diretodasacristia\/","https:\/\/www.youtube.com\/diretodasacristia"]},{"@type":"Person","@id":"https:\/\/diretodasacristia.com\/home\/#\/schema\/person\/f2a8b5c1dd46cfb2d998ebc1ccdb8910","name":"Erick Mar\u00e7al","image":{"@type":"ImageObject","inLanguage":"pt-BR","@id":"https:\/\/secure.gravatar.com\/avatar\/b017544cbb11b4a02f0aad8526088df1b5772bb19bdd95c5c0c581d239715c58?s=96&d=mm&r=g","url":"https:\/\/secure.gravatar.com\/avatar\/b017544cbb11b4a02f0aad8526088df1b5772bb19bdd95c5c0c581d239715c58?s=96&d=mm&r=g","contentUrl":"https:\/\/secure.gravatar.com\/avatar\/b017544cbb11b4a02f0aad8526088df1b5772bb19bdd95c5c0c581d239715c58?s=96&d=mm&r=g","caption":"Erick Mar\u00e7al"},"url":"https:\/\/diretodasacristia.com\/home\/author\/carlos\/"}]}},"jetpack_publicize_connections":[],"jetpack_featured_media_url":"https:\/\/diretodasacristia.com\/home\/wp-content\/uploads\/2012\/02\/Logomarca-JMJ2013.jpg","jetpack_sharing_enabled":true,"jetpack_shortlink":"https:\/\/wp.me\/p24aG7-af","jetpack-related-posts":[{"id":29,"url":"https:\/\/diretodasacristia.com\/home\/sem-categoria\/decreto-de-indulgencias-na-jmj-madri-2011-2\/","url_meta":{"origin":635,"position":0},"title":"Decreto de indulg\u00eancias na JMJ Madri 2011","author":"E. Mar\u00e7al","date":"12 de agosto de 2011","format":false,"excerpt":"Cardeal BaldelliPenitenci\u00e1rio da Santa Igrejaque assinou o decreto Do boletim da Sala de Imprensa da Santa S\u00e9 DECRETOda Peninteciaria Apost\u00f3lica com o qual se concedem especiais indulg\u00eanciaspor ocasi\u00e3o da XXVI Jornada Mundial da Juventude(Madri, 16-21 agosto 2011) Concede-se a indulg\u00eancia aos fi\u00e9is que, por ocasi\u00e3o do XXVI Dia Mundial da\u2026","rel":"","context":"Em &quot;Sem categoria&quot;","block_context":{"text":"Sem categoria","link":"https:\/\/diretodasacristia.com\/home\/c\/sem-categoria\/"},"img":{"alt_text":"","src":"","width":0,"height":0},"classes":[]},{"id":240,"url":"https:\/\/diretodasacristia.com\/home\/brasil\/cruz-e-icone-da-jmj-no-brasil\/","url_meta":{"origin":635,"position":1},"title":"Cruz e \u00cdcone da JMJ no Brasil","author":"E. Mar\u00e7al","date":"20 de setembro de 2011","format":false,"excerpt":"Com informa\u00e7\u00f5es do\u00a0Jovens Conectados Fotos\u00a0Flickr\u00a0da Arquidiocese de S\u00e3o Paulo Sacerdote da Arquidiocese de S\u00e3o Paulo mostra a camisa do Evento Mesmo sem a inten\u00e7\u00e3o de criticar alguma coisa em tudo, \u00e9 de se notar que o nome \"Bote F\u00e9\"\u00a0n\u00e3o foi o melhor\u00a0para intitular as atividades do recebimento da Cruz peregrina\u2026","rel":"","context":"Em &quot;Brasil&quot;","block_context":{"text":"Brasil","link":"https:\/\/diretodasacristia.com\/home\/c\/brasil\/"},"img":{"alt_text":"","src":"https:\/\/i0.wp.com\/farm7.static.flickr.com\/6161\/6142156853_02e2255d08_b_d.jpg?resize=350%2C200","width":350,"height":200},"classes":[]},{"id":231,"url":"https:\/\/diretodasacristia.com\/home\/bento-xvi\/bento-xvi-chega-a-madri\/","url_meta":{"origin":635,"position":2},"title":"Bento XVI chega a Madri","author":"E. Mar\u00e7al","date":"18 de agosto de 2011","format":false,"excerpt":"Fotos do\u00a0Day Life Sob onda de protestos contra o financiamento com fundos p\u00fablicos da 26\u00aa Jornada Mundial da Juventude, o Papa Bento XVI desembarcou em Madri, vindo em uma aeronave fretada da companhia Alitalia. O Pont\u00edfice foi recebido no aeroporto de Barajas por suas Majestades Cat\u00f3licas o Rei Juan Carlos\u2026","rel":"","context":"Em &quot;Bento XVI&quot;","block_context":{"text":"Bento XVI","link":"https:\/\/diretodasacristia.com\/home\/c\/bento-xvi\/"},"img":{"alt_text":"","src":"https:\/\/i0.wp.com\/diretodasacristia.com\/home\/wp-content\/uploads\/2011\/08\/610x.jpg?resize=350%2C200","width":350,"height":200,"srcset":"https:\/\/i0.wp.com\/diretodasacristia.com\/home\/wp-content\/uploads\/2011\/08\/610x.jpg?resize=350%2C200 1x, https:\/\/i0.wp.com\/diretodasacristia.com\/home\/wp-content\/uploads\/2011\/08\/610x.jpg?resize=525%2C300 1.5x"},"classes":[]},{"id":855,"url":"https:\/\/diretodasacristia.com\/home\/bento-xvi\/encontro-dos-cardeais-com-o-papa\/","url_meta":{"origin":635,"position":3},"title":"Encontro dos Cardeais com o Papa","author":"E. Mar\u00e7al","date":"18 de fevereiro de 2012","format":false,"excerpt":"Com imagens do Day Life e informa\u00e7\u00f5es da Sala de Imprensa da Santa S\u00e9 parte 1 e 2 \"Se n\u00e3o existe uma verdade, n\u00e3o sabemos para onde ir\" Como havia sido convocado alguns dias depois do an\u00fancio do Consist\u00f3rio celebrado na manh\u00e3 deste s\u00e1bado dia 18, aconteceu ontem, na nova\u2026","rel":"","context":"Em &quot;Bento XVI&quot;","block_context":{"text":"Bento XVI","link":"https:\/\/diretodasacristia.com\/home\/c\/bento-xvi\/"},"img":{"alt_text":"","src":"https:\/\/i0.wp.com\/diretodasacristia.com\/home\/wp-content\/uploads\/2012\/02\/Bento-XVI-ajoelhado-adora%C3%A7%C3%A3o-eucar%C3%ADstica-1024x687.jpg?resize=350%2C200","width":350,"height":200,"srcset":"https:\/\/i0.wp.com\/diretodasacristia.com\/home\/wp-content\/uploads\/2012\/02\/Bento-XVI-ajoelhado-adora%C3%A7%C3%A3o-eucar%C3%ADstica-1024x687.jpg?resize=350%2C200 1x, https:\/\/i0.wp.com\/diretodasacristia.com\/home\/wp-content\/uploads\/2012\/02\/Bento-XVI-ajoelhado-adora%C3%A7%C3%A3o-eucar%C3%ADstica-1024x687.jpg?resize=525%2C300 1.5x"},"classes":[]},{"id":5498,"url":"https:\/\/diretodasacristia.com\/home\/noticias\/uma-tiara-pontificia-para-leao-xiv\/","url_meta":{"origin":635,"position":4},"title":"Uma tiara pontif\u00edcia para Le\u00e3o XIV","author":"Reda\u00e7\u00e3o","date":"6 de mar\u00e7o de 2026","format":false,"excerpt":"A associa\u00e7\u00e3o \"Amici Vaticani\" come\u00e7ou a campanha em 2025, desejando retomar o gesto que as tiaras usadas pelos papas lhes foram presenteadas ou por suas antigas dioceses ou pelas regi\u00f5es das quais proveniam.","rel":"","context":"Em &quot;Liturgia&quot;","block_context":{"text":"Liturgia","link":"https:\/\/diretodasacristia.com\/home\/c\/liturgia\/"},"img":{"alt_text":"","src":"https:\/\/i0.wp.com\/diretodasacristia.com\/home\/wp-content\/uploads\/2026\/03\/31fc9a_32dfb9c5bef44eff8f927c22368601b77Emv2-scaled.jpg?resize=350%2C200&ssl=1","width":350,"height":200,"srcset":"https:\/\/i0.wp.com\/diretodasacristia.com\/home\/wp-content\/uploads\/2026\/03\/31fc9a_32dfb9c5bef44eff8f927c22368601b77Emv2-scaled.jpg?resize=350%2C200&ssl=1 1x, https:\/\/i0.wp.com\/diretodasacristia.com\/home\/wp-content\/uploads\/2026\/03\/31fc9a_32dfb9c5bef44eff8f927c22368601b77Emv2-scaled.jpg?resize=525%2C300&ssl=1 1.5x, https:\/\/i0.wp.com\/diretodasacristia.com\/home\/wp-content\/uploads\/2026\/03\/31fc9a_32dfb9c5bef44eff8f927c22368601b77Emv2-scaled.jpg?resize=700%2C400&ssl=1 2x, https:\/\/i0.wp.com\/diretodasacristia.com\/home\/wp-content\/uploads\/2026\/03\/31fc9a_32dfb9c5bef44eff8f927c22368601b77Emv2-scaled.jpg?resize=1050%2C600&ssl=1 3x, https:\/\/i0.wp.com\/diretodasacristia.com\/home\/wp-content\/uploads\/2026\/03\/31fc9a_32dfb9c5bef44eff8f927c22368601b77Emv2-scaled.jpg?resize=1400%2C800&ssl=1 4x"},"classes":[]},{"id":2035,"url":"https:\/\/diretodasacristia.com\/home\/liturgia\/dois-diaconos-brasileiros-na-missa-papal-de-ramos\/","url_meta":{"origin":635,"position":5},"title":"Dois di\u00e1conos brasileiros na Missa papal de Ramos","author":"E. Mar\u00e7al","date":"31 de mar\u00e7o de 2012","format":false,"excerpt":"Dois di\u00e1conos brasileiros, incardinados na Arquidiocese de S\u00e3o Sebasti\u00e3o do Rio de Janeiro, assistir\u00e3o o trono papal durante a Santa Missa \"no Domingo de Ramos e da Paix\u00e3o do Senhor\".","rel":"","context":"Em &quot;Liturgia&quot;","block_context":{"text":"Liturgia","link":"https:\/\/diretodasacristia.com\/home\/c\/liturgia\/"},"img":{"alt_text":"","src":"https:\/\/i0.wp.com\/diretodasacristia.com\/home\/wp-content\/uploads\/2012\/03\/Arnaldo-Rodrigues.jpg?resize=350%2C200&ssl=1","width":350,"height":200,"srcset":"https:\/\/i0.wp.com\/diretodasacristia.com\/home\/wp-content\/uploads\/2012\/03\/Arnaldo-Rodrigues.jpg?resize=350%2C200&ssl=1 1x, https:\/\/i0.wp.com\/diretodasacristia.com\/home\/wp-content\/uploads\/2012\/03\/Arnaldo-Rodrigues.jpg?resize=525%2C300&ssl=1 1.5x, https:\/\/i0.wp.com\/diretodasacristia.com\/home\/wp-content\/uploads\/2012\/03\/Arnaldo-Rodrigues.jpg?resize=700%2C400&ssl=1 2x"},"classes":[]}],"post_mailing_queue_ids":[],"_links":{"self":[{"href":"https:\/\/diretodasacristia.com\/home\/wp-json\/wp\/v2\/posts\/635","targetHints":{"allow":["GET"]}}],"collection":[{"href":"https:\/\/diretodasacristia.com\/home\/wp-json\/wp\/v2\/posts"}],"about":[{"href":"https:\/\/diretodasacristia.com\/home\/wp-json\/wp\/v2\/types\/post"}],"author":[{"embeddable":true,"href":"https:\/\/diretodasacristia.com\/home\/wp-json\/wp\/v2\/users\/4"}],"replies":[{"embeddable":true,"href":"https:\/\/diretodasacristia.com\/home\/wp-json\/wp\/v2\/comments?post=635"}],"version-history":[{"count":25,"href":"https:\/\/diretodasacristia.com\/home\/wp-json\/wp\/v2\/posts\/635\/revisions"}],"predecessor-version":[{"id":661,"href":"https:\/\/diretodasacristia.com\/home\/wp-json\/wp\/v2\/posts\/635\/revisions\/661"}],"wp:featuredmedia":[{"embeddable":true,"href":"https:\/\/diretodasacristia.com\/home\/wp-json\/wp\/v2\/media\/636"}],"wp:attachment":[{"href":"https:\/\/diretodasacristia.com\/home\/wp-json\/wp\/v2\/media?parent=635"}],"wp:term":[{"taxonomy":"category","embeddable":true,"href":"https:\/\/diretodasacristia.com\/home\/wp-json\/wp\/v2\/categories?post=635"},{"taxonomy":"post_tag","embeddable":true,"href":"https:\/\/diretodasacristia.com\/home\/wp-json\/wp\/v2\/tags?post=635"}],"curies":[{"name":"wp","href":"https:\/\/api.w.org\/{rel}","templated":true}]}}