{"id":68,"date":"2011-04-23T03:00:00","date_gmt":"2011-04-23T03:00:00","guid":{"rendered":"http:\/\/diretodasacristia.com\/home\/sem-categoria\/vigilia-pascal-no-vaticano-2\/"},"modified":"2011-04-23T03:00:00","modified_gmt":"2011-04-23T03:00:00","slug":"vigilia-pascal-no-vaticano-2","status":"publish","type":"post","link":"https:\/\/diretodasacristia.com\/home\/sem-categoria\/vigilia-pascal-no-vaticano-2\/","title":{"rendered":"Vig\u00edlia Pascal no Vaticano"},"content":{"rendered":"<div style=\"text-align: center;\"><span class=\"Apple-style-span\"><u><br \/><\/u><\/span><\/div>\n<div style=\"text-align: justify;\"><span class=\"Apple-style-span\">Neste s\u00e1bado, \u00e0s 21h, o Santo Padre presidir\u00e1 \u00e0 Vig\u00edlia Pascal, iniciando com a b\u00ean\u00e7\u00e3o do fogo novo no \u00e1trio da Bas\u00edlica Vaticana, seguida do ingresso do c\u00edrio pascal na igreja e o canto do <i>Exultet, <\/i>da Liturgia da Palavra, da Liturgia do Batismo e da Liturgia eucar\u00edstica, concelebrada com os Eminent\u00edssimos Cardeais.<\/span><\/div>\n<div style=\"text-align: justify;\"><span class=\"Apple-style-span\"><br \/><\/span><\/div>\n<div style=\"text-align: justify;\"><span class=\"Apple-style-span\"><br \/><\/span><\/div>\n<div style=\"text-align: justify;\"><span class=\"Apple-style-span\"><span class=\"Apple-style-span\" style=\"font-family: Georgia, serif; \"><a href=\"http:\/\/4.bp.blogspot.com\/-DKP8C2OXIVo\/TbJM30943uI\/AAAAAAAACGk\/JFD663aj6CM\/s1600\/Bento%2BXVI%2Bvela%2BVig%25C3%25ADlia%2BPascal%2B2008.jpg\" onblur=\"try {parent.deselectBloggerImageGracefully();} catch(e) {}\"><img decoding=\"async\" src=\"http:\/\/4.bp.blogspot.com\/-DKP8C2OXIVo\/TbJM30943uI\/AAAAAAAACGk\/JFD663aj6CM\/s400\/Bento%2BXVI%2Bvela%2BVig%25C3%25ADlia%2BPascal%2B2008.jpg\" border=\"0\" alt=\"\" id=\"BLOGGER_PHOTO_ID_5598621808769687266\" style=\"display: block; margin-top: 0px; margin-right: auto; margin-bottom: 10px; margin-left: auto; text-align: center; cursor: pointer; width: 400px; height: 265px; \" \/><\/a><\/span><\/span><\/div>\n<div><span class=\"Apple-style-span\"><br \/><\/span><\/div>\n<div style=\"text-align: justify;\"><span class=\"Apple-style-span\"><br \/><\/span><\/div>\n<div style=\"text-align: justify;\"><span class=\"Apple-style-span\">O pr\u00f3prio da liturgia papal nesta cerim\u00f4nia \u00e9 o an\u00fancio da P\u00e1scoa feito pelo di\u00e1cono ao Romano Pont\u00edfice: ap\u00f3s a leitura da Ep\u00edstola aos Romanos e antecedendo o canto do Aleluia, um di\u00e1cono ajoelha-se diante do Pont\u00edfice e a ele diz, semelhantemente \u00e0 famosa frase quando da elei\u00e7\u00e3o de um papa:<\/span><\/div>\n<div style=\"text-align: justify;\"><span class=\"Apple-style-span\"><br \/><\/span><\/div>\n<div style=\"text-align: justify;\"><span class=\"Apple-style-span\"><br \/><\/span><\/div>\n<p><span class=\"Apple-style-span\"><\/p>\n<div style=\"text-align: center;\"><i>Beatissime Pater, annuntio vobis gaudium magnum, quod est Alleluia.<\/i><\/div>\n<div style=\"text-align: center;\"><span class=\"Apple-style-span\">Beat\u00edssimo Padre, eu vos anuncio uma grande alegria: Aleluia.<\/span><\/div>\n<div style=\"text-align: center;\"><\/div>\n<div style=\"text-align: center;\"><\/div>\n<div style=\"text-align: justify;\">\u00c0s 16h (hor\u00e1rio brasileiro), a Tv Can\u00e7\u00e3o Nova transmitir\u00e1 ao vivo a celebra\u00e7\u00e3o, em sinal aberto e na <a href=\"http:\/\/tv.cancaonova.com\/\">internet<\/a>.<\/div>\n<div style=\"text-align: justify;\"><\/div>\n<p><\/span><\/p>\n","protected":false},"excerpt":{"rendered":"Neste s\u00e1bado, \u00e0s 21h, o Santo Padre presidir\u00e1 \u00e0 Vig\u00edlia Pascal, iniciando com a b\u00ean\u00e7\u00e3o do fogo novo no \u00e1trio da Bas\u00edlica Vaticana, seguida do ingresso do c\u00edrio pascal na igreja e o canto do Exultet, da Liturgia da Palavra, da Liturgia do Batismo e da Liturgia eucar\u00edstica, concelebrada com os Eminent\u00edssimos Cardeais. O pr\u00f3prio&#8230; <a class=\"view-article\" href=\"https:\/\/diretodasacristia.com\/home\/sem-categoria\/vigilia-pascal-no-vaticano-2\/\">Ver artigo<\/a>","protected":false},"author":3,"featured_media":0,"comment_status":"open","ping_status":"open","sticky":false,"template":"","format":"standard","meta":{"jetpack_post_was_ever_published":false,"_jetpack_newsletter_access":"","_jetpack_dont_email_post_to_subs":false,"_jetpack_newsletter_tier_id":0,"_jetpack_memberships_contains_paywalled_content":false,"_jetpack_memberships_contains_paid_content":false,"_joinchat":[],"footnotes":"","jetpack_publicize_message":"","jetpack_publicize_feature_enabled":true,"jetpack_social_post_already_shared":false,"jetpack_social_options":{"image_generator_settings":{"template":"highway","default_image_id":0,"font":"","enabled":false},"version":2}},"categories":[1],"tags":[],"class_list":["post-68","post","type-post","status-publish","format-standard","hentry","category-sem-categoria"],"yoast_head":"<!-- This site is optimized with the Yoast SEO plugin v27.4 - https:\/\/yoast.com\/product\/yoast-seo-wordpress\/ -->\n<title>Vig\u00edlia Pascal no Vaticano - Direto da Sacristia<\/title>\n<meta name=\"robots\" content=\"index, follow, max-snippet:-1, max-image-preview:large, max-video-preview:-1\" \/>\n<link rel=\"canonical\" href=\"https:\/\/diretodasacristia.com\/home\/sem-categoria\/vigilia-pascal-no-vaticano-2\/\" \/>\n<meta property=\"og:locale\" content=\"pt_BR\" \/>\n<meta property=\"og:type\" content=\"article\" \/>\n<meta property=\"og:title\" content=\"Vig\u00edlia Pascal no Vaticano - Direto da Sacristia\" \/>\n<meta property=\"og:description\" content=\"Neste s\u00e1bado, \u00e0s 21h, o Santo Padre presidir\u00e1 \u00e0 Vig\u00edlia Pascal, iniciando com a b\u00ean\u00e7\u00e3o do fogo novo no \u00e1trio da Bas\u00edlica Vaticana, seguida do ingresso do c\u00edrio pascal na igreja e o canto do Exultet, da Liturgia da Palavra, da Liturgia do Batismo e da Liturgia eucar\u00edstica, concelebrada com os Eminent\u00edssimos Cardeais. O pr\u00f3prio... Ver artigo\" \/>\n<meta property=\"og:url\" content=\"https:\/\/diretodasacristia.com\/home\/sem-categoria\/vigilia-pascal-no-vaticano-2\/\" \/>\n<meta property=\"og:site_name\" content=\"Direto da Sacristia\" \/>\n<meta property=\"article:publisher\" content=\"https:\/\/www.facebook.com\/DiretoSacristia\" \/>\n<meta property=\"article:published_time\" content=\"2011-04-23T03:00:00+00:00\" \/>\n<meta property=\"og:image\" content=\"http:\/\/4.bp.blogspot.com\/-DKP8C2OXIVo\/TbJM30943uI\/AAAAAAAACGk\/JFD663aj6CM\/s400\/Bento%2BXVI%2Bvela%2BVig%25C3%25ADlia%2BPascal%2B2008.jpg\" \/>\n<meta name=\"author\" content=\"E. Mar\u00e7al\" \/>\n<meta name=\"twitter:card\" content=\"summary_large_image\" \/>\n<meta name=\"twitter:creator\" content=\"@diretosacristia\" \/>\n<meta name=\"twitter:site\" content=\"@diretosacristia\" \/>\n<meta name=\"twitter:label1\" content=\"Escrito por\" \/>\n\t<meta name=\"twitter:data1\" content=\"E. Mar\u00e7al\" \/>\n\t<meta name=\"twitter:label2\" content=\"Est. tempo de leitura\" \/>\n\t<meta name=\"twitter:data2\" content=\"1 minuto\" \/>\n<script type=\"application\/ld+json\" class=\"yoast-schema-graph\">{\"@context\":\"https:\\\/\\\/schema.org\",\"@graph\":[{\"@type\":\"Article\",\"@id\":\"https:\\\/\\\/diretodasacristia.com\\\/home\\\/sem-categoria\\\/vigilia-pascal-no-vaticano-2\\\/#article\",\"isPartOf\":{\"@id\":\"https:\\\/\\\/diretodasacristia.com\\\/home\\\/sem-categoria\\\/vigilia-pascal-no-vaticano-2\\\/\"},\"author\":{\"name\":\"E. Mar\u00e7al\",\"@id\":\"https:\\\/\\\/diretodasacristia.com\\\/home\\\/#\\\/schema\\\/person\\\/3d453ef1f7d57c0bb0990b8070642721\"},\"headline\":\"Vig\u00edlia Pascal no Vaticano\",\"datePublished\":\"2011-04-23T03:00:00+00:00\",\"mainEntityOfPage\":{\"@id\":\"https:\\\/\\\/diretodasacristia.com\\\/home\\\/sem-categoria\\\/vigilia-pascal-no-vaticano-2\\\/\"},\"wordCount\":166,\"commentCount\":0,\"publisher\":{\"@id\":\"https:\\\/\\\/diretodasacristia.com\\\/home\\\/#organization\"},\"image\":{\"@id\":\"https:\\\/\\\/diretodasacristia.com\\\/home\\\/sem-categoria\\\/vigilia-pascal-no-vaticano-2\\\/#primaryimage\"},\"thumbnailUrl\":\"http:\\\/\\\/4.bp.blogspot.com\\\/-DKP8C2OXIVo\\\/TbJM30943uI\\\/AAAAAAAACGk\\\/JFD663aj6CM\\\/s400\\\/Bento%2BXVI%2Bvela%2BVig%25C3%25ADlia%2BPascal%2B2008.jpg\",\"inLanguage\":\"pt-BR\",\"potentialAction\":[{\"@type\":\"CommentAction\",\"name\":\"Comment\",\"target\":[\"https:\\\/\\\/diretodasacristia.com\\\/home\\\/sem-categoria\\\/vigilia-pascal-no-vaticano-2\\\/#respond\"]}]},{\"@type\":\"WebPage\",\"@id\":\"https:\\\/\\\/diretodasacristia.com\\\/home\\\/sem-categoria\\\/vigilia-pascal-no-vaticano-2\\\/\",\"url\":\"https:\\\/\\\/diretodasacristia.com\\\/home\\\/sem-categoria\\\/vigilia-pascal-no-vaticano-2\\\/\",\"name\":\"Vig\u00edlia Pascal no Vaticano - Direto da Sacristia\",\"isPartOf\":{\"@id\":\"https:\\\/\\\/diretodasacristia.com\\\/home\\\/#website\"},\"primaryImageOfPage\":{\"@id\":\"https:\\\/\\\/diretodasacristia.com\\\/home\\\/sem-categoria\\\/vigilia-pascal-no-vaticano-2\\\/#primaryimage\"},\"image\":{\"@id\":\"https:\\\/\\\/diretodasacristia.com\\\/home\\\/sem-categoria\\\/vigilia-pascal-no-vaticano-2\\\/#primaryimage\"},\"thumbnailUrl\":\"http:\\\/\\\/4.bp.blogspot.com\\\/-DKP8C2OXIVo\\\/TbJM30943uI\\\/AAAAAAAACGk\\\/JFD663aj6CM\\\/s400\\\/Bento%2BXVI%2Bvela%2BVig%25C3%25ADlia%2BPascal%2B2008.jpg\",\"datePublished\":\"2011-04-23T03:00:00+00:00\",\"breadcrumb\":{\"@id\":\"https:\\\/\\\/diretodasacristia.com\\\/home\\\/sem-categoria\\\/vigilia-pascal-no-vaticano-2\\\/#breadcrumb\"},\"inLanguage\":\"pt-BR\",\"potentialAction\":[{\"@type\":\"ReadAction\",\"target\":[\"https:\\\/\\\/diretodasacristia.com\\\/home\\\/sem-categoria\\\/vigilia-pascal-no-vaticano-2\\\/\"]}]},{\"@type\":\"ImageObject\",\"inLanguage\":\"pt-BR\",\"@id\":\"https:\\\/\\\/diretodasacristia.com\\\/home\\\/sem-categoria\\\/vigilia-pascal-no-vaticano-2\\\/#primaryimage\",\"url\":\"http:\\\/\\\/4.bp.blogspot.com\\\/-DKP8C2OXIVo\\\/TbJM30943uI\\\/AAAAAAAACGk\\\/JFD663aj6CM\\\/s400\\\/Bento%2BXVI%2Bvela%2BVig%25C3%25ADlia%2BPascal%2B2008.jpg\",\"contentUrl\":\"http:\\\/\\\/4.bp.blogspot.com\\\/-DKP8C2OXIVo\\\/TbJM30943uI\\\/AAAAAAAACGk\\\/JFD663aj6CM\\\/s400\\\/Bento%2BXVI%2Bvela%2BVig%25C3%25ADlia%2BPascal%2B2008.jpg\"},{\"@type\":\"BreadcrumbList\",\"@id\":\"https:\\\/\\\/diretodasacristia.com\\\/home\\\/sem-categoria\\\/vigilia-pascal-no-vaticano-2\\\/#breadcrumb\",\"itemListElement\":[{\"@type\":\"ListItem\",\"position\":1,\"name\":\"In\u00edcio\",\"item\":\"https:\\\/\\\/diretodasacristia.com\\\/home\\\/\"},{\"@type\":\"ListItem\",\"position\":2,\"name\":\"Vig\u00edlia Pascal no Vaticano\"}]},{\"@type\":\"WebSite\",\"@id\":\"https:\\\/\\\/diretodasacristia.com\\\/home\\\/#website\",\"url\":\"https:\\\/\\\/diretodasacristia.com\\\/home\\\/\",\"name\":\"Direto da Sacristia\",\"description\":\"Not\u00edcias e artigos sobre a f\u00e9 cat\u00f3lica\",\"publisher\":{\"@id\":\"https:\\\/\\\/diretodasacristia.com\\\/home\\\/#organization\"},\"potentialAction\":[{\"@type\":\"SearchAction\",\"target\":{\"@type\":\"EntryPoint\",\"urlTemplate\":\"https:\\\/\\\/diretodasacristia.com\\\/home\\\/?s={search_term_string}\"},\"query-input\":{\"@type\":\"PropertyValueSpecification\",\"valueRequired\":true,\"valueName\":\"search_term_string\"}}],\"inLanguage\":\"pt-BR\"},{\"@type\":\"Organization\",\"@id\":\"https:\\\/\\\/diretodasacristia.com\\\/home\\\/#organization\",\"name\":\"Direto da Sacristia\",\"url\":\"https:\\\/\\\/diretodasacristia.com\\\/home\\\/\",\"logo\":{\"@type\":\"ImageObject\",\"inLanguage\":\"pt-BR\",\"@id\":\"https:\\\/\\\/diretodasacristia.com\\\/home\\\/#\\\/schema\\\/logo\\\/image\\\/\",\"url\":\"https:\\\/\\\/i0.wp.com\\\/diretodasacristia.com\\\/home\\\/wp-content\\\/uploads\\\/2012\\\/01\\\/marca-sacristia.png?fit=320%2C306&ssl=1\",\"contentUrl\":\"https:\\\/\\\/i0.wp.com\\\/diretodasacristia.com\\\/home\\\/wp-content\\\/uploads\\\/2012\\\/01\\\/marca-sacristia.png?fit=320%2C306&ssl=1\",\"width\":\"320\",\"height\":\"306\",\"caption\":\"Direto da Sacristia\"},\"image\":{\"@id\":\"https:\\\/\\\/diretodasacristia.com\\\/home\\\/#\\\/schema\\\/logo\\\/image\\\/\"},\"sameAs\":[\"https:\\\/\\\/www.facebook.com\\\/DiretoSacristia\",\"https:\\\/\\\/x.com\\\/diretosacristia\",\"https:\\\/\\\/www.instagram.com\\\/diretodasacristia\\\/\",\"https:\\\/\\\/www.youtube.com\\\/diretodasacristia\"]},{\"@type\":\"Person\",\"@id\":\"https:\\\/\\\/diretodasacristia.com\\\/home\\\/#\\\/schema\\\/person\\\/3d453ef1f7d57c0bb0990b8070642721\",\"name\":\"E. Mar\u00e7al\",\"image\":{\"@type\":\"ImageObject\",\"inLanguage\":\"pt-BR\",\"@id\":\"https:\\\/\\\/secure.gravatar.com\\\/avatar\\\/348ff80a5ddde3de6c8b6e0c5b066b733f9245285d9ab87cd2e2ff652ffa95b0?s=96&d=mm&r=g\",\"url\":\"https:\\\/\\\/secure.gravatar.com\\\/avatar\\\/348ff80a5ddde3de6c8b6e0c5b066b733f9245285d9ab87cd2e2ff652ffa95b0?s=96&d=mm&r=g\",\"contentUrl\":\"https:\\\/\\\/secure.gravatar.com\\\/avatar\\\/348ff80a5ddde3de6c8b6e0c5b066b733f9245285d9ab87cd2e2ff652ffa95b0?s=96&d=mm&r=g\",\"caption\":\"E. Mar\u00e7al\"},\"url\":\"https:\\\/\\\/diretodasacristia.com\\\/home\\\/author\\\/erick\\\/\"}]}<\/script>\n<!-- \/ Yoast SEO plugin. -->","yoast_head_json":{"title":"Vig\u00edlia Pascal no Vaticano - Direto da Sacristia","robots":{"index":"index","follow":"follow","max-snippet":"max-snippet:-1","max-image-preview":"max-image-preview:large","max-video-preview":"max-video-preview:-1"},"canonical":"https:\/\/diretodasacristia.com\/home\/sem-categoria\/vigilia-pascal-no-vaticano-2\/","og_locale":"pt_BR","og_type":"article","og_title":"Vig\u00edlia Pascal no Vaticano - Direto da Sacristia","og_description":"Neste s\u00e1bado, \u00e0s 21h, o Santo Padre presidir\u00e1 \u00e0 Vig\u00edlia Pascal, iniciando com a b\u00ean\u00e7\u00e3o do fogo novo no \u00e1trio da Bas\u00edlica Vaticana, seguida do ingresso do c\u00edrio pascal na igreja e o canto do Exultet, da Liturgia da Palavra, da Liturgia do Batismo e da Liturgia eucar\u00edstica, concelebrada com os Eminent\u00edssimos Cardeais. O pr\u00f3prio... Ver artigo","og_url":"https:\/\/diretodasacristia.com\/home\/sem-categoria\/vigilia-pascal-no-vaticano-2\/","og_site_name":"Direto da Sacristia","article_publisher":"https:\/\/www.facebook.com\/DiretoSacristia","article_published_time":"2011-04-23T03:00:00+00:00","og_image":[{"url":"http:\/\/4.bp.blogspot.com\/-DKP8C2OXIVo\/TbJM30943uI\/AAAAAAAACGk\/JFD663aj6CM\/s400\/Bento%2BXVI%2Bvela%2BVig%25C3%25ADlia%2BPascal%2B2008.jpg","type":"","width":"","height":""}],"author":"E. Mar\u00e7al","twitter_card":"summary_large_image","twitter_creator":"@diretosacristia","twitter_site":"@diretosacristia","twitter_misc":{"Escrito por":"E. Mar\u00e7al","Est. tempo de leitura":"1 minuto"},"schema":{"@context":"https:\/\/schema.org","@graph":[{"@type":"Article","@id":"https:\/\/diretodasacristia.com\/home\/sem-categoria\/vigilia-pascal-no-vaticano-2\/#article","isPartOf":{"@id":"https:\/\/diretodasacristia.com\/home\/sem-categoria\/vigilia-pascal-no-vaticano-2\/"},"author":{"name":"E. Mar\u00e7al","@id":"https:\/\/diretodasacristia.com\/home\/#\/schema\/person\/3d453ef1f7d57c0bb0990b8070642721"},"headline":"Vig\u00edlia Pascal no Vaticano","datePublished":"2011-04-23T03:00:00+00:00","mainEntityOfPage":{"@id":"https:\/\/diretodasacristia.com\/home\/sem-categoria\/vigilia-pascal-no-vaticano-2\/"},"wordCount":166,"commentCount":0,"publisher":{"@id":"https:\/\/diretodasacristia.com\/home\/#organization"},"image":{"@id":"https:\/\/diretodasacristia.com\/home\/sem-categoria\/vigilia-pascal-no-vaticano-2\/#primaryimage"},"thumbnailUrl":"http:\/\/4.bp.blogspot.com\/-DKP8C2OXIVo\/TbJM30943uI\/AAAAAAAACGk\/JFD663aj6CM\/s400\/Bento%2BXVI%2Bvela%2BVig%25C3%25ADlia%2BPascal%2B2008.jpg","inLanguage":"pt-BR","potentialAction":[{"@type":"CommentAction","name":"Comment","target":["https:\/\/diretodasacristia.com\/home\/sem-categoria\/vigilia-pascal-no-vaticano-2\/#respond"]}]},{"@type":"WebPage","@id":"https:\/\/diretodasacristia.com\/home\/sem-categoria\/vigilia-pascal-no-vaticano-2\/","url":"https:\/\/diretodasacristia.com\/home\/sem-categoria\/vigilia-pascal-no-vaticano-2\/","name":"Vig\u00edlia Pascal no Vaticano - Direto da Sacristia","isPartOf":{"@id":"https:\/\/diretodasacristia.com\/home\/#website"},"primaryImageOfPage":{"@id":"https:\/\/diretodasacristia.com\/home\/sem-categoria\/vigilia-pascal-no-vaticano-2\/#primaryimage"},"image":{"@id":"https:\/\/diretodasacristia.com\/home\/sem-categoria\/vigilia-pascal-no-vaticano-2\/#primaryimage"},"thumbnailUrl":"http:\/\/4.bp.blogspot.com\/-DKP8C2OXIVo\/TbJM30943uI\/AAAAAAAACGk\/JFD663aj6CM\/s400\/Bento%2BXVI%2Bvela%2BVig%25C3%25ADlia%2BPascal%2B2008.jpg","datePublished":"2011-04-23T03:00:00+00:00","breadcrumb":{"@id":"https:\/\/diretodasacristia.com\/home\/sem-categoria\/vigilia-pascal-no-vaticano-2\/#breadcrumb"},"inLanguage":"pt-BR","potentialAction":[{"@type":"ReadAction","target":["https:\/\/diretodasacristia.com\/home\/sem-categoria\/vigilia-pascal-no-vaticano-2\/"]}]},{"@type":"ImageObject","inLanguage":"pt-BR","@id":"https:\/\/diretodasacristia.com\/home\/sem-categoria\/vigilia-pascal-no-vaticano-2\/#primaryimage","url":"http:\/\/4.bp.blogspot.com\/-DKP8C2OXIVo\/TbJM30943uI\/AAAAAAAACGk\/JFD663aj6CM\/s400\/Bento%2BXVI%2Bvela%2BVig%25C3%25ADlia%2BPascal%2B2008.jpg","contentUrl":"http:\/\/4.bp.blogspot.com\/-DKP8C2OXIVo\/TbJM30943uI\/AAAAAAAACGk\/JFD663aj6CM\/s400\/Bento%2BXVI%2Bvela%2BVig%25C3%25ADlia%2BPascal%2B2008.jpg"},{"@type":"BreadcrumbList","@id":"https:\/\/diretodasacristia.com\/home\/sem-categoria\/vigilia-pascal-no-vaticano-2\/#breadcrumb","itemListElement":[{"@type":"ListItem","position":1,"name":"In\u00edcio","item":"https:\/\/diretodasacristia.com\/home\/"},{"@type":"ListItem","position":2,"name":"Vig\u00edlia Pascal no Vaticano"}]},{"@type":"WebSite","@id":"https:\/\/diretodasacristia.com\/home\/#website","url":"https:\/\/diretodasacristia.com\/home\/","name":"Direto da Sacristia","description":"Not\u00edcias e artigos sobre a f\u00e9 cat\u00f3lica","publisher":{"@id":"https:\/\/diretodasacristia.com\/home\/#organization"},"potentialAction":[{"@type":"SearchAction","target":{"@type":"EntryPoint","urlTemplate":"https:\/\/diretodasacristia.com\/home\/?s={search_term_string}"},"query-input":{"@type":"PropertyValueSpecification","valueRequired":true,"valueName":"search_term_string"}}],"inLanguage":"pt-BR"},{"@type":"Organization","@id":"https:\/\/diretodasacristia.com\/home\/#organization","name":"Direto da Sacristia","url":"https:\/\/diretodasacristia.com\/home\/","logo":{"@type":"ImageObject","inLanguage":"pt-BR","@id":"https:\/\/diretodasacristia.com\/home\/#\/schema\/logo\/image\/","url":"https:\/\/i0.wp.com\/diretodasacristia.com\/home\/wp-content\/uploads\/2012\/01\/marca-sacristia.png?fit=320%2C306&ssl=1","contentUrl":"https:\/\/i0.wp.com\/diretodasacristia.com\/home\/wp-content\/uploads\/2012\/01\/marca-sacristia.png?fit=320%2C306&ssl=1","width":"320","height":"306","caption":"Direto da Sacristia"},"image":{"@id":"https:\/\/diretodasacristia.com\/home\/#\/schema\/logo\/image\/"},"sameAs":["https:\/\/www.facebook.com\/DiretoSacristia","https:\/\/x.com\/diretosacristia","https:\/\/www.instagram.com\/diretodasacristia\/","https:\/\/www.youtube.com\/diretodasacristia"]},{"@type":"Person","@id":"https:\/\/diretodasacristia.com\/home\/#\/schema\/person\/3d453ef1f7d57c0bb0990b8070642721","name":"E. Mar\u00e7al","image":{"@type":"ImageObject","inLanguage":"pt-BR","@id":"https:\/\/secure.gravatar.com\/avatar\/348ff80a5ddde3de6c8b6e0c5b066b733f9245285d9ab87cd2e2ff652ffa95b0?s=96&d=mm&r=g","url":"https:\/\/secure.gravatar.com\/avatar\/348ff80a5ddde3de6c8b6e0c5b066b733f9245285d9ab87cd2e2ff652ffa95b0?s=96&d=mm&r=g","contentUrl":"https:\/\/secure.gravatar.com\/avatar\/348ff80a5ddde3de6c8b6e0c5b066b733f9245285d9ab87cd2e2ff652ffa95b0?s=96&d=mm&r=g","caption":"E. Mar\u00e7al"},"url":"https:\/\/diretodasacristia.com\/home\/author\/erick\/"}]}},"jetpack_publicize_connections":[],"jetpack_featured_media_url":"","jetpack_sharing_enabled":true,"jetpack_shortlink":"https:\/\/wp.me\/p24aG7-16","jetpack-related-posts":[{"id":4427,"url":"https:\/\/diretodasacristia.com\/home\/heri-et-hodie\/a-vigilia-de-pentecostes-o-rito-proprio\/","url_meta":{"origin":68,"position":0},"title":"A Vig\u00edlia de Pentecostes &#8211; O rito pr\u00f3prio","author":"E. Mar\u00e7al","date":"17 de maio de 2015","format":false,"excerpt":"A reforma lit\u00fargica do Vaticano II preservou um rito pr\u00f3prio para a Vig\u00edlia de Pentecostes, infelizmente, esquecido por muitos no fim da Missal Romano, entre as p\u00e1ginas 997 e 1000.","rel":"","context":"Em &quot;Destaque&quot;","block_context":{"text":"Destaque","link":"https:\/\/diretodasacristia.com\/home\/c\/destaque\/"},"img":{"alt_text":"","src":"http:\/\/i0.wp.com\/diretodasacristia.com\/home\/wp-content\/uploads\/2015\/05\/Esp%C3%ADrito-Santo-pomba-raios-dourados-e1431911833767.jpg?resize=350%2C200","width":350,"height":200,"srcset":"http:\/\/i0.wp.com\/diretodasacristia.com\/home\/wp-content\/uploads\/2015\/05\/Esp%C3%ADrito-Santo-pomba-raios-dourados-e1431911833767.jpg?resize=350%2C200 1x, http:\/\/i0.wp.com\/diretodasacristia.com\/home\/wp-content\/uploads\/2015\/05\/Esp%C3%ADrito-Santo-pomba-raios-dourados-e1431911833767.jpg?resize=525%2C300 1.5x, http:\/\/i0.wp.com\/diretodasacristia.com\/home\/wp-content\/uploads\/2015\/05\/Esp%C3%ADrito-Santo-pomba-raios-dourados-e1431911833767.jpg?resize=700%2C400 2x"},"classes":[]},{"id":3008,"url":"https:\/\/diretodasacristia.com\/home\/liturgia\/a-ascensao-no-rito-ambrosiano\/","url_meta":{"origin":68,"position":1},"title":"A Ascens\u00e3o no rito ambrosiano","author":"E. Mar\u00e7al","date":"20 de maio de 2012","format":false,"excerpt":"Durante o canto do Evangelho na Missa da vig\u00edlia da Ascens\u00e3o do Senhor, o c\u00edrio pascal \u00e9 lentamente suspenso do lugar onde estava at\u00e9 o teto da Catedral. Enquanto que no rito romano o sinal usado para significar a ascens\u00e3o de Cristo \u00e9 apagando o c\u00edrio pascal, que assistiu a\u2026","rel":"","context":"Em &quot;Destaque&quot;","block_context":{"text":"Destaque","link":"https:\/\/diretodasacristia.com\/home\/c\/destaque\/"},"img":{"alt_text":"","src":"https:\/\/i0.wp.com\/diretodasacristia.com\/home\/wp-content\/uploads\/2012\/05\/EFLbUKrl.jpg?resize=350%2C200&ssl=1","width":350,"height":200},"classes":[]},{"id":1934,"url":"https:\/\/diretodasacristia.com\/home\/bento-xvi\/semana-santa-no-vaticano\/","url_meta":{"origin":68,"position":2},"title":"Semana Santa no Vaticano","author":"E. Mar\u00e7al","date":"30 de mar\u00e7o de 2012","format":false,"excerpt":"Ao alternarmos as indica\u00e7\u00f5es das cerim\u00f4nias presididas pelo Romano Pont\u00edfice com coment\u00e1rios do Mons. Guido Marini, destacamos a sua magistral explica\u00e7\u00e3o sobre a natureza lit\u00fargica das celebra\u00e7\u00f5es da Semana Santa, que s\u00e3o atualizadas durante os divinos of\u00edcios; os detalhes, como, por exemplo, de onde v\u00eam o c\u00edrio pascal, as flores,\u2026","rel":"","context":"Em &quot;Bento XVI&quot;","block_context":{"text":"Bento XVI","link":"https:\/\/diretodasacristia.com\/home\/c\/bento-xvi\/"},"img":{"alt_text":"","src":"https:\/\/i0.wp.com\/diretodasacristia.com\/home\/wp-content\/uploads\/2012\/03\/Bento-XVI-vela-escuro-Easter-Vigil-e1333422908366.jpg?resize=350%2C200&ssl=1","width":350,"height":200},"classes":[]},{"id":80,"url":"https:\/\/diretodasacristia.com\/home\/sem-categoria\/cerimonias-presididas-pelo-papa-na-semana-santa-2\/","url_meta":{"origin":68,"position":3},"title":"Cerim\u00f4nias presididas pelo Papa na Semana Santa","author":"E. Mar\u00e7al","date":"16 de abril de 2011","format":false,"excerpt":"Do boletim da Sala de Imprensa da Santa S\u00e9Bento XVI presidir\u00e1 tradicionalmente todas as cerim\u00f4nias17 abril 2011DOMINGO DAS PALMASE DA PAIX\u00c3O DO SENHORXXVI Jornada Mundial da Juventude, com o tema:\"Arraigados e fundados em Cristo, firmes na f\u00e9\"Pra\u00e7a de S\u00e3o Pedro, \u00e0s 9h30 (de Roma)O Santo Padre aben\u00e7oar\u00e1 as palmas e\u2026","rel":"","context":"Em &quot;Sem categoria&quot;","block_context":{"text":"Sem categoria","link":"https:\/\/diretodasacristia.com\/home\/c\/sem-categoria\/"},"img":{"alt_text":"","src":"","width":0,"height":0},"classes":[]},{"id":1641,"url":"https:\/\/diretodasacristia.com\/home\/liturgia\/crisma-antes-da-primeira-comunhao\/","url_meta":{"origin":68,"position":4},"title":"Crisma antes da Primeira Comunh\u00e3o","author":"E. Mar\u00e7al","date":"18 de mar\u00e7o de 2012","format":false,"excerpt":"Com informa\u00e7\u00f5es do Humanitas Unisinos H\u00e1 v\u00e1rias semanas, os bispos da Confer\u00eancia episcopal americana est\u00e3o em visita\u00a0ad limina Apostolorum, que acontece a cada 5 anos e durante a qual apresentam relat\u00f3rios sobre suas dioceses aos respectivos dicast\u00e9rios da C\u00faria Romana e s\u00e3o recebidos em curta audi\u00eancia pelo Papa Bento XVI,\u2026","rel":"","context":"Em &quot;Liturgia&quot;","block_context":{"text":"Liturgia","link":"https:\/\/diretodasacristia.com\/home\/c\/liturgia\/"},"img":{"alt_text":"","src":"https:\/\/i0.wp.com\/diretodasacristia.com\/home\/wp-content\/uploads\/2012\/03\/Bento-XVI-crismando-jovem-Vig%C3%ADlia-Pascal-S%C3%A1bado-Santo-mitra.jpg?resize=350%2C200&ssl=1","width":350,"height":200,"srcset":"https:\/\/i0.wp.com\/diretodasacristia.com\/home\/wp-content\/uploads\/2012\/03\/Bento-XVI-crismando-jovem-Vig%C3%ADlia-Pascal-S%C3%A1bado-Santo-mitra.jpg?resize=350%2C200&ssl=1 1x, https:\/\/i0.wp.com\/diretodasacristia.com\/home\/wp-content\/uploads\/2012\/03\/Bento-XVI-crismando-jovem-Vig%C3%ADlia-Pascal-S%C3%A1bado-Santo-mitra.jpg?resize=525%2C300&ssl=1 1.5x"},"classes":[]},{"id":4903,"url":"https:\/\/diretodasacristia.com\/home\/liturgia\/preceitos-dominical-e-natalicio-feitos-numa-so-missa\/","url_meta":{"origin":68,"position":5},"title":"Preceitos dominical e natal\u00edcio feitos numa s\u00f3 Missa?","author":"E. Mar\u00e7al","date":"24 de dezembro de 2017","format":false,"excerpt":"O domingo \u00e9 naturalmente dia de preceito, como tamb\u00e9m o Natal. Mas ainda resta a d\u00favida se satisfaz-se o preceito participando de 1 s\u00f3 Missa no espa\u00e7o lit\u00fargico entre os 2 dias.","rel":"","context":"Em &quot;Curtas&quot;","block_context":{"text":"Curtas","link":"https:\/\/diretodasacristia.com\/home\/c\/curtas\/"},"img":{"alt_text":"","src":"https:\/\/i0.wp.com\/diretodasacristia.com\/home\/wp-content\/uploads\/2017\/12\/Bento-XVI-lendo-livro-Anel-Pescador.jpg?resize=350%2C200&ssl=1","width":350,"height":200,"srcset":"https:\/\/i0.wp.com\/diretodasacristia.com\/home\/wp-content\/uploads\/2017\/12\/Bento-XVI-lendo-livro-Anel-Pescador.jpg?resize=350%2C200&ssl=1 1x, https:\/\/i0.wp.com\/diretodasacristia.com\/home\/wp-content\/uploads\/2017\/12\/Bento-XVI-lendo-livro-Anel-Pescador.jpg?resize=525%2C300&ssl=1 1.5x, https:\/\/i0.wp.com\/diretodasacristia.com\/home\/wp-content\/uploads\/2017\/12\/Bento-XVI-lendo-livro-Anel-Pescador.jpg?resize=700%2C400&ssl=1 2x"},"classes":[]}],"post_mailing_queue_ids":[],"_links":{"self":[{"href":"https:\/\/diretodasacristia.com\/home\/wp-json\/wp\/v2\/posts\/68","targetHints":{"allow":["GET"]}}],"collection":[{"href":"https:\/\/diretodasacristia.com\/home\/wp-json\/wp\/v2\/posts"}],"about":[{"href":"https:\/\/diretodasacristia.com\/home\/wp-json\/wp\/v2\/types\/post"}],"author":[{"embeddable":true,"href":"https:\/\/diretodasacristia.com\/home\/wp-json\/wp\/v2\/users\/3"}],"replies":[{"embeddable":true,"href":"https:\/\/diretodasacristia.com\/home\/wp-json\/wp\/v2\/comments?post=68"}],"version-history":[{"count":0,"href":"https:\/\/diretodasacristia.com\/home\/wp-json\/wp\/v2\/posts\/68\/revisions"}],"wp:attachment":[{"href":"https:\/\/diretodasacristia.com\/home\/wp-json\/wp\/v2\/media?parent=68"}],"wp:term":[{"taxonomy":"category","embeddable":true,"href":"https:\/\/diretodasacristia.com\/home\/wp-json\/wp\/v2\/categories?post=68"},{"taxonomy":"post_tag","embeddable":true,"href":"https:\/\/diretodasacristia.com\/home\/wp-json\/wp\/v2\/tags?post=68"}],"curies":[{"name":"wp","href":"https:\/\/api.w.org\/{rel}","templated":true}]}}