{"id":75,"date":"2011-04-19T02:30:00","date_gmt":"2011-04-19T02:30:00","guid":{"rendered":"http:\/\/diretodasacristia.com\/home\/sem-categoria\/entrou-papa-e-saiu-papa-2\/"},"modified":"2011-04-19T02:30:00","modified_gmt":"2011-04-19T02:30:00","slug":"entrou-papa-e-saiu-papa-2","status":"publish","type":"post","link":"https:\/\/diretodasacristia.com\/home\/sem-categoria\/entrou-papa-e-saiu-papa-2\/","title":{"rendered":"Entrou papa e saiu Papa"},"content":{"rendered":"<div style=\"text-align: center;\"><span class=\"Apple-style-span\"><u><br \/><\/u><\/span><\/div>\n<div style=\"text-align: center;\"><span class=\"Apple-style-span\"><b>6\u00ba ano de um pontificado fecundo<\/b><\/span><\/div>\n<div style=\"text-align: center;\"><span class=\"Apple-style-span\"><b><br \/><\/b><\/span><\/div>\n<div style=\"text-align: center;\"><span class=\"Apple-style-span\"><br \/><\/span><\/div>\n<div style=\"text-align: center;\"><span class=\"Apple-style-span\"><span class=\"Apple-style-span\"><a href=\"http:\/\/4.bp.blogspot.com\/-pNDemPV2Fhg\/Ta1mP2uFdCI\/AAAAAAAACEQ\/C2fIBYAG5LU\/s1600\/Bento%2BXVI%2Bajoelhado%2Bin%25C3%25ADcio%2Ba%25C3%25A7%25C3%25A3o%2Blit%25C3%25BArgica%2BSexta-feira%2BSanta.jpg\" onblur=\"try {parent.deselectBloggerImageGracefully();} catch(e) {}\"><img decoding=\"async\" src=\"http:\/\/4.bp.blogspot.com\/-pNDemPV2Fhg\/Ta1mP2uFdCI\/AAAAAAAACEQ\/C2fIBYAG5LU\/s400\/Bento%2BXVI%2Bajoelhado%2Bin%25C3%25ADcio%2Ba%25C3%25A7%25C3%25A3o%2Blit%25C3%25BArgica%2BSexta-feira%2BSanta.jpg\" border=\"0\" alt=\"\" id=\"BLOGGER_PHOTO_ID_5597242334464275490\" style=\"display: block; margin-top: 0px; margin-right: auto; margin-bottom: 10px; margin-left: auto; text-align: center; cursor: pointer; width: 261px; height: 400px; \" \/><\/a><\/span><\/span><\/div>\n<div><span class=\"Apple-style-span\"><br \/><\/span><\/div>\n<div style=\"text-align: center;\"><span class=\"Apple-style-span\"><br \/><\/span><\/div>\n<div style=\"text-align: center;\"><span class=\"Apple-style-span\"><i>Quando, lentamente, o andamento das vota\u00e7\u00f5es me fez compreender que, <\/i><\/span><\/div>\n<div style=\"text-align: center;\"><span class=\"Apple-style-span\"><i>por assim dizer, a guilhotina teria ca\u00eddo sobre mim, comecei a ter vertigens.<\/i><\/span><\/div>\n<div style=\"text-align: center;\"><span class=\"Apple-style-span\"><i> Estava convencido de que tinha desempenhado a obra de toda uma vida <\/i><\/span><\/div>\n<div style=\"text-align: center;\"><span class=\"Apple-style-span\"><i>e de poder transcorrer os meus \u00faltimos dias em tranquilidade. <\/i><\/span><\/div>\n<div style=\"text-align: center;\"><span class=\"Apple-style-span\"><i>Com profunda convic\u00e7\u00e3o disse ao Senhor: <\/i><\/span><\/div>\n<div style=\"text-align: center;\"><span class=\"Apple-style-span\"><i><span class=\"Apple-style-span\">N\u00e3o me fa\u00e7as isto! <\/span><span class=\"Apple-style-span\">Disp\u00f5es de pessoas mais jovens e melhores, <\/span><\/i><\/span><\/div>\n<div style=\"text-align: center;\"><span class=\"Apple-style-span\"><i><span class=\"Apple-style-span\">que podem a enfrentar <\/span><span class=\"Apple-style-span\">esta grande tarefa com outro impulso e vigor. <\/span><\/i><\/span><\/div>\n<div style=\"text-align: center;\"><span class=\"Apple-style-span\"><i>Permaneci ent\u00e3o muito comovido com uma breve carta <\/i><\/span><\/div>\n<div style=\"text-align: center;\"><span class=\"Apple-style-span\"><i><span class=\"Apple-style-span\">que me escreveu <\/span><span class=\"Apple-style-span\">um irm\u00e3o do col\u00e9gio cardinal\u00edcio: <\/span><\/i><\/span><\/div>\n<div style=\"text-align: center;\"><span class=\"Apple-style-span\"><i>&#8220;Se agora o Senhor te dissesse a ti &#8220;segue-me&#8221;, <\/i><\/span><\/div>\n<div style=\"text-align: center;\"><span class=\"Apple-style-span\"><i><span class=\"Apple-style-span\"><\/span><span class=\"Apple-style-span\">ent\u00e3o recorda-te do que pregaste. <\/span><\/i><\/span><\/div>\n<div style=\"text-align: center;\"><span class=\"Apple-style-span\"><i>N\u00e3o te recuses! <\/i><\/span><\/div>\n<div style=\"text-align: center;\"><span class=\"Apple-style-span\"><i><span class=\"Apple-style-span\">S\u00ea obediente como descreveste o grande Papa, <\/span><span class=\"Apple-style-span\">que voltou \u00e0 casa do Pai&#8221;. <\/span><\/i><\/span><\/div>\n<div style=\"text-align: center;\"><span class=\"Apple-style-span\"><i>Isto admirou-me profundamente.<\/i><\/span><\/div>\n<div style=\"text-align: center;\"><span class=\"Apple-style-span\"><i> As vias do Senhor n\u00e3o s\u00e3o confort\u00e1veis, <\/i><\/span><\/div>\n<div style=\"text-align: center;\"><span class=\"Apple-style-span\"><i>mas n\u00f3s n\u00e3o somos criados para o conforto, <\/i><\/span><\/div>\n<div style=\"text-align: center;\"><span class=\"Apple-style-span\"><i>mas para as coisas grandes, para o bem.<\/i><\/span><\/div>\n<div style=\"text-align: center;\"><span class=\"Apple-style-span\"><br \/><\/span><\/div>\n<div style=\"text-align: right;\"><span class=\"Apple-style-span\"><i>Bento XVI, aos seus compatriotas alem\u00e3es<\/i><\/span><\/div>\n<div style=\"text-align: right;\"><span class=\"Apple-style-span\"><i>25 abril 2010<\/i><\/span><\/div>\n<div style=\"text-align: center;\"><span class=\"Apple-style-span\"><br \/><\/span><\/div>\n<div style=\"text-align: center;\"><span class=\"Apple-style-span\"><br \/><\/span><\/div>\n<div style=\"text-align: center;\"><span class=\"Apple-style-span\"><span class=\"Apple-style-span\"><a href=\"http:\/\/3.bp.blogspot.com\/-afQmS_vVcfg\/Taz0U9jJ79I\/AAAAAAAACD4\/BI0_hto6QCk\/s1600\/Bento%2BXVI%2Bsacada%2BBas%25C3%25ADlica%2BS%25C3%25A3o%2BPedro%2Bapari%25C3%25A7%25C3%25A3o%2B19%2Babril%2B2011.jpg\" onblur=\"try {parent.deselectBloggerImageGracefully();} catch(e) {}\"><img decoding=\"async\" src=\"http:\/\/3.bp.blogspot.com\/-afQmS_vVcfg\/Taz0U9jJ79I\/AAAAAAAACD4\/BI0_hto6QCk\/s400\/Bento%2BXVI%2Bsacada%2BBas%25C3%25ADlica%2BS%25C3%25A3o%2BPedro%2Bapari%25C3%25A7%25C3%25A3o%2B19%2Babril%2B2011.jpg\" border=\"0\" alt=\"\" id=\"BLOGGER_PHOTO_ID_5597117077871259602\" style=\"display: block; margin-top: 0px; margin-right: auto; margin-bottom: 10px; margin-left: auto; text-align: center; cursor: pointer; width: 217px; height: 400px; \" \/><\/a><\/span><\/span><\/div>\n<div><span class=\"Apple-style-span\"><br \/><\/span><\/div>\n<div style=\"text-align: justify;\"><span class=\"Apple-style-span\"><span class=\"Apple-style-span\">H\u00e1 quem diga que o Em.mo Cardeal Carlo Martini, jesu\u00edta e Arcebispo em\u00e9rito de Mil\u00e3o, foi revelado dentro do Conclave de abril de 2005 um forte candidato \u00e0 sucess\u00e3o papal. Contudo, seus argumentos sobre sua fr\u00e1gil sa\u00fade desencorajaram os eminent\u00edssimos eleitores. Observemos &#8211; para constatar realmente que houve mais de um forte <i>papabile<\/i> &#8211; que a elei\u00e7\u00e3o s\u00f3 foi finalizada no terceiro escrut\u00ednio, iniciado na tarde da ter\u00e7a-feira. Houve tamb\u00e9m in\u00fameros votos para <\/span><span class=\"Apple-style-span\">o Em.mo Cardeal Jorge Maria Bergoglio, tamb\u00e9m jesu\u00edta e Arcebispo de Buenos Aires. <\/span><span class=\"Apple-style-span\">Se o ent\u00e3o Cardeal Ratzinger, ingressando no conclave com vit\u00f3ria certa &#8211; como diziam os jornalistas, ent\u00e3o nada deveria prolongar as vota\u00e7\u00f5es &#8211; se bem que tr\u00eas escrut\u00ednios n\u00e3o podem ser julgados como demorados, n\u00e3o se falando em um cardeal que n\u00e3o sairia papa.<\/span><\/span><\/div>\n<div style=\"text-align: justify;\"><span class=\"Apple-style-span\"><br \/><\/span><\/div>\n<div style=\"text-align: justify;\"><span class=\"Apple-style-span\">De qualquer modo, Bento XVI rompeu a tradi\u00e7\u00e3o do ad\u00e1gio italiano: quem no conclave entra papa, sai cardeal. Ratzinger entrou papa e saiu Pont\u00edfice; certamente s\u00f3 houve uma inicial falta de consenso entre os cardeais no nome daquele que era o nome certo para a \u00e9poca certa.<\/span><\/div>\n<div style=\"text-align: justify;\"><span class=\"Apple-style-span\"><br \/><\/span><\/div>\n<div style=\"text-align: center;\"><span class=\"Apple-style-span\"><i>Ratzinger. Ratzinger. Ratzinger. Ratzinger. Ratzinger&#8230;<\/i><\/span><\/div>\n<div style=\"text-align: justify;\"><span class=\"Apple-style-span\"><br \/><\/span><\/div>\n<div style=\"text-align: justify;\"><span class=\"Apple-style-span\">Imagino o cora\u00e7\u00e3o do futuro Pont\u00edfice. Dan\u00e7ando mais agitadamente dentro do peito, enquanto ouvia o seu sobrenome ser pronunciado mais e mais vezes pelo cardeal escrutinador, at\u00e9 chegar ao n\u00famero de 84\/115, 7 a mais da cifra necess\u00e1ria para uma elei\u00e7\u00e3o certa. E depois, acreditando no chamado do Senhor, a resposta afirmativa \u00e0 pergunta feita pelo Cardeal Sodano, ent\u00e3o Vice-decano do Col\u00e9gio de Cardeais. E as l\u00e1grimas, na Sala destinada \u00e0 paramenta\u00e7\u00e3o do eleito. E, finalmente, a primeira apari\u00e7\u00e3o p\u00fablica. As palavras acertadas e a primeira <i>Urbi et Orbi.<\/i><\/span><\/div>\n<div style=\"text-align: justify;\"><span class=\"Apple-style-span\"><i><br \/><\/i><\/span><\/div>\n<div style=\"text-align: justify;\"><span class=\"Apple-style-span\">E ent\u00e3o, vieram as viagens apost\u00f3licas pelo mundo, as visitas pastorais em sua diocese, os pronunciamentos, as canoniza\u00e7\u00f5es, os documentos que iluminaram a Igreja, mesmo que ainda sejam causa de incompreens\u00e3o &#8211; como o <i>Summorum Pontificum<\/i> e o <i>Anglicanorum Coetibus<\/i>, as bel\u00edssimas e sapienciais homilias, a devida aten\u00e7\u00e3o dispensada \u00e0 Sagrada Liturgia &#8211; como segura forma de ensinar as verdades de f\u00e9, o Ano Paulino, o Ano Sacerdotal&#8230; Como tamb\u00e9m, n\u00e3o esquecemos os momentos dif\u00edceis, que foram oportunidades de manifestarmos nossa proximidade espiritual e nosso apoio filial: o discurso na Aula Magna da Universidade de Regensburg, o protesto contra sua presen\u00e7a na abertura do ano acad\u00eamico na Universidade <i>La Sapienza<\/i>, as acusa\u00e7\u00f5es morais no ano passado, a falta de comunica\u00e7\u00e3o na C\u00faria Romana e entre seus mais diretos colaboradores&#8230; Felizmente, a Igreja e seus pastores sempre saem vitoriosos depois de alguma turbul\u00eancia. E assim o ser\u00e1 at\u00e9 a segunda vinda de Cristo!<\/span><\/div>\n<div style=\"text-align: justify;\"><span class=\"Apple-style-span\"><i><br \/><\/i><\/span><\/div>\n<div style=\"text-align: justify;\"><span class=\"Apple-style-span\">Que o Senhor o conserve no alto posto do Pontificado at\u00e9 o dia estabelecido por Ele. Para isto, que ele viva tanto ou mais que Pedro!<\/span><\/div>\n<div style=\"text-align: justify;\"><span class=\"Apple-style-span\"><br \/><\/span><\/div>\n<div style=\"text-align: justify;\"><span class=\"Apple-style-span\"><br \/><\/span><\/div>\n<div style=\"text-align: center;\"><span class=\"Apple-style-span\"><b>Salve Bento XVI!<\/b><\/span><\/div>\n<div style=\"text-align: justify;\"><span class=\"Apple-style-span\"><br \/><\/span><\/div>\n","protected":false},"excerpt":{"rendered":"6\u00ba ano de um pontificado fecundo Quando, lentamente, o andamento das vota\u00e7\u00f5es me fez compreender que, por assim dizer, a guilhotina teria ca\u00eddo sobre mim, comecei a ter vertigens. Estava convencido de que tinha desempenhado a obra de toda uma vida e de poder transcorrer os meus \u00faltimos dias em tranquilidade. Com profunda convic\u00e7\u00e3o disse&#8230; <a class=\"view-article\" href=\"https:\/\/diretodasacristia.com\/home\/sem-categoria\/entrou-papa-e-saiu-papa-2\/\">Ver artigo<\/a>","protected":false},"author":3,"featured_media":0,"comment_status":"open","ping_status":"open","sticky":false,"template":"","format":"standard","meta":{"jetpack_post_was_ever_published":false,"_jetpack_newsletter_access":"","_jetpack_dont_email_post_to_subs":false,"_jetpack_newsletter_tier_id":0,"_jetpack_memberships_contains_paywalled_content":false,"_jetpack_memberships_contains_paid_content":false,"_joinchat":[],"footnotes":"","jetpack_publicize_message":"","jetpack_publicize_feature_enabled":true,"jetpack_social_post_already_shared":false,"jetpack_social_options":{"image_generator_settings":{"template":"highway","default_image_id":0,"font":"","enabled":false},"version":2}},"categories":[1],"tags":[],"class_list":["post-75","post","type-post","status-publish","format-standard","hentry","category-sem-categoria"],"yoast_head":"<!-- This site is optimized with the Yoast SEO plugin v27.4 - https:\/\/yoast.com\/product\/yoast-seo-wordpress\/ -->\n<title>Entrou papa e saiu Papa - Direto da Sacristia<\/title>\n<meta name=\"robots\" content=\"index, follow, max-snippet:-1, max-image-preview:large, max-video-preview:-1\" \/>\n<link rel=\"canonical\" href=\"https:\/\/diretodasacristia.com\/home\/sem-categoria\/entrou-papa-e-saiu-papa-2\/\" \/>\n<meta property=\"og:locale\" content=\"pt_BR\" \/>\n<meta property=\"og:type\" content=\"article\" \/>\n<meta property=\"og:title\" content=\"Entrou papa e saiu Papa - Direto da Sacristia\" \/>\n<meta property=\"og:description\" content=\"6\u00ba ano de um pontificado fecundo Quando, lentamente, o andamento das vota\u00e7\u00f5es me fez compreender que, por assim dizer, a guilhotina teria ca\u00eddo sobre mim, comecei a ter vertigens. Estava convencido de que tinha desempenhado a obra de toda uma vida e de poder transcorrer os meus \u00faltimos dias em tranquilidade. Com profunda convic\u00e7\u00e3o disse... Ver artigo\" \/>\n<meta property=\"og:url\" content=\"https:\/\/diretodasacristia.com\/home\/sem-categoria\/entrou-papa-e-saiu-papa-2\/\" \/>\n<meta property=\"og:site_name\" content=\"Direto da Sacristia\" \/>\n<meta property=\"article:publisher\" content=\"https:\/\/www.facebook.com\/DiretoSacristia\" \/>\n<meta property=\"article:published_time\" content=\"2011-04-19T02:30:00+00:00\" \/>\n<meta property=\"og:image\" content=\"http:\/\/4.bp.blogspot.com\/-pNDemPV2Fhg\/Ta1mP2uFdCI\/AAAAAAAACEQ\/C2fIBYAG5LU\/s400\/Bento%2BXVI%2Bajoelhado%2Bin%25C3%25ADcio%2Ba%25C3%25A7%25C3%25A3o%2Blit%25C3%25BArgica%2BSexta-feira%2BSanta.jpg\" \/>\n<meta name=\"author\" content=\"E. Mar\u00e7al\" \/>\n<meta name=\"twitter:card\" content=\"summary_large_image\" \/>\n<meta name=\"twitter:creator\" content=\"@diretosacristia\" \/>\n<meta name=\"twitter:site\" content=\"@diretosacristia\" \/>\n<meta name=\"twitter:label1\" content=\"Escrito por\" \/>\n\t<meta name=\"twitter:data1\" content=\"E. Mar\u00e7al\" \/>\n\t<meta name=\"twitter:label2\" content=\"Est. tempo de leitura\" \/>\n\t<meta name=\"twitter:data2\" content=\"3 minutos\" \/>\n<script type=\"application\/ld+json\" class=\"yoast-schema-graph\">{\"@context\":\"https:\\\/\\\/schema.org\",\"@graph\":[{\"@type\":\"Article\",\"@id\":\"https:\\\/\\\/diretodasacristia.com\\\/home\\\/sem-categoria\\\/entrou-papa-e-saiu-papa-2\\\/#article\",\"isPartOf\":{\"@id\":\"https:\\\/\\\/diretodasacristia.com\\\/home\\\/sem-categoria\\\/entrou-papa-e-saiu-papa-2\\\/\"},\"author\":{\"name\":\"E. Mar\u00e7al\",\"@id\":\"https:\\\/\\\/diretodasacristia.com\\\/home\\\/#\\\/schema\\\/person\\\/3d453ef1f7d57c0bb0990b8070642721\"},\"headline\":\"Entrou papa e saiu Papa\",\"datePublished\":\"2011-04-19T02:30:00+00:00\",\"mainEntityOfPage\":{\"@id\":\"https:\\\/\\\/diretodasacristia.com\\\/home\\\/sem-categoria\\\/entrou-papa-e-saiu-papa-2\\\/\"},\"wordCount\":680,\"commentCount\":0,\"publisher\":{\"@id\":\"https:\\\/\\\/diretodasacristia.com\\\/home\\\/#organization\"},\"image\":{\"@id\":\"https:\\\/\\\/diretodasacristia.com\\\/home\\\/sem-categoria\\\/entrou-papa-e-saiu-papa-2\\\/#primaryimage\"},\"thumbnailUrl\":\"http:\\\/\\\/4.bp.blogspot.com\\\/-pNDemPV2Fhg\\\/Ta1mP2uFdCI\\\/AAAAAAAACEQ\\\/C2fIBYAG5LU\\\/s400\\\/Bento%2BXVI%2Bajoelhado%2Bin%25C3%25ADcio%2Ba%25C3%25A7%25C3%25A3o%2Blit%25C3%25BArgica%2BSexta-feira%2BSanta.jpg\",\"inLanguage\":\"pt-BR\",\"potentialAction\":[{\"@type\":\"CommentAction\",\"name\":\"Comment\",\"target\":[\"https:\\\/\\\/diretodasacristia.com\\\/home\\\/sem-categoria\\\/entrou-papa-e-saiu-papa-2\\\/#respond\"]}]},{\"@type\":\"WebPage\",\"@id\":\"https:\\\/\\\/diretodasacristia.com\\\/home\\\/sem-categoria\\\/entrou-papa-e-saiu-papa-2\\\/\",\"url\":\"https:\\\/\\\/diretodasacristia.com\\\/home\\\/sem-categoria\\\/entrou-papa-e-saiu-papa-2\\\/\",\"name\":\"Entrou papa e saiu Papa - Direto da Sacristia\",\"isPartOf\":{\"@id\":\"https:\\\/\\\/diretodasacristia.com\\\/home\\\/#website\"},\"primaryImageOfPage\":{\"@id\":\"https:\\\/\\\/diretodasacristia.com\\\/home\\\/sem-categoria\\\/entrou-papa-e-saiu-papa-2\\\/#primaryimage\"},\"image\":{\"@id\":\"https:\\\/\\\/diretodasacristia.com\\\/home\\\/sem-categoria\\\/entrou-papa-e-saiu-papa-2\\\/#primaryimage\"},\"thumbnailUrl\":\"http:\\\/\\\/4.bp.blogspot.com\\\/-pNDemPV2Fhg\\\/Ta1mP2uFdCI\\\/AAAAAAAACEQ\\\/C2fIBYAG5LU\\\/s400\\\/Bento%2BXVI%2Bajoelhado%2Bin%25C3%25ADcio%2Ba%25C3%25A7%25C3%25A3o%2Blit%25C3%25BArgica%2BSexta-feira%2BSanta.jpg\",\"datePublished\":\"2011-04-19T02:30:00+00:00\",\"breadcrumb\":{\"@id\":\"https:\\\/\\\/diretodasacristia.com\\\/home\\\/sem-categoria\\\/entrou-papa-e-saiu-papa-2\\\/#breadcrumb\"},\"inLanguage\":\"pt-BR\",\"potentialAction\":[{\"@type\":\"ReadAction\",\"target\":[\"https:\\\/\\\/diretodasacristia.com\\\/home\\\/sem-categoria\\\/entrou-papa-e-saiu-papa-2\\\/\"]}]},{\"@type\":\"ImageObject\",\"inLanguage\":\"pt-BR\",\"@id\":\"https:\\\/\\\/diretodasacristia.com\\\/home\\\/sem-categoria\\\/entrou-papa-e-saiu-papa-2\\\/#primaryimage\",\"url\":\"http:\\\/\\\/4.bp.blogspot.com\\\/-pNDemPV2Fhg\\\/Ta1mP2uFdCI\\\/AAAAAAAACEQ\\\/C2fIBYAG5LU\\\/s400\\\/Bento%2BXVI%2Bajoelhado%2Bin%25C3%25ADcio%2Ba%25C3%25A7%25C3%25A3o%2Blit%25C3%25BArgica%2BSexta-feira%2BSanta.jpg\",\"contentUrl\":\"http:\\\/\\\/4.bp.blogspot.com\\\/-pNDemPV2Fhg\\\/Ta1mP2uFdCI\\\/AAAAAAAACEQ\\\/C2fIBYAG5LU\\\/s400\\\/Bento%2BXVI%2Bajoelhado%2Bin%25C3%25ADcio%2Ba%25C3%25A7%25C3%25A3o%2Blit%25C3%25BArgica%2BSexta-feira%2BSanta.jpg\"},{\"@type\":\"BreadcrumbList\",\"@id\":\"https:\\\/\\\/diretodasacristia.com\\\/home\\\/sem-categoria\\\/entrou-papa-e-saiu-papa-2\\\/#breadcrumb\",\"itemListElement\":[{\"@type\":\"ListItem\",\"position\":1,\"name\":\"In\u00edcio\",\"item\":\"https:\\\/\\\/diretodasacristia.com\\\/home\\\/\"},{\"@type\":\"ListItem\",\"position\":2,\"name\":\"Entrou papa e saiu Papa\"}]},{\"@type\":\"WebSite\",\"@id\":\"https:\\\/\\\/diretodasacristia.com\\\/home\\\/#website\",\"url\":\"https:\\\/\\\/diretodasacristia.com\\\/home\\\/\",\"name\":\"Direto da Sacristia\",\"description\":\"Not\u00edcias e artigos sobre a f\u00e9 cat\u00f3lica\",\"publisher\":{\"@id\":\"https:\\\/\\\/diretodasacristia.com\\\/home\\\/#organization\"},\"potentialAction\":[{\"@type\":\"SearchAction\",\"target\":{\"@type\":\"EntryPoint\",\"urlTemplate\":\"https:\\\/\\\/diretodasacristia.com\\\/home\\\/?s={search_term_string}\"},\"query-input\":{\"@type\":\"PropertyValueSpecification\",\"valueRequired\":true,\"valueName\":\"search_term_string\"}}],\"inLanguage\":\"pt-BR\"},{\"@type\":\"Organization\",\"@id\":\"https:\\\/\\\/diretodasacristia.com\\\/home\\\/#organization\",\"name\":\"Direto da Sacristia\",\"url\":\"https:\\\/\\\/diretodasacristia.com\\\/home\\\/\",\"logo\":{\"@type\":\"ImageObject\",\"inLanguage\":\"pt-BR\",\"@id\":\"https:\\\/\\\/diretodasacristia.com\\\/home\\\/#\\\/schema\\\/logo\\\/image\\\/\",\"url\":\"https:\\\/\\\/i0.wp.com\\\/diretodasacristia.com\\\/home\\\/wp-content\\\/uploads\\\/2012\\\/01\\\/marca-sacristia.png?fit=320%2C306&ssl=1\",\"contentUrl\":\"https:\\\/\\\/i0.wp.com\\\/diretodasacristia.com\\\/home\\\/wp-content\\\/uploads\\\/2012\\\/01\\\/marca-sacristia.png?fit=320%2C306&ssl=1\",\"width\":\"320\",\"height\":\"306\",\"caption\":\"Direto da Sacristia\"},\"image\":{\"@id\":\"https:\\\/\\\/diretodasacristia.com\\\/home\\\/#\\\/schema\\\/logo\\\/image\\\/\"},\"sameAs\":[\"https:\\\/\\\/www.facebook.com\\\/DiretoSacristia\",\"https:\\\/\\\/x.com\\\/diretosacristia\",\"https:\\\/\\\/www.instagram.com\\\/diretodasacristia\\\/\",\"https:\\\/\\\/www.youtube.com\\\/diretodasacristia\"]},{\"@type\":\"Person\",\"@id\":\"https:\\\/\\\/diretodasacristia.com\\\/home\\\/#\\\/schema\\\/person\\\/3d453ef1f7d57c0bb0990b8070642721\",\"name\":\"E. Mar\u00e7al\",\"image\":{\"@type\":\"ImageObject\",\"inLanguage\":\"pt-BR\",\"@id\":\"https:\\\/\\\/secure.gravatar.com\\\/avatar\\\/348ff80a5ddde3de6c8b6e0c5b066b733f9245285d9ab87cd2e2ff652ffa95b0?s=96&d=mm&r=g\",\"url\":\"https:\\\/\\\/secure.gravatar.com\\\/avatar\\\/348ff80a5ddde3de6c8b6e0c5b066b733f9245285d9ab87cd2e2ff652ffa95b0?s=96&d=mm&r=g\",\"contentUrl\":\"https:\\\/\\\/secure.gravatar.com\\\/avatar\\\/348ff80a5ddde3de6c8b6e0c5b066b733f9245285d9ab87cd2e2ff652ffa95b0?s=96&d=mm&r=g\",\"caption\":\"E. Mar\u00e7al\"},\"url\":\"https:\\\/\\\/diretodasacristia.com\\\/home\\\/author\\\/erick\\\/\"}]}<\/script>\n<!-- \/ Yoast SEO plugin. -->","yoast_head_json":{"title":"Entrou papa e saiu Papa - Direto da Sacristia","robots":{"index":"index","follow":"follow","max-snippet":"max-snippet:-1","max-image-preview":"max-image-preview:large","max-video-preview":"max-video-preview:-1"},"canonical":"https:\/\/diretodasacristia.com\/home\/sem-categoria\/entrou-papa-e-saiu-papa-2\/","og_locale":"pt_BR","og_type":"article","og_title":"Entrou papa e saiu Papa - Direto da Sacristia","og_description":"6\u00ba ano de um pontificado fecundo Quando, lentamente, o andamento das vota\u00e7\u00f5es me fez compreender que, por assim dizer, a guilhotina teria ca\u00eddo sobre mim, comecei a ter vertigens. Estava convencido de que tinha desempenhado a obra de toda uma vida e de poder transcorrer os meus \u00faltimos dias em tranquilidade. Com profunda convic\u00e7\u00e3o disse... Ver artigo","og_url":"https:\/\/diretodasacristia.com\/home\/sem-categoria\/entrou-papa-e-saiu-papa-2\/","og_site_name":"Direto da Sacristia","article_publisher":"https:\/\/www.facebook.com\/DiretoSacristia","article_published_time":"2011-04-19T02:30:00+00:00","og_image":[{"url":"http:\/\/4.bp.blogspot.com\/-pNDemPV2Fhg\/Ta1mP2uFdCI\/AAAAAAAACEQ\/C2fIBYAG5LU\/s400\/Bento%2BXVI%2Bajoelhado%2Bin%25C3%25ADcio%2Ba%25C3%25A7%25C3%25A3o%2Blit%25C3%25BArgica%2BSexta-feira%2BSanta.jpg","type":"","width":"","height":""}],"author":"E. Mar\u00e7al","twitter_card":"summary_large_image","twitter_creator":"@diretosacristia","twitter_site":"@diretosacristia","twitter_misc":{"Escrito por":"E. Mar\u00e7al","Est. tempo de leitura":"3 minutos"},"schema":{"@context":"https:\/\/schema.org","@graph":[{"@type":"Article","@id":"https:\/\/diretodasacristia.com\/home\/sem-categoria\/entrou-papa-e-saiu-papa-2\/#article","isPartOf":{"@id":"https:\/\/diretodasacristia.com\/home\/sem-categoria\/entrou-papa-e-saiu-papa-2\/"},"author":{"name":"E. Mar\u00e7al","@id":"https:\/\/diretodasacristia.com\/home\/#\/schema\/person\/3d453ef1f7d57c0bb0990b8070642721"},"headline":"Entrou papa e saiu Papa","datePublished":"2011-04-19T02:30:00+00:00","mainEntityOfPage":{"@id":"https:\/\/diretodasacristia.com\/home\/sem-categoria\/entrou-papa-e-saiu-papa-2\/"},"wordCount":680,"commentCount":0,"publisher":{"@id":"https:\/\/diretodasacristia.com\/home\/#organization"},"image":{"@id":"https:\/\/diretodasacristia.com\/home\/sem-categoria\/entrou-papa-e-saiu-papa-2\/#primaryimage"},"thumbnailUrl":"http:\/\/4.bp.blogspot.com\/-pNDemPV2Fhg\/Ta1mP2uFdCI\/AAAAAAAACEQ\/C2fIBYAG5LU\/s400\/Bento%2BXVI%2Bajoelhado%2Bin%25C3%25ADcio%2Ba%25C3%25A7%25C3%25A3o%2Blit%25C3%25BArgica%2BSexta-feira%2BSanta.jpg","inLanguage":"pt-BR","potentialAction":[{"@type":"CommentAction","name":"Comment","target":["https:\/\/diretodasacristia.com\/home\/sem-categoria\/entrou-papa-e-saiu-papa-2\/#respond"]}]},{"@type":"WebPage","@id":"https:\/\/diretodasacristia.com\/home\/sem-categoria\/entrou-papa-e-saiu-papa-2\/","url":"https:\/\/diretodasacristia.com\/home\/sem-categoria\/entrou-papa-e-saiu-papa-2\/","name":"Entrou papa e saiu Papa - Direto da Sacristia","isPartOf":{"@id":"https:\/\/diretodasacristia.com\/home\/#website"},"primaryImageOfPage":{"@id":"https:\/\/diretodasacristia.com\/home\/sem-categoria\/entrou-papa-e-saiu-papa-2\/#primaryimage"},"image":{"@id":"https:\/\/diretodasacristia.com\/home\/sem-categoria\/entrou-papa-e-saiu-papa-2\/#primaryimage"},"thumbnailUrl":"http:\/\/4.bp.blogspot.com\/-pNDemPV2Fhg\/Ta1mP2uFdCI\/AAAAAAAACEQ\/C2fIBYAG5LU\/s400\/Bento%2BXVI%2Bajoelhado%2Bin%25C3%25ADcio%2Ba%25C3%25A7%25C3%25A3o%2Blit%25C3%25BArgica%2BSexta-feira%2BSanta.jpg","datePublished":"2011-04-19T02:30:00+00:00","breadcrumb":{"@id":"https:\/\/diretodasacristia.com\/home\/sem-categoria\/entrou-papa-e-saiu-papa-2\/#breadcrumb"},"inLanguage":"pt-BR","potentialAction":[{"@type":"ReadAction","target":["https:\/\/diretodasacristia.com\/home\/sem-categoria\/entrou-papa-e-saiu-papa-2\/"]}]},{"@type":"ImageObject","inLanguage":"pt-BR","@id":"https:\/\/diretodasacristia.com\/home\/sem-categoria\/entrou-papa-e-saiu-papa-2\/#primaryimage","url":"http:\/\/4.bp.blogspot.com\/-pNDemPV2Fhg\/Ta1mP2uFdCI\/AAAAAAAACEQ\/C2fIBYAG5LU\/s400\/Bento%2BXVI%2Bajoelhado%2Bin%25C3%25ADcio%2Ba%25C3%25A7%25C3%25A3o%2Blit%25C3%25BArgica%2BSexta-feira%2BSanta.jpg","contentUrl":"http:\/\/4.bp.blogspot.com\/-pNDemPV2Fhg\/Ta1mP2uFdCI\/AAAAAAAACEQ\/C2fIBYAG5LU\/s400\/Bento%2BXVI%2Bajoelhado%2Bin%25C3%25ADcio%2Ba%25C3%25A7%25C3%25A3o%2Blit%25C3%25BArgica%2BSexta-feira%2BSanta.jpg"},{"@type":"BreadcrumbList","@id":"https:\/\/diretodasacristia.com\/home\/sem-categoria\/entrou-papa-e-saiu-papa-2\/#breadcrumb","itemListElement":[{"@type":"ListItem","position":1,"name":"In\u00edcio","item":"https:\/\/diretodasacristia.com\/home\/"},{"@type":"ListItem","position":2,"name":"Entrou papa e saiu Papa"}]},{"@type":"WebSite","@id":"https:\/\/diretodasacristia.com\/home\/#website","url":"https:\/\/diretodasacristia.com\/home\/","name":"Direto da Sacristia","description":"Not\u00edcias e artigos sobre a f\u00e9 cat\u00f3lica","publisher":{"@id":"https:\/\/diretodasacristia.com\/home\/#organization"},"potentialAction":[{"@type":"SearchAction","target":{"@type":"EntryPoint","urlTemplate":"https:\/\/diretodasacristia.com\/home\/?s={search_term_string}"},"query-input":{"@type":"PropertyValueSpecification","valueRequired":true,"valueName":"search_term_string"}}],"inLanguage":"pt-BR"},{"@type":"Organization","@id":"https:\/\/diretodasacristia.com\/home\/#organization","name":"Direto da Sacristia","url":"https:\/\/diretodasacristia.com\/home\/","logo":{"@type":"ImageObject","inLanguage":"pt-BR","@id":"https:\/\/diretodasacristia.com\/home\/#\/schema\/logo\/image\/","url":"https:\/\/i0.wp.com\/diretodasacristia.com\/home\/wp-content\/uploads\/2012\/01\/marca-sacristia.png?fit=320%2C306&ssl=1","contentUrl":"https:\/\/i0.wp.com\/diretodasacristia.com\/home\/wp-content\/uploads\/2012\/01\/marca-sacristia.png?fit=320%2C306&ssl=1","width":"320","height":"306","caption":"Direto da Sacristia"},"image":{"@id":"https:\/\/diretodasacristia.com\/home\/#\/schema\/logo\/image\/"},"sameAs":["https:\/\/www.facebook.com\/DiretoSacristia","https:\/\/x.com\/diretosacristia","https:\/\/www.instagram.com\/diretodasacristia\/","https:\/\/www.youtube.com\/diretodasacristia"]},{"@type":"Person","@id":"https:\/\/diretodasacristia.com\/home\/#\/schema\/person\/3d453ef1f7d57c0bb0990b8070642721","name":"E. Mar\u00e7al","image":{"@type":"ImageObject","inLanguage":"pt-BR","@id":"https:\/\/secure.gravatar.com\/avatar\/348ff80a5ddde3de6c8b6e0c5b066b733f9245285d9ab87cd2e2ff652ffa95b0?s=96&d=mm&r=g","url":"https:\/\/secure.gravatar.com\/avatar\/348ff80a5ddde3de6c8b6e0c5b066b733f9245285d9ab87cd2e2ff652ffa95b0?s=96&d=mm&r=g","contentUrl":"https:\/\/secure.gravatar.com\/avatar\/348ff80a5ddde3de6c8b6e0c5b066b733f9245285d9ab87cd2e2ff652ffa95b0?s=96&d=mm&r=g","caption":"E. Mar\u00e7al"},"url":"https:\/\/diretodasacristia.com\/home\/author\/erick\/"}]}},"jetpack_publicize_connections":[],"jetpack_featured_media_url":"","jetpack_sharing_enabled":true,"jetpack_shortlink":"https:\/\/wp.me\/p24aG7-1d","jetpack-related-posts":[{"id":2549,"url":"https:\/\/diretodasacristia.com\/home\/sem-categoria\/porque-a-espera-faz-crescer-os-santos-desejos-2\/","url_meta":{"origin":75,"position":0},"title":"&#8220;Porque a espera faz crescer os santos desejos&#8221;","author":"E. Mar\u00e7al","date":"3 de setembro de 2010","format":false,"excerpt":"Santo do dia: S\u00e3o Greg\u00f3rio Magno, Papa e Doutor da Igreja S\u00e3o Greg\u00f3rio MagnoGreg\u00f3rio nasceu em Roma (12 mar\u00e7o 540), numa fam\u00edlia da aristocracia tradicional romana. Aos 25 anos foi nomeado prefeito da cidade. Grande admirador de S\u00e3o Bento de N\u00farsia, fundou em sua resid\u00eancia uma comunidade mon\u00e1stica sob a\u2026","rel":"","context":"Em &quot;Sem categoria&quot;","block_context":{"text":"Sem categoria","link":"https:\/\/diretodasacristia.com\/home\/c\/sem-categoria\/"},"img":{"alt_text":"","src":"","width":0,"height":0},"classes":[]},{"id":127,"url":"https:\/\/diretodasacristia.com\/home\/sem-categoria\/o-senado-de-bento-xvi-parte-12-2\/","url_meta":{"origin":75,"position":1},"title":"O Senado de Bento XVI &#8211; Parte 1\/2","author":"E. Mar\u00e7al","date":"18 de novembro de 2010","format":false,"excerpt":"Texto do seminarista Carlos Donato, da Arquidiocese da Para\u00edba.O Senado do PapaBento XVI reunido com o seu Senado Propositalmente esperamos o belo dia lit\u00fargico de hoje em que celebramos a festa [assim o \u00e9 em Roma] da dedica\u00e7\u00e3o das bas\u00edlicas papais de S\u00e3o Pedro no Vaticano e de S\u00e3o Paulo\u2026","rel":"","context":"Em &quot;Sem categoria&quot;","block_context":{"text":"Sem categoria","link":"https:\/\/diretodasacristia.com\/home\/c\/sem-categoria\/"},"img":{"alt_text":"","src":"","width":0,"height":0},"classes":[]},{"id":2491,"url":"https:\/\/diretodasacristia.com\/home\/sem-categoria\/antes-do-consistorio-nomeados-reunem-se-com-o-papa-2\/","url_meta":{"origin":75,"position":2},"title":"Antes do consist\u00f3rio, nomeados re\u00fanem-se com o Papa","author":"E. Mar\u00e7al","date":"19 de novembro de 2010","format":false,"excerpt":"Com informa\u00e7\u00f5es da ag\u00eancia da ZenitReflex\u00e3o e ora\u00e7\u00e3o acontecem hoje no VaticanoCardeais da Santa Igreja Romana e,ao centro, prelados rec\u00e9m-nomeados para o Senado papalAntes de acontecer amanh\u00e3 o terceiro consist\u00f3rio do pontificado do Papa Bento XVI, os cardeais de todo o mundo foram convocados para um dia de reuni\u00e3o com\u2026","rel":"","context":"Em &quot;Sem categoria&quot;","block_context":{"text":"Sem categoria","link":"https:\/\/diretodasacristia.com\/home\/c\/sem-categoria\/"},"img":{"alt_text":"","src":"","width":0,"height":0},"classes":[]},{"id":2466,"url":"https:\/\/diretodasacristia.com\/home\/sem-categoria\/morreu-comblin-2\/","url_meta":{"origin":75,"position":3},"title":"Morreu Comblin","author":"E. Mar\u00e7al","date":"27 de mar\u00e7o de 2011","format":false,"excerpt":"O te\u00f3logo faleceu nesta manh\u00e3 de domingoFaleceu na manh\u00e3 de hoje, no interior do Estado da Bahia, onde lecionava um curso numa Comunidade Eclesial de Base, o sacerdote e te\u00f3logo Jos\u00e9 Comblin. Nascido na B\u00e9lgica, veio para o Brasil como \"fidei donum\" em 1958, como resposta ao pedido do Papa\u2026","rel":"","context":"Em &quot;Sem categoria&quot;","block_context":{"text":"Sem categoria","link":"https:\/\/diretodasacristia.com\/home\/c\/sem-categoria\/"},"img":{"alt_text":"","src":"","width":0,"height":0},"classes":[]},{"id":2523,"url":"https:\/\/diretodasacristia.com\/home\/sem-categoria\/defenderam-e-verteram-sangue-pela-mesma-causa-2\/","url_meta":{"origin":75,"position":4},"title":"Defenderam e verteram sangue pela mesma causa","author":"E. Mar\u00e7al","date":"16 de setembro de 2010","format":false,"excerpt":"Santos do dia: S\u00e3o Corn\u00e9lio e S\u00e3o Cipriano de Cartago, Bispos e M\u00e1rtiresS\u00e3o Corn\u00e9lioPapa de RomaEm mar\u00e7o de 251, S\u00e3o Corn\u00e9lio foi eleito \u00e0 C\u00e1tedra de Pedro. Durante seu pontificado, o imperador romano D\u00e9cio perseguiu os crist\u00e3os e ordenou-lhes que prestassem culto aos deuses romanos, ou seriam sentenciados \u00e0 morte.\u2026","rel":"","context":"Em &quot;Sem categoria&quot;","block_context":{"text":"Sem categoria","link":"https:\/\/diretodasacristia.com\/home\/c\/sem-categoria\/"},"img":{"alt_text":"","src":"","width":0,"height":0},"classes":[]},{"id":2497,"url":"https:\/\/diretodasacristia.com\/home\/sem-categoria\/mais-um-passo-na-beatificacao-de-pio-xii-2\/","url_meta":{"origin":75,"position":5},"title":"Mais um passo na beatifica\u00e7\u00e3o de Pio XII","author":"E. Mar\u00e7al","date":"5 de novembro de 2010","format":false,"excerpt":"Texto do seminarista Carlos Donato, na It\u00e1lia Veritas liberare vos Depois de muitas controv\u00e9rsias e pol\u00eamicas sobre o pontificado do Vener\u00e1vel Servo de Deus Papa Pio XII, a Santa S\u00e9 deu por encerrado o seu processo de beatifica\u00e7\u00e3o, de forma que em breve, segundo o jornal italiano Corriere della Sera\u2026","rel":"","context":"Em &quot;Sem categoria&quot;","block_context":{"text":"Sem categoria","link":"https:\/\/diretodasacristia.com\/home\/c\/sem-categoria\/"},"img":{"alt_text":"","src":"","width":0,"height":0},"classes":[]}],"post_mailing_queue_ids":[],"_links":{"self":[{"href":"https:\/\/diretodasacristia.com\/home\/wp-json\/wp\/v2\/posts\/75","targetHints":{"allow":["GET"]}}],"collection":[{"href":"https:\/\/diretodasacristia.com\/home\/wp-json\/wp\/v2\/posts"}],"about":[{"href":"https:\/\/diretodasacristia.com\/home\/wp-json\/wp\/v2\/types\/post"}],"author":[{"embeddable":true,"href":"https:\/\/diretodasacristia.com\/home\/wp-json\/wp\/v2\/users\/3"}],"replies":[{"embeddable":true,"href":"https:\/\/diretodasacristia.com\/home\/wp-json\/wp\/v2\/comments?post=75"}],"version-history":[{"count":0,"href":"https:\/\/diretodasacristia.com\/home\/wp-json\/wp\/v2\/posts\/75\/revisions"}],"wp:attachment":[{"href":"https:\/\/diretodasacristia.com\/home\/wp-json\/wp\/v2\/media?parent=75"}],"wp:term":[{"taxonomy":"category","embeddable":true,"href":"https:\/\/diretodasacristia.com\/home\/wp-json\/wp\/v2\/categories?post=75"},{"taxonomy":"post_tag","embeddable":true,"href":"https:\/\/diretodasacristia.com\/home\/wp-json\/wp\/v2\/tags?post=75"}],"curies":[{"name":"wp","href":"https:\/\/api.w.org\/{rel}","templated":true}]}}