{"id":760,"date":"2012-02-15T09:03:20","date_gmt":"2012-02-15T12:03:20","guid":{"rendered":"http:\/\/diretodasacristia.com\/home\/?p=760"},"modified":"2012-03-02T17:07:37","modified_gmt":"2012-03-02T20:07:37","slug":"novo-arcebispo-de-campinas","status":"publish","type":"post","link":"https:\/\/diretodasacristia.com\/home\/boletim-santa-se\/novo-arcebispo-de-campinas\/","title":{"rendered":"Novo Arcebispo de Campinas"},"content":{"rendered":"<p style=\"text-align: justify;\">Com informa\u00e7\u00f5es do <a href=\"http:\/\/press.catholica.va\/news_services\/bulletin\/news\/28780.php?index=28780&amp;lang=po#NOMINA DELL\u2019ARCIVESCOVO METROPOLITA DI CAMPINAS (BRASILE)\">Boletim da Sala de Imprensa da Santa S\u00e9<\/a><\/p>\n<p style=\"text-align: center;\"><a href=\"http:\/\/www.moginews.com.br\/edicoes\/111208\/m1112070959021.jpg\"><img loading=\"lazy\" decoding=\"async\" src=\"http:\/\/www.moginews.com.br\/edicoes\/111208\/m1112070959021.jpg\" alt=\"\" width=\"300\" height=\"300\" \/><\/a><\/p>\n<p style=\"text-align: center;\"><em>Dom Airton Jos\u00e9 dos Santos<\/em><br \/>\n<em>Arcebispo eleito de Campinas<\/em><br \/>\n<em>55 anos<\/em><\/p>\n<p style=\"text-align: justify;\">O Santo Padre Bento XVI nomeou Arcebispo Metropolitano de Campinas Sua Ex.cia Dom Airton Jos\u00e9 dos Santos, transferindo-o da sede episcopal de Mogi das Cruzes.<\/p>\n<p style=\"text-align: justify;\">Sua Ex.cia Dom Airton Jos\u00e9 dos Santos nasceu em 25 junho 1956 em Bom Repouso, no Estado de Minas Gerais, na Arquidiocese de Pouso Alegre. Frequentou o curso do Filosofia na FAI &#8211; Faculdades Associados do Ipiranga e o de Teologia na Pontif\u00edcia Faculdade Teol\u00f3gica Nossa Senhora da Assun\u00e7\u00e3o da Arquidiocese de S\u00e3o Paulo. Conseguiu a licen\u00e7a em Direito Can\u00f4nico na <em>Pontificia Universit\u00e0 Gregoriana<\/em>.<\/p>\n<p style=\"text-align: justify;\">Em 08 dezembro 1985, recebeu a ordena\u00e7\u00e3o sacerdotal, exercendo os seguintes cargos, entre outros: Reitor do Semin\u00e1rio filos\u00f3fico (1987-1997) e P\u00e1roco da Catedral de Santo Andr\u00e9 (1997-2001).<\/p>\n<p style=\"text-align: justify;\">Em 19 dezembro 2001, foi eleito Bispo titular de Felbes e Auxiliar de Santo Andr\u00e9, recebendo a sagra\u00e7\u00e3o episcopal em 02 mar\u00e7o 2002, tendo como sagrante principal Sua Ex.cia Dom D\u00e9cio Pereira, ent\u00e3o Bispo de Santo Andr\u00e9, e consagrantes Suas Ex.cias Dom David Pic\u00e3o, Bispo em\u00e9rito de Santos, e Dom Manuel Parrado Carral, ent\u00e3o Auxiliar de S\u00e3o Paulo.<\/p>\n<p style=\"text-align: justify;\">Em 04 agosto 2004, foi nomeado Bispo de Mogi das Cruzes.<\/p>\n<p style=\"text-align: justify;\">Em \u00e2mbito regional, \u00e9 Secret\u00e1rio da Confer\u00eancia Episcopal do Estado de S\u00e3o Paulo e Presidente da Comiss\u00e3o de Liturgia; em \u00e2mbito nacional, \u00e9 Presidente da Comiss\u00e3o Episcopal para os Tribunais Eclesi\u00e1sticos de segunda est\u00e2ncia e Membro da Comiss\u00e3o Episcopal para a implementa\u00e7\u00e3o do Acordo Brasil-Santa S\u00e9.<\/p>\n<p style=\"text-align: center;\">* * *<\/p>\n<p style=\"text-align: justify;\">Ora\u00e7\u00f5es por seu minist\u00e9rio e votos de que o exer\u00e7a na fidelidade \u00e0 Igreja.<\/p>\n","protected":false},"excerpt":{"rendered":"Com informa\u00e7\u00f5es do Boletim da Sala de Imprensa da Santa S\u00e9 Dom Airton Jos\u00e9 dos Santos Arcebispo eleito de Campinas 55 anos O Santo Padre Bento XVI nomeou Arcebispo Metropolitano de Campinas Sua Ex.cia Dom Airton Jos\u00e9 dos Santos, transferindo-o da sede episcopal de Mogi das Cruzes. Sua Ex.cia Dom Airton Jos\u00e9 dos Santos nasceu&#8230; <a class=\"view-article\" href=\"https:\/\/diretodasacristia.com\/home\/boletim-santa-se\/novo-arcebispo-de-campinas\/\">Ver artigo<\/a>","protected":false},"author":3,"featured_media":0,"comment_status":"open","ping_status":"open","sticky":false,"template":"","format":"standard","meta":{"jetpack_post_was_ever_published":false,"_jetpack_newsletter_access":"","_jetpack_dont_email_post_to_subs":false,"_jetpack_newsletter_tier_id":0,"_jetpack_memberships_contains_paywalled_content":false,"_jetpack_memberships_contains_paid_content":false,"_joinchat":[],"footnotes":"","jetpack_publicize_message":"","jetpack_publicize_feature_enabled":true,"jetpack_social_post_already_shared":false,"jetpack_social_options":{"image_generator_settings":{"template":"highway","default_image_id":0,"font":"","enabled":false},"version":2}},"categories":[8,9,22],"tags":[90,91],"class_list":["post-760","post","type-post","status-publish","format-standard","hentry","category-boletim-santa-se","category-brasil","category-nomeacoes-episcopais","tag-arcebispo-campinas","tag-dom-airton"],"yoast_head":"<!-- This site is optimized with the Yoast SEO plugin v27.4 - https:\/\/yoast.com\/product\/yoast-seo-wordpress\/ -->\n<title>Novo Arcebispo de Campinas - Direto da Sacristia<\/title>\n<meta name=\"robots\" content=\"index, follow, max-snippet:-1, max-image-preview:large, max-video-preview:-1\" \/>\n<link rel=\"canonical\" href=\"https:\/\/diretodasacristia.com\/home\/boletim-santa-se\/novo-arcebispo-de-campinas\/\" \/>\n<meta property=\"og:locale\" content=\"pt_BR\" \/>\n<meta property=\"og:type\" content=\"article\" \/>\n<meta property=\"og:title\" content=\"Novo Arcebispo de Campinas - Direto da Sacristia\" \/>\n<meta property=\"og:description\" content=\"Com informa\u00e7\u00f5es do Boletim da Sala de Imprensa da Santa S\u00e9 Dom Airton Jos\u00e9 dos Santos Arcebispo eleito de Campinas 55 anos O Santo Padre Bento XVI nomeou Arcebispo Metropolitano de Campinas Sua Ex.cia Dom Airton Jos\u00e9 dos Santos, transferindo-o da sede episcopal de Mogi das Cruzes. Sua Ex.cia Dom Airton Jos\u00e9 dos Santos nasceu... Ver artigo\" \/>\n<meta property=\"og:url\" content=\"https:\/\/diretodasacristia.com\/home\/boletim-santa-se\/novo-arcebispo-de-campinas\/\" \/>\n<meta property=\"og:site_name\" content=\"Direto da Sacristia\" \/>\n<meta property=\"article:publisher\" content=\"https:\/\/www.facebook.com\/DiretoSacristia\" \/>\n<meta property=\"article:published_time\" content=\"2012-02-15T12:03:20+00:00\" \/>\n<meta property=\"article:modified_time\" content=\"2012-03-02T20:07:37+00:00\" \/>\n<meta property=\"og:image\" content=\"http:\/\/www.moginews.com.br\/edicoes\/111208\/m1112070959021.jpg\" \/>\n<meta name=\"author\" content=\"E. Mar\u00e7al\" \/>\n<meta name=\"twitter:card\" content=\"summary_large_image\" \/>\n<meta name=\"twitter:creator\" content=\"@diretosacristia\" \/>\n<meta name=\"twitter:site\" content=\"@diretosacristia\" \/>\n<meta name=\"twitter:label1\" content=\"Escrito por\" \/>\n\t<meta name=\"twitter:data1\" content=\"E. Mar\u00e7al\" \/>\n\t<meta name=\"twitter:label2\" content=\"Est. tempo de leitura\" \/>\n\t<meta name=\"twitter:data2\" content=\"1 minuto\" \/>\n<script type=\"application\/ld+json\" class=\"yoast-schema-graph\">{\"@context\":\"https:\\\/\\\/schema.org\",\"@graph\":[{\"@type\":\"Article\",\"@id\":\"https:\\\/\\\/diretodasacristia.com\\\/home\\\/boletim-santa-se\\\/novo-arcebispo-de-campinas\\\/#article\",\"isPartOf\":{\"@id\":\"https:\\\/\\\/diretodasacristia.com\\\/home\\\/boletim-santa-se\\\/novo-arcebispo-de-campinas\\\/\"},\"author\":{\"name\":\"E. Mar\u00e7al\",\"@id\":\"https:\\\/\\\/diretodasacristia.com\\\/home\\\/#\\\/schema\\\/person\\\/3d453ef1f7d57c0bb0990b8070642721\"},\"headline\":\"Novo Arcebispo de Campinas\",\"datePublished\":\"2012-02-15T12:03:20+00:00\",\"dateModified\":\"2012-03-02T20:07:37+00:00\",\"mainEntityOfPage\":{\"@id\":\"https:\\\/\\\/diretodasacristia.com\\\/home\\\/boletim-santa-se\\\/novo-arcebispo-de-campinas\\\/\"},\"wordCount\":292,\"commentCount\":1,\"publisher\":{\"@id\":\"https:\\\/\\\/diretodasacristia.com\\\/home\\\/#organization\"},\"image\":{\"@id\":\"https:\\\/\\\/diretodasacristia.com\\\/home\\\/boletim-santa-se\\\/novo-arcebispo-de-campinas\\\/#primaryimage\"},\"thumbnailUrl\":\"http:\\\/\\\/www.moginews.com.br\\\/edicoes\\\/111208\\\/m1112070959021.jpg\",\"keywords\":[\"Arcebispo Campinas\",\"Dom Airton\"],\"articleSection\":[\"Boletim Santa S\u00e9\",\"Brasil\",\"Nomea\u00e7\u00f5es episcopais\"],\"inLanguage\":\"pt-BR\",\"potentialAction\":[{\"@type\":\"CommentAction\",\"name\":\"Comment\",\"target\":[\"https:\\\/\\\/diretodasacristia.com\\\/home\\\/boletim-santa-se\\\/novo-arcebispo-de-campinas\\\/#respond\"]}]},{\"@type\":\"WebPage\",\"@id\":\"https:\\\/\\\/diretodasacristia.com\\\/home\\\/boletim-santa-se\\\/novo-arcebispo-de-campinas\\\/\",\"url\":\"https:\\\/\\\/diretodasacristia.com\\\/home\\\/boletim-santa-se\\\/novo-arcebispo-de-campinas\\\/\",\"name\":\"Novo Arcebispo de Campinas - Direto da Sacristia\",\"isPartOf\":{\"@id\":\"https:\\\/\\\/diretodasacristia.com\\\/home\\\/#website\"},\"primaryImageOfPage\":{\"@id\":\"https:\\\/\\\/diretodasacristia.com\\\/home\\\/boletim-santa-se\\\/novo-arcebispo-de-campinas\\\/#primaryimage\"},\"image\":{\"@id\":\"https:\\\/\\\/diretodasacristia.com\\\/home\\\/boletim-santa-se\\\/novo-arcebispo-de-campinas\\\/#primaryimage\"},\"thumbnailUrl\":\"http:\\\/\\\/www.moginews.com.br\\\/edicoes\\\/111208\\\/m1112070959021.jpg\",\"datePublished\":\"2012-02-15T12:03:20+00:00\",\"dateModified\":\"2012-03-02T20:07:37+00:00\",\"breadcrumb\":{\"@id\":\"https:\\\/\\\/diretodasacristia.com\\\/home\\\/boletim-santa-se\\\/novo-arcebispo-de-campinas\\\/#breadcrumb\"},\"inLanguage\":\"pt-BR\",\"potentialAction\":[{\"@type\":\"ReadAction\",\"target\":[\"https:\\\/\\\/diretodasacristia.com\\\/home\\\/boletim-santa-se\\\/novo-arcebispo-de-campinas\\\/\"]}]},{\"@type\":\"ImageObject\",\"inLanguage\":\"pt-BR\",\"@id\":\"https:\\\/\\\/diretodasacristia.com\\\/home\\\/boletim-santa-se\\\/novo-arcebispo-de-campinas\\\/#primaryimage\",\"url\":\"http:\\\/\\\/www.moginews.com.br\\\/edicoes\\\/111208\\\/m1112070959021.jpg\",\"contentUrl\":\"http:\\\/\\\/www.moginews.com.br\\\/edicoes\\\/111208\\\/m1112070959021.jpg\"},{\"@type\":\"BreadcrumbList\",\"@id\":\"https:\\\/\\\/diretodasacristia.com\\\/home\\\/boletim-santa-se\\\/novo-arcebispo-de-campinas\\\/#breadcrumb\",\"itemListElement\":[{\"@type\":\"ListItem\",\"position\":1,\"name\":\"In\u00edcio\",\"item\":\"https:\\\/\\\/diretodasacristia.com\\\/home\\\/\"},{\"@type\":\"ListItem\",\"position\":2,\"name\":\"Novo Arcebispo de Campinas\"}]},{\"@type\":\"WebSite\",\"@id\":\"https:\\\/\\\/diretodasacristia.com\\\/home\\\/#website\",\"url\":\"https:\\\/\\\/diretodasacristia.com\\\/home\\\/\",\"name\":\"Direto da Sacristia\",\"description\":\"Not\u00edcias e artigos sobre a f\u00e9 cat\u00f3lica\",\"publisher\":{\"@id\":\"https:\\\/\\\/diretodasacristia.com\\\/home\\\/#organization\"},\"potentialAction\":[{\"@type\":\"SearchAction\",\"target\":{\"@type\":\"EntryPoint\",\"urlTemplate\":\"https:\\\/\\\/diretodasacristia.com\\\/home\\\/?s={search_term_string}\"},\"query-input\":{\"@type\":\"PropertyValueSpecification\",\"valueRequired\":true,\"valueName\":\"search_term_string\"}}],\"inLanguage\":\"pt-BR\"},{\"@type\":\"Organization\",\"@id\":\"https:\\\/\\\/diretodasacristia.com\\\/home\\\/#organization\",\"name\":\"Direto da Sacristia\",\"url\":\"https:\\\/\\\/diretodasacristia.com\\\/home\\\/\",\"logo\":{\"@type\":\"ImageObject\",\"inLanguage\":\"pt-BR\",\"@id\":\"https:\\\/\\\/diretodasacristia.com\\\/home\\\/#\\\/schema\\\/logo\\\/image\\\/\",\"url\":\"https:\\\/\\\/i0.wp.com\\\/diretodasacristia.com\\\/home\\\/wp-content\\\/uploads\\\/2012\\\/01\\\/marca-sacristia.png?fit=320%2C306&ssl=1\",\"contentUrl\":\"https:\\\/\\\/i0.wp.com\\\/diretodasacristia.com\\\/home\\\/wp-content\\\/uploads\\\/2012\\\/01\\\/marca-sacristia.png?fit=320%2C306&ssl=1\",\"width\":\"320\",\"height\":\"306\",\"caption\":\"Direto da Sacristia\"},\"image\":{\"@id\":\"https:\\\/\\\/diretodasacristia.com\\\/home\\\/#\\\/schema\\\/logo\\\/image\\\/\"},\"sameAs\":[\"https:\\\/\\\/www.facebook.com\\\/DiretoSacristia\",\"https:\\\/\\\/x.com\\\/diretosacristia\",\"https:\\\/\\\/www.instagram.com\\\/diretodasacristia\\\/\",\"https:\\\/\\\/www.youtube.com\\\/diretodasacristia\"]},{\"@type\":\"Person\",\"@id\":\"https:\\\/\\\/diretodasacristia.com\\\/home\\\/#\\\/schema\\\/person\\\/3d453ef1f7d57c0bb0990b8070642721\",\"name\":\"E. Mar\u00e7al\",\"image\":{\"@type\":\"ImageObject\",\"inLanguage\":\"pt-BR\",\"@id\":\"https:\\\/\\\/secure.gravatar.com\\\/avatar\\\/348ff80a5ddde3de6c8b6e0c5b066b733f9245285d9ab87cd2e2ff652ffa95b0?s=96&d=mm&r=g\",\"url\":\"https:\\\/\\\/secure.gravatar.com\\\/avatar\\\/348ff80a5ddde3de6c8b6e0c5b066b733f9245285d9ab87cd2e2ff652ffa95b0?s=96&d=mm&r=g\",\"contentUrl\":\"https:\\\/\\\/secure.gravatar.com\\\/avatar\\\/348ff80a5ddde3de6c8b6e0c5b066b733f9245285d9ab87cd2e2ff652ffa95b0?s=96&d=mm&r=g\",\"caption\":\"E. Mar\u00e7al\"},\"url\":\"https:\\\/\\\/diretodasacristia.com\\\/home\\\/author\\\/erick\\\/\"}]}<\/script>\n<!-- \/ Yoast SEO plugin. -->","yoast_head_json":{"title":"Novo Arcebispo de Campinas - Direto da Sacristia","robots":{"index":"index","follow":"follow","max-snippet":"max-snippet:-1","max-image-preview":"max-image-preview:large","max-video-preview":"max-video-preview:-1"},"canonical":"https:\/\/diretodasacristia.com\/home\/boletim-santa-se\/novo-arcebispo-de-campinas\/","og_locale":"pt_BR","og_type":"article","og_title":"Novo Arcebispo de Campinas - Direto da Sacristia","og_description":"Com informa\u00e7\u00f5es do Boletim da Sala de Imprensa da Santa S\u00e9 Dom Airton Jos\u00e9 dos Santos Arcebispo eleito de Campinas 55 anos O Santo Padre Bento XVI nomeou Arcebispo Metropolitano de Campinas Sua Ex.cia Dom Airton Jos\u00e9 dos Santos, transferindo-o da sede episcopal de Mogi das Cruzes. Sua Ex.cia Dom Airton Jos\u00e9 dos Santos nasceu... Ver artigo","og_url":"https:\/\/diretodasacristia.com\/home\/boletim-santa-se\/novo-arcebispo-de-campinas\/","og_site_name":"Direto da Sacristia","article_publisher":"https:\/\/www.facebook.com\/DiretoSacristia","article_published_time":"2012-02-15T12:03:20+00:00","article_modified_time":"2012-03-02T20:07:37+00:00","og_image":[{"url":"http:\/\/www.moginews.com.br\/edicoes\/111208\/m1112070959021.jpg","type":"","width":"","height":""}],"author":"E. Mar\u00e7al","twitter_card":"summary_large_image","twitter_creator":"@diretosacristia","twitter_site":"@diretosacristia","twitter_misc":{"Escrito por":"E. Mar\u00e7al","Est. tempo de leitura":"1 minuto"},"schema":{"@context":"https:\/\/schema.org","@graph":[{"@type":"Article","@id":"https:\/\/diretodasacristia.com\/home\/boletim-santa-se\/novo-arcebispo-de-campinas\/#article","isPartOf":{"@id":"https:\/\/diretodasacristia.com\/home\/boletim-santa-se\/novo-arcebispo-de-campinas\/"},"author":{"name":"E. Mar\u00e7al","@id":"https:\/\/diretodasacristia.com\/home\/#\/schema\/person\/3d453ef1f7d57c0bb0990b8070642721"},"headline":"Novo Arcebispo de Campinas","datePublished":"2012-02-15T12:03:20+00:00","dateModified":"2012-03-02T20:07:37+00:00","mainEntityOfPage":{"@id":"https:\/\/diretodasacristia.com\/home\/boletim-santa-se\/novo-arcebispo-de-campinas\/"},"wordCount":292,"commentCount":1,"publisher":{"@id":"https:\/\/diretodasacristia.com\/home\/#organization"},"image":{"@id":"https:\/\/diretodasacristia.com\/home\/boletim-santa-se\/novo-arcebispo-de-campinas\/#primaryimage"},"thumbnailUrl":"http:\/\/www.moginews.com.br\/edicoes\/111208\/m1112070959021.jpg","keywords":["Arcebispo Campinas","Dom Airton"],"articleSection":["Boletim Santa S\u00e9","Brasil","Nomea\u00e7\u00f5es episcopais"],"inLanguage":"pt-BR","potentialAction":[{"@type":"CommentAction","name":"Comment","target":["https:\/\/diretodasacristia.com\/home\/boletim-santa-se\/novo-arcebispo-de-campinas\/#respond"]}]},{"@type":"WebPage","@id":"https:\/\/diretodasacristia.com\/home\/boletim-santa-se\/novo-arcebispo-de-campinas\/","url":"https:\/\/diretodasacristia.com\/home\/boletim-santa-se\/novo-arcebispo-de-campinas\/","name":"Novo Arcebispo de Campinas - Direto da Sacristia","isPartOf":{"@id":"https:\/\/diretodasacristia.com\/home\/#website"},"primaryImageOfPage":{"@id":"https:\/\/diretodasacristia.com\/home\/boletim-santa-se\/novo-arcebispo-de-campinas\/#primaryimage"},"image":{"@id":"https:\/\/diretodasacristia.com\/home\/boletim-santa-se\/novo-arcebispo-de-campinas\/#primaryimage"},"thumbnailUrl":"http:\/\/www.moginews.com.br\/edicoes\/111208\/m1112070959021.jpg","datePublished":"2012-02-15T12:03:20+00:00","dateModified":"2012-03-02T20:07:37+00:00","breadcrumb":{"@id":"https:\/\/diretodasacristia.com\/home\/boletim-santa-se\/novo-arcebispo-de-campinas\/#breadcrumb"},"inLanguage":"pt-BR","potentialAction":[{"@type":"ReadAction","target":["https:\/\/diretodasacristia.com\/home\/boletim-santa-se\/novo-arcebispo-de-campinas\/"]}]},{"@type":"ImageObject","inLanguage":"pt-BR","@id":"https:\/\/diretodasacristia.com\/home\/boletim-santa-se\/novo-arcebispo-de-campinas\/#primaryimage","url":"http:\/\/www.moginews.com.br\/edicoes\/111208\/m1112070959021.jpg","contentUrl":"http:\/\/www.moginews.com.br\/edicoes\/111208\/m1112070959021.jpg"},{"@type":"BreadcrumbList","@id":"https:\/\/diretodasacristia.com\/home\/boletim-santa-se\/novo-arcebispo-de-campinas\/#breadcrumb","itemListElement":[{"@type":"ListItem","position":1,"name":"In\u00edcio","item":"https:\/\/diretodasacristia.com\/home\/"},{"@type":"ListItem","position":2,"name":"Novo Arcebispo de Campinas"}]},{"@type":"WebSite","@id":"https:\/\/diretodasacristia.com\/home\/#website","url":"https:\/\/diretodasacristia.com\/home\/","name":"Direto da Sacristia","description":"Not\u00edcias e artigos sobre a f\u00e9 cat\u00f3lica","publisher":{"@id":"https:\/\/diretodasacristia.com\/home\/#organization"},"potentialAction":[{"@type":"SearchAction","target":{"@type":"EntryPoint","urlTemplate":"https:\/\/diretodasacristia.com\/home\/?s={search_term_string}"},"query-input":{"@type":"PropertyValueSpecification","valueRequired":true,"valueName":"search_term_string"}}],"inLanguage":"pt-BR"},{"@type":"Organization","@id":"https:\/\/diretodasacristia.com\/home\/#organization","name":"Direto da Sacristia","url":"https:\/\/diretodasacristia.com\/home\/","logo":{"@type":"ImageObject","inLanguage":"pt-BR","@id":"https:\/\/diretodasacristia.com\/home\/#\/schema\/logo\/image\/","url":"https:\/\/i0.wp.com\/diretodasacristia.com\/home\/wp-content\/uploads\/2012\/01\/marca-sacristia.png?fit=320%2C306&ssl=1","contentUrl":"https:\/\/i0.wp.com\/diretodasacristia.com\/home\/wp-content\/uploads\/2012\/01\/marca-sacristia.png?fit=320%2C306&ssl=1","width":"320","height":"306","caption":"Direto da Sacristia"},"image":{"@id":"https:\/\/diretodasacristia.com\/home\/#\/schema\/logo\/image\/"},"sameAs":["https:\/\/www.facebook.com\/DiretoSacristia","https:\/\/x.com\/diretosacristia","https:\/\/www.instagram.com\/diretodasacristia\/","https:\/\/www.youtube.com\/diretodasacristia"]},{"@type":"Person","@id":"https:\/\/diretodasacristia.com\/home\/#\/schema\/person\/3d453ef1f7d57c0bb0990b8070642721","name":"E. Mar\u00e7al","image":{"@type":"ImageObject","inLanguage":"pt-BR","@id":"https:\/\/secure.gravatar.com\/avatar\/348ff80a5ddde3de6c8b6e0c5b066b733f9245285d9ab87cd2e2ff652ffa95b0?s=96&d=mm&r=g","url":"https:\/\/secure.gravatar.com\/avatar\/348ff80a5ddde3de6c8b6e0c5b066b733f9245285d9ab87cd2e2ff652ffa95b0?s=96&d=mm&r=g","contentUrl":"https:\/\/secure.gravatar.com\/avatar\/348ff80a5ddde3de6c8b6e0c5b066b733f9245285d9ab87cd2e2ff652ffa95b0?s=96&d=mm&r=g","caption":"E. Mar\u00e7al"},"url":"https:\/\/diretodasacristia.com\/home\/author\/erick\/"}]}},"jetpack_publicize_connections":[],"jetpack_featured_media_url":"","jetpack_sharing_enabled":true,"jetpack_shortlink":"https:\/\/wp.me\/p24aG7-cg","jetpack-related-posts":[{"id":753,"url":"https:\/\/diretodasacristia.com\/home\/boletim-santa-se\/novo-bispo-de-pequeira\/","url_meta":{"origin":760,"position":0},"title":"Novo Bispo de Pesqueira","author":"E. Mar\u00e7al","date":"15 de fevereiro de 2012","format":false,"excerpt":"Com informa\u00e7\u00f5es do Boletim da Sala de Imprensa da Santa S\u00e9 \u00a0 Sua Excel\u00eancia Dom Jos\u00e9 Luiz Sales Bispo eleito de Pesqueira 55 anos O Santo Padre Bento nomeou como Bispo de Pesqueira Sua Ex.cia Dom Jos\u00e9 Luiz Ferreira Sales, professo da Congrega\u00e7\u00e3o do Sant\u00edssimo Redentor, at\u00e9 agora Bispo titular\u2026","rel":"","context":"Em &quot;Boletim Santa S\u00e9&quot;","block_context":{"text":"Boletim Santa S\u00e9","link":"https:\/\/diretodasacristia.com\/home\/c\/boletim-santa-se\/"},"img":{"alt_text":"","src":"https:\/\/i0.wp.com\/diretodasacristia.com\/home\/wp-content\/uploads\/2012\/02\/dom-jose-luiz_ferreira-sales.jpg?resize=350%2C200&ssl=1","width":350,"height":200},"classes":[]},{"id":1373,"url":"https:\/\/diretodasacristia.com\/home\/brasil\/renuncia-e-nomeacao-do-arcebispo-de-uberaba\/","url_meta":{"origin":760,"position":1},"title":"Ren\u00fancia e nomea\u00e7\u00e3o do Arcebispo de Uberaba","author":"E. Mar\u00e7al","date":"7 de mar\u00e7o de 2012","format":false,"excerpt":"Do boletim da Sala de Imprensa da Santa S\u00e9 \u00a0 Sua Ex.cia Dom Alo\u00edsio Oppermann Pol\u00eamicas a respeito da aplica\u00e7\u00e3o do Summorum Pontificum em Uberada: a assembleia \"deve entender latim\"\u00a0 O Santo Padre Bento XVI aceitou a ren\u00fancia ao governo pastoral da Arquidiocese de Uberaba apresentada por Sua Ex.cia Dom\u2026","rel":"","context":"Em &quot;Brasil&quot;","block_context":{"text":"Brasil","link":"https:\/\/diretodasacristia.com\/home\/c\/brasil\/"},"img":{"alt_text":"","src":"https:\/\/i0.wp.com\/diretodasacristia.com\/home\/wp-content\/uploads\/2012\/03\/Aloisio-Oppermann.jpg?resize=350%2C200","width":350,"height":200},"classes":[]},{"id":233,"url":"https:\/\/diretodasacristia.com\/home\/brasil\/morreu-o-arcebispo-de-campinas\/","url_meta":{"origin":760,"position":2},"title":"Morreu o Arcebispo de Campinas","author":"E. Mar\u00e7al","date":"28 de agosto de 2011","format":false,"excerpt":"\u00a0 \u00c0s 15h deste domingo, 28, faleceu S.E.R. Dom Bruno Gamberini, Arcebispo de Campinas, aos 61 anos. Em dois meses, o venerando Bispo foi internado tr\u00eas vezes - primeiro por crise de diabetes, depois por um desequil\u00edbrio emocional e, na \u00faltima, por uma hemorragia digestiva alta. Na \u00faltima sexta-feira, dia\u2026","rel":"","context":"Em &quot;Brasil&quot;","block_context":{"text":"Brasil","link":"https:\/\/diretodasacristia.com\/home\/c\/brasil\/"},"img":{"alt_text":"","src":"","width":0,"height":0},"classes":[]},{"id":578,"url":"https:\/\/diretodasacristia.com\/home\/brasil\/sagracoes-episcopais-e-posses-no-brasil\/","url_meta":{"origin":760,"position":3},"title":"Sagra\u00e7\u00f5es episcopais e posses no Brasil","author":"E. Mar\u00e7al","date":"8 de fevereiro de 2012","format":false,"excerpt":"Publicamos a lista dos pr\u00f3ximos eventos no episcopado brasileiro referentes ou \u00e0 sua sagra\u00e7\u00e3o episcopal ou \u00e0 posse can\u00f4nica de seu of\u00edcio (alguns s\u00e3o bispos auxiliares, outros s\u00e3o bispos diocesanos). S\u00e1bado, 11 de fevereiro Na Festa de Nossa Senhora de Lourdes Sagra\u00e7\u00e3o episcopal do Rev.do Mons. Jo\u00e3o Justino de Medeiros\u2026","rel":"","context":"Em &quot;Brasil&quot;","block_context":{"text":"Brasil","link":"https:\/\/diretodasacristia.com\/home\/c\/brasil\/"},"img":{"alt_text":"","src":"https:\/\/i0.wp.com\/diretodasacristia.com\/home\/wp-content\/uploads\/2012\/02\/Jo%C3%A3o-Justino-252x300.jpg?resize=350%2C200","width":350,"height":200},"classes":[]},{"id":2551,"url":"https:\/\/diretodasacristia.com\/home\/sem-categoria\/visita-ad-limina-apostolorum-4\/","url_meta":{"origin":760,"position":4},"title":"Visita &#8220;Ad Limina Apostolorum&#8221;","author":"E. Mar\u00e7al","date":"3 de setembro de 2010","format":false,"excerpt":"Do boletim da Sala de Imprensa da Santa S\u00e9A Audi\u00eanciaO Santo Padre recebeu nesta manh\u00e3 em audi\u00eancia no Pal\u00e1cio Apost\u00f3lico de Castel Gandolfo: Os Excelent\u00edssimos Bispos da Confer\u00eancia Episcopal do Brasil (Regional Nordeste III), em Visita \"Ad Limina Apostolorum\": S.E.R. Dom Jos\u00e9 Edson Santana de Oliveira, Bispo de Eun\u00e1polis; S.E.R.\u2026","rel":"","context":"Em &quot;Sem categoria&quot;","block_context":{"text":"Sem categoria","link":"https:\/\/diretodasacristia.com\/home\/c\/sem-categoria\/"},"img":{"alt_text":"","src":"","width":0,"height":0},"classes":[]},{"id":3158,"url":"https:\/\/diretodasacristia.com\/home\/brasil\/arcebispos-que-recebem-o-palio-este-ano\/","url_meta":{"origin":760,"position":5},"title":"Arcebispos que recebem o p\u00e1lio este ano","author":"E. Mar\u00e7al","date":"27 de junho de 2012","format":false,"excerpt":"Ao todo, 44 dos 46 arcebispos nomeados estar\u00e3o presentes, dos quais 7 s\u00e3o brasileiros, 4 filipinos, 3 italianos, 3 norte-americanos, 2 mexicanos, 2 indianos, 2 australianos, entre outros. Deles, apenas 20% s\u00e3o professos em institutos religiosos.","rel":"","context":"Em &quot;Brasil&quot;","block_context":{"text":"Brasil","link":"https:\/\/diretodasacristia.com\/home\/c\/brasil\/"},"img":{"alt_text":"","src":"","width":0,"height":0},"classes":[]}],"post_mailing_queue_ids":[],"_links":{"self":[{"href":"https:\/\/diretodasacristia.com\/home\/wp-json\/wp\/v2\/posts\/760","targetHints":{"allow":["GET"]}}],"collection":[{"href":"https:\/\/diretodasacristia.com\/home\/wp-json\/wp\/v2\/posts"}],"about":[{"href":"https:\/\/diretodasacristia.com\/home\/wp-json\/wp\/v2\/types\/post"}],"author":[{"embeddable":true,"href":"https:\/\/diretodasacristia.com\/home\/wp-json\/wp\/v2\/users\/3"}],"replies":[{"embeddable":true,"href":"https:\/\/diretodasacristia.com\/home\/wp-json\/wp\/v2\/comments?post=760"}],"version-history":[{"count":10,"href":"https:\/\/diretodasacristia.com\/home\/wp-json\/wp\/v2\/posts\/760\/revisions"}],"predecessor-version":[{"id":765,"href":"https:\/\/diretodasacristia.com\/home\/wp-json\/wp\/v2\/posts\/760\/revisions\/765"}],"wp:attachment":[{"href":"https:\/\/diretodasacristia.com\/home\/wp-json\/wp\/v2\/media?parent=760"}],"wp:term":[{"taxonomy":"category","embeddable":true,"href":"https:\/\/diretodasacristia.com\/home\/wp-json\/wp\/v2\/categories?post=760"},{"taxonomy":"post_tag","embeddable":true,"href":"https:\/\/diretodasacristia.com\/home\/wp-json\/wp\/v2\/tags?post=760"}],"curies":[{"name":"wp","href":"https:\/\/api.w.org\/{rel}","templated":true}]}}