{"id":8,"date":"2011-11-05T09:18:00","date_gmt":"2011-11-05T09:18:00","guid":{"rendered":"http:\/\/diretodasacristia.com\/home\/sem-categoria\/fotos-das-ultimas-cerimonias-presididas-pelo-papa-2\/"},"modified":"2011-11-05T09:18:00","modified_gmt":"2011-11-05T09:18:00","slug":"fotos-das-ultimas-cerimonias-presididas-pelo-papa-2","status":"publish","type":"post","link":"https:\/\/diretodasacristia.com\/home\/sem-categoria\/fotos-das-ultimas-cerimonias-presididas-pelo-papa-2\/","title":{"rendered":"Fotos das \u00faltimas cerim\u00f4nias presididas pelo Papa"},"content":{"rendered":"<p><span class=\"Apple-style-span\" style=\"font-family: Verdana, sans-serif;\">Fotos da <a href=\"http:\/\/www.daylife.com\/\">Day Life<\/a><\/span><br \/><span class=\"Apple-style-span\" style=\"font-family: Verdana, sans-serif;\"><br \/><\/span><\/p>\n<div style=\"text-align: justify;\"><span class=\"Apple-style-span\" style=\"font-family: Verdana, sans-serif;\">Um dia ap\u00f3s a Igreja fazer mem\u00f3ria e rezar missas em sufr\u00e1gio dos fi\u00e9is falecidos, em Roma o Santo Padre Bento XVI oficiou \u00e0s 11h30 (locais), conforme o costume, a cerim\u00f4nia em sufr\u00e1gio dos cardeais e bispos falecidos desde novembro do ano passado, que &#8220;conclu\u00edram suas peregrina\u00e7\u00f5es terrestres&#8221;, os Purpurados&nbsp;<\/span><span class=\"Apple-style-span\" style=\"line-height: 17px;\"><span class=\"Apple-style-span\" style=\"font-family: Verdana, sans-serif;\">Urbano Navarrete, S.I.,Michele Giordano, Varkey Vithayathil, C.SS.R., Giovanni Saldarini, August\u00edn Garc\u00eda-Gasco Vicente, Georg Maximilian Sterzinsky, Kazimierz Swiatek, Virg\u00edlio No\u00e8, Aloysius Matthew Ambroziac e Andrzej Maria Deskur. No Brasil, lembramos muitos bispos que adormeceram no Senhor, entre eles S.E.R. <a href=\"http:\/\/www.blogger.com\/blogger.g?blogID=1659167478089201229#editor\/target=post;postID=261031925825957506\">Dom Bruno Gamberini<\/a>, <a href=\"http:\/\/www.blogger.com\/blogger.g?blogID=1659167478089201229#editor\/target=post;postID=4816894915548407498\">Dom Manoel Pestana<\/a>, <a href=\"http:\/\/www.blogger.com\/blogger.g?blogID=1659167478089201229#editor\/target=post;postID=3686122386101078810\">Dom Clemente Isnard<\/a>, e outros.<\/span><\/span><\/div>\n<div style=\"text-align: center;\"><span class=\"Apple-style-span\" style=\"line-height: 17px;\"><span class=\"Apple-style-span\" style=\"font-family: Verdana, sans-serif;\"><br \/><\/span><\/span><\/div>\n<div style=\"text-align: justify;\">&nbsp; &nbsp; &nbsp; &nbsp; &nbsp; &nbsp; &nbsp; &nbsp; &nbsp; &nbsp; &nbsp; &nbsp; &nbsp; &nbsp; &nbsp; &nbsp; &nbsp; &nbsp; &nbsp; &nbsp; &nbsp; &nbsp; <a href=\"http:\/\/cache.daylife.com\/imageserve\/04yl3Xj5YmfmM\/x610.jpg\" imageanchor=\"1\" style=\"margin-left: 1em; margin-right: 1em; text-align: center;\"><img loading=\"lazy\" decoding=\"async\" border=\"0\" height=\"400\" src=\"http:\/\/cache.daylife.com\/imageserve\/04yl3Xj5YmfmM\/x610.jpg\" width=\"262\" \/><\/a><\/div>\n<div style=\"text-align: center;\"><span class=\"Apple-style-span\" style=\"line-height: 17px;\"><span class=\"Apple-style-span\" style=\"font-family: Verdana, sans-serif;\"><br \/><\/span><\/span><\/div>\n<div style=\"text-align: center;\"><span class=\"Apple-style-span\" style=\"line-height: 17px;\"><span class=\"Apple-style-span\" style=\"font-family: Verdana, sans-serif;\"><br \/><\/span><\/span><\/div>\n<div class=\"separator\" style=\"clear: both; text-align: center;\"><a href=\"http:\/\/cache.daylife.com\/imageserve\/06Ocay22xr9dp\/610x.jpg\" imageanchor=\"1\" style=\"margin-left: 1em; margin-right: 1em;\"><img loading=\"lazy\" decoding=\"async\" border=\"0\" height=\"265\" src=\"http:\/\/cache.daylife.com\/imageserve\/06Ocay22xr9dp\/610x.jpg\" width=\"400\" \/><\/a><\/div>\n<div style=\"text-align: center;\"><span class=\"Apple-style-span\" style=\"line-height: 17px;\"><span class=\"Apple-style-span\" style=\"font-family: Verdana, sans-serif;\"><br \/><\/span><\/span><\/div>\n<div style=\"text-align: center;\"><span class=\"Apple-style-span\" style=\"line-height: 17px;\"><span class=\"Apple-style-span\" style=\"font-family: Verdana, sans-serif;\"><br \/><\/span><\/span><\/div>\n<div style=\"text-align: center;\"><span class=\"Apple-style-span\" style=\"line-height: 17px;\"><span class=\"Apple-style-span\" style=\"font-family: Verdana, sans-serif;\"><br \/><\/span><\/span><\/div>\n<div style=\"text-align: justify;\">&nbsp; &nbsp; &nbsp; &nbsp; &nbsp; &nbsp; &nbsp; &nbsp; &nbsp; &nbsp; &nbsp; &nbsp;&nbsp;<a href=\"http:\/\/cache.daylife.com\/imageserve\/0g4R5uiaizeLk\/610x.jpg\" imageanchor=\"1\" style=\"margin-left: 1em; margin-right: 1em; text-align: center;\"><img loading=\"lazy\" decoding=\"async\" border=\"0\" height=\"261\" src=\"http:\/\/cache.daylife.com\/imageserve\/0g4R5uiaizeLk\/610x.jpg\" width=\"400\" \/><\/a><\/div>\n<div style=\"text-align: center;\"><span class=\"Apple-style-span\" style=\"line-height: 17px;\"><span class=\"Apple-style-span\" style=\"font-family: Verdana, sans-serif;\"><br \/><\/span><\/span><\/div>\n<div style=\"text-align: center;\"><span class=\"Apple-style-span\" style=\"line-height: 17px;\"><span class=\"Apple-style-span\" style=\"font-family: Verdana, sans-serif;\"><br \/><\/span><\/span><\/div>\n<div class=\"separator\" style=\"clear: both; text-align: center;\"><a href=\"http:\/\/cache.daylife.com\/imageserve\/0dpcesb1NmgPl\/610x.jpg\" imageanchor=\"1\" style=\"margin-left: 1em; margin-right: 1em;\"><img loading=\"lazy\" decoding=\"async\" border=\"0\" height=\"278\" src=\"http:\/\/cache.daylife.com\/imageserve\/0dpcesb1NmgPl\/610x.jpg\" width=\"400\" \/><\/a><\/div>\n<div class=\"separator\" style=\"clear: both; text-align: center;\"><\/div>\n<div class=\"separator\" style=\"clear: both; text-align: center;\"><\/div>\n<div class=\"separator\" style=\"clear: both; text-align: center;\"><a href=\"http:\/\/cache.daylife.com\/imageserve\/05jWfbBdL2d0H\/610x.jpg\" imageanchor=\"1\" style=\"margin-left: 1em; margin-right: 1em;\"><img loading=\"lazy\" decoding=\"async\" border=\"0\" height=\"277\" src=\"http:\/\/cache.daylife.com\/imageserve\/05jWfbBdL2d0H\/610x.jpg\" width=\"400\" \/><\/a><\/div>\n<div style=\"text-align: justify;\"><\/div>\n<div style=\"text-align: center;\"><span class=\"Apple-style-span\" style=\"font-family: Verdana, sans-serif; line-height: 17px;\"><br \/><\/span><\/div>\n<p><span class=\"Apple-style-span\" style=\"line-height: 17px;\"><span class=\"Apple-style-span\" style=\"font-family: Verdana, sans-serif;\"><\/span><\/span><\/p>\n<div style=\"text-align: justify;\"><span class=\"Apple-style-span\" style=\"line-height: 17px;\"><span class=\"Apple-style-span\" style=\"font-family: Verdana, sans-serif;\"><span class=\"Apple-style-span\" style=\"line-height: 17px;\"><span class=\"Apple-style-span\" style=\"font-family: Verdana, sans-serif;\"><br \/><\/span><\/span><\/span><\/span><\/div>\n<p><span class=\"Apple-style-span\" style=\"line-height: 17px;\"><span class=\"Apple-style-span\" style=\"font-family: Verdana, sans-serif;\"><\/p>\n<div class=\"separator\" style=\"clear: both; text-align: center;\"><a href=\"http:\/\/cache.daylife.com\/imageserve\/0a7p2iVbVo6v0\/x610.jpg\" imageanchor=\"1\" style=\"margin-left: 1em; margin-right: 1em;\"><img loading=\"lazy\" decoding=\"async\" border=\"0\" height=\"400\" src=\"http:\/\/cache.daylife.com\/imageserve\/0a7p2iVbVo6v0\/x610.jpg\" width=\"265\" \/><\/a><\/div>\n<div style=\"text-align: justify;\"><span class=\"Apple-style-span\" style=\"line-height: 17px;\"><span class=\"Apple-style-span\" style=\"font-family: Verdana, sans-serif;\"><br \/><\/span><\/span><\/div>\n<p>A Missa foi rezada no Altar da C\u00e1tedra, concelebrada por diversos cardeais e bispos presentes em Roma. Conforme \u00e9 conhecido, foram usados paramentos vermelhos.<\/p>\n<p>Ontem, dia 04, <a href=\"http:\/\/www.blogger.com\/blogger.g?blogID=1659167478089201229#editor\/target=post;postID=5637102273446738974\">mem\u00f3ria lit\u00fargica de S\u00e3o Carlos Borromeu<\/a>, o Papa presidiu \u00e0s 17h30 (locais) na Bas\u00edlica Vaticana o of\u00edcio de V\u00e9speras para o in\u00edcio do ano acad\u00eamico das Universidades Pontif\u00edcias. Novamente foi usada, diferentemente do dia 04, a plataforma que poupa Bento de esfor\u00e7os dispens\u00e1veis.<\/span><\/span><span class=\"Apple-style-span\" style=\"line-height: 17px;\"><span class=\"Apple-style-span\" style=\"font-family: Verdana, sans-serif;\"><br \/><\/span><\/span><\/p>\n<div style=\"text-align: justify;\"><span class=\"Apple-style-span\" style=\"line-height: 17px;\"><span class=\"Apple-style-span\" style=\"font-family: Verdana, sans-serif;\"><br \/><\/span><\/span><\/div>\n<div style=\"text-align: justify;\"><span class=\"Apple-style-span\" style=\"font-family: Verdana, sans-serif;\"><span class=\"Apple-style-span\" style=\"line-height: 17px;\">Sobre os sacerdotes, Bento XVI disse que&nbsp;<\/span><\/span><span class=\"Apple-style-span\" style=\"line-height: 21px;\"><span class=\"Apple-style-span\" style=\"font-family: Verdana, sans-serif;\">s\u00e3o chamados ao minist\u00e9rio &#8220;n\u00e3o por vergonhoso interesse&#8221;, nem por m\u00e9ritos particulares, mas \u00e9 o dom de acolher e a ele responder dedicando-se n\u00e3o a um pr\u00f3prio projeto, mas \u00e0quele de Deus. &#8220;N\u00e3o se deve esquecer que se entra no sacerd\u00f3cio atrav\u00e9s do Sacramento da Ordena\u00e7\u00e3o e isto significa abrir-se \u00e0 a\u00e7\u00e3o de Deus.<\/span><\/span><\/div>\n<div style=\"text-align: justify;\"><span class=\"Apple-style-span\" style=\"font-family: Verdana, sans-serif;\"><span class=\"Apple-style-span\" style=\"line-height: 17px;\"><br \/><\/span><\/span><\/div>\n<div style=\"text-align: justify;\"><span class=\"Apple-style-span\" style=\"line-height: 17px;\"><span class=\"Apple-style-span\" style=\"font-family: Verdana, sans-serif;\"><br \/><\/span><\/span><\/div>\n<div class=\"separator\" style=\"clear: both; text-align: center;\"><a href=\"http:\/\/cache.daylife.com\/imageserve\/0ddJd0s9haeXo\/610x.jpg\" imageanchor=\"1\" style=\"margin-left: 1em; margin-right: 1em;\"><img loading=\"lazy\" decoding=\"async\" border=\"0\" height=\"281\" src=\"http:\/\/cache.daylife.com\/imageserve\/0ddJd0s9haeXo\/610x.jpg\" width=\"400\" \/><\/a><\/div>\n<div class=\"separator\" style=\"clear: both; text-align: center;\"><\/div>\n<div class=\"separator\" style=\"clear: both; text-align: center;\"><\/div>\n<div class=\"separator\" style=\"clear: both; text-align: center;\"><a href=\"http:\/\/cache.daylife.com\/imageserve\/0fLbcB43bl02y\/610x.jpg\" imageanchor=\"1\" style=\"margin-left: 1em; margin-right: 1em;\"><img loading=\"lazy\" decoding=\"async\" border=\"0\" height=\"278\" src=\"http:\/\/cache.daylife.com\/imageserve\/0fLbcB43bl02y\/610x.jpg\" width=\"400\" \/><\/a><\/div>\n<div class=\"separator\" style=\"clear: both; text-align: center;\"><\/div>\n<div class=\"separator\" style=\"clear: both; text-align: center;\"><\/div>\n<div style=\"text-align: justify;\"><span class=\"Apple-style-span\" style=\"line-height: 17px;\"><span class=\"Apple-style-span\" style=\"font-family: Verdana, sans-serif;\"><br \/><\/span><\/span><\/div>\n<div class=\"separator\" style=\"clear: both; text-align: center;\"><a href=\"http:\/\/cache.daylife.com\/imageserve\/0cndcFQ3jh6HS\/x610.jpg\" imageanchor=\"1\" style=\"margin-left: 1em; margin-right: 1em;\"><img loading=\"lazy\" decoding=\"async\" border=\"0\" height=\"400\" src=\"http:\/\/cache.daylife.com\/imageserve\/0cndcFQ3jh6HS\/x610.jpg\" width=\"363\" \/><\/a><\/div>\n<div style=\"text-align: justify;\"><span class=\"Apple-style-span\" style=\"line-height: 17px;\"><span class=\"Apple-style-span\" style=\"font-family: Verdana, sans-serif;\"><br \/><\/span><\/span><\/div>\n<div style=\"text-align: justify;\"><span class=\"Apple-style-span\" style=\"line-height: 17px;\"><span class=\"Apple-style-span\" style=\"font-family: Verdana, sans-serif;\"><br \/><\/span><\/span><\/div>\n<div class=\"separator\" style=\"clear: both; text-align: center;\"><a href=\"http:\/\/cache.daylife.com\/imageserve\/09FE5C59QB0C1\/x610.jpg\" imageanchor=\"1\" style=\"margin-left: 1em; margin-right: 1em;\"><img loading=\"lazy\" decoding=\"async\" border=\"0\" height=\"400\" src=\"http:\/\/cache.daylife.com\/imageserve\/09FE5C59QB0C1\/x610.jpg\" width=\"265\" \/><\/a><\/div>\n<div style=\"text-align: justify;\"><span class=\"Apple-style-span\" style=\"line-height: 17px;\"><span class=\"Apple-style-span\" style=\"font-family: Verdana, sans-serif;\"><br \/><\/span><\/span><\/div>\n<div style=\"text-align: justify;\"><span class=\"Apple-style-span\" style=\"line-height: 17px;\"><span class=\"Apple-style-span\" style=\"font-family: Verdana, sans-serif;\"><br \/><\/span><\/span><\/div>\n<div class=\"separator\" style=\"clear: both; text-align: center;\"><a href=\"http:\/\/cache.daylife.com\/imageserve\/00qters91Vf5I\/610x.jpg\" imageanchor=\"1\" style=\"margin-left: 1em; margin-right: 1em;\"><img loading=\"lazy\" decoding=\"async\" border=\"0\" height=\"265\" src=\"http:\/\/cache.daylife.com\/imageserve\/00qters91Vf5I\/610x.jpg\" width=\"400\" \/><\/a><\/div>\n<div style=\"text-align: justify;\"><span class=\"Apple-style-span\" style=\"line-height: 17px;\"><span class=\"Apple-style-span\" style=\"font-family: Verdana, sans-serif;\"><br \/><\/span><\/span><\/div>\n<div style=\"text-align: justify;\"><span class=\"Apple-style-span\" style=\"line-height: 17px;\"><span class=\"Apple-style-span\" style=\"font-family: Verdana, sans-serif;\"><br \/><\/span><\/span><\/div>\n","protected":false},"excerpt":{"rendered":"Fotos da Day Life Um dia ap\u00f3s a Igreja fazer mem\u00f3ria e rezar missas em sufr\u00e1gio dos fi\u00e9is falecidos, em Roma o Santo Padre Bento XVI oficiou \u00e0s 11h30 (locais), conforme o costume, a cerim\u00f4nia em sufr\u00e1gio dos cardeais e bispos falecidos desde novembro do ano passado, que &#8220;conclu\u00edram suas peregrina\u00e7\u00f5es terrestres&#8221;, os Purpurados&nbsp;Urbano Navarrete,&#8230; <a class=\"view-article\" href=\"https:\/\/diretodasacristia.com\/home\/sem-categoria\/fotos-das-ultimas-cerimonias-presididas-pelo-papa-2\/\">Ver artigo<\/a>","protected":false},"author":3,"featured_media":0,"comment_status":"open","ping_status":"open","sticky":false,"template":"","format":"standard","meta":{"jetpack_post_was_ever_published":false,"_jetpack_newsletter_access":"","_jetpack_dont_email_post_to_subs":false,"_jetpack_newsletter_tier_id":0,"_jetpack_memberships_contains_paywalled_content":false,"_jetpack_memberships_contains_paid_content":false,"_joinchat":[],"footnotes":"","jetpack_publicize_message":"","jetpack_publicize_feature_enabled":true,"jetpack_social_post_already_shared":false,"jetpack_social_options":{"image_generator_settings":{"template":"highway","default_image_id":0,"font":"","enabled":false},"version":2}},"categories":[1],"tags":[],"class_list":["post-8","post","type-post","status-publish","format-standard","hentry","category-sem-categoria"],"yoast_head":"<!-- This site is optimized with the Yoast SEO plugin v27.4 - https:\/\/yoast.com\/product\/yoast-seo-wordpress\/ -->\n<title>Fotos das \u00faltimas cerim\u00f4nias presididas pelo Papa - Direto da Sacristia<\/title>\n<meta name=\"robots\" content=\"index, follow, max-snippet:-1, max-image-preview:large, max-video-preview:-1\" \/>\n<link rel=\"canonical\" href=\"https:\/\/diretodasacristia.com\/home\/sem-categoria\/fotos-das-ultimas-cerimonias-presididas-pelo-papa-2\/\" \/>\n<meta property=\"og:locale\" content=\"pt_BR\" \/>\n<meta property=\"og:type\" content=\"article\" \/>\n<meta property=\"og:title\" content=\"Fotos das \u00faltimas cerim\u00f4nias presididas pelo Papa - Direto da Sacristia\" \/>\n<meta property=\"og:description\" content=\"Fotos da Day Life Um dia ap\u00f3s a Igreja fazer mem\u00f3ria e rezar missas em sufr\u00e1gio dos fi\u00e9is falecidos, em Roma o Santo Padre Bento XVI oficiou \u00e0s 11h30 (locais), conforme o costume, a cerim\u00f4nia em sufr\u00e1gio dos cardeais e bispos falecidos desde novembro do ano passado, que &#8220;conclu\u00edram suas peregrina\u00e7\u00f5es terrestres&#8221;, os Purpurados&nbsp;Urbano Navarrete,... Ver artigo\" \/>\n<meta property=\"og:url\" content=\"https:\/\/diretodasacristia.com\/home\/sem-categoria\/fotos-das-ultimas-cerimonias-presididas-pelo-papa-2\/\" \/>\n<meta property=\"og:site_name\" content=\"Direto da Sacristia\" \/>\n<meta property=\"article:publisher\" content=\"https:\/\/www.facebook.com\/DiretoSacristia\" \/>\n<meta property=\"article:published_time\" content=\"2011-11-05T09:18:00+00:00\" \/>\n<meta property=\"og:image\" content=\"http:\/\/cache.daylife.com\/imageserve\/04yl3Xj5YmfmM\/x610.jpg\" \/>\n<meta name=\"author\" content=\"E. Mar\u00e7al\" \/>\n<meta name=\"twitter:card\" content=\"summary_large_image\" \/>\n<meta name=\"twitter:creator\" content=\"@diretosacristia\" \/>\n<meta name=\"twitter:site\" content=\"@diretosacristia\" \/>\n<meta name=\"twitter:label1\" content=\"Escrito por\" \/>\n\t<meta name=\"twitter:data1\" content=\"E. Mar\u00e7al\" \/>\n\t<meta name=\"twitter:label2\" content=\"Est. tempo de leitura\" \/>\n\t<meta name=\"twitter:data2\" content=\"2 minutos\" \/>\n<script type=\"application\/ld+json\" class=\"yoast-schema-graph\">{\"@context\":\"https:\\\/\\\/schema.org\",\"@graph\":[{\"@type\":\"Article\",\"@id\":\"https:\\\/\\\/diretodasacristia.com\\\/home\\\/sem-categoria\\\/fotos-das-ultimas-cerimonias-presididas-pelo-papa-2\\\/#article\",\"isPartOf\":{\"@id\":\"https:\\\/\\\/diretodasacristia.com\\\/home\\\/sem-categoria\\\/fotos-das-ultimas-cerimonias-presididas-pelo-papa-2\\\/\"},\"author\":{\"name\":\"E. Mar\u00e7al\",\"@id\":\"https:\\\/\\\/diretodasacristia.com\\\/home\\\/#\\\/schema\\\/person\\\/3d453ef1f7d57c0bb0990b8070642721\"},\"headline\":\"Fotos das \u00faltimas cerim\u00f4nias presididas pelo Papa\",\"datePublished\":\"2011-11-05T09:18:00+00:00\",\"mainEntityOfPage\":{\"@id\":\"https:\\\/\\\/diretodasacristia.com\\\/home\\\/sem-categoria\\\/fotos-das-ultimas-cerimonias-presididas-pelo-papa-2\\\/\"},\"wordCount\":314,\"commentCount\":0,\"publisher\":{\"@id\":\"https:\\\/\\\/diretodasacristia.com\\\/home\\\/#organization\"},\"image\":{\"@id\":\"https:\\\/\\\/diretodasacristia.com\\\/home\\\/sem-categoria\\\/fotos-das-ultimas-cerimonias-presididas-pelo-papa-2\\\/#primaryimage\"},\"thumbnailUrl\":\"http:\\\/\\\/cache.daylife.com\\\/imageserve\\\/04yl3Xj5YmfmM\\\/x610.jpg\",\"inLanguage\":\"pt-BR\",\"potentialAction\":[{\"@type\":\"CommentAction\",\"name\":\"Comment\",\"target\":[\"https:\\\/\\\/diretodasacristia.com\\\/home\\\/sem-categoria\\\/fotos-das-ultimas-cerimonias-presididas-pelo-papa-2\\\/#respond\"]}]},{\"@type\":\"WebPage\",\"@id\":\"https:\\\/\\\/diretodasacristia.com\\\/home\\\/sem-categoria\\\/fotos-das-ultimas-cerimonias-presididas-pelo-papa-2\\\/\",\"url\":\"https:\\\/\\\/diretodasacristia.com\\\/home\\\/sem-categoria\\\/fotos-das-ultimas-cerimonias-presididas-pelo-papa-2\\\/\",\"name\":\"Fotos das \u00faltimas cerim\u00f4nias presididas pelo Papa - Direto da Sacristia\",\"isPartOf\":{\"@id\":\"https:\\\/\\\/diretodasacristia.com\\\/home\\\/#website\"},\"primaryImageOfPage\":{\"@id\":\"https:\\\/\\\/diretodasacristia.com\\\/home\\\/sem-categoria\\\/fotos-das-ultimas-cerimonias-presididas-pelo-papa-2\\\/#primaryimage\"},\"image\":{\"@id\":\"https:\\\/\\\/diretodasacristia.com\\\/home\\\/sem-categoria\\\/fotos-das-ultimas-cerimonias-presididas-pelo-papa-2\\\/#primaryimage\"},\"thumbnailUrl\":\"http:\\\/\\\/cache.daylife.com\\\/imageserve\\\/04yl3Xj5YmfmM\\\/x610.jpg\",\"datePublished\":\"2011-11-05T09:18:00+00:00\",\"breadcrumb\":{\"@id\":\"https:\\\/\\\/diretodasacristia.com\\\/home\\\/sem-categoria\\\/fotos-das-ultimas-cerimonias-presididas-pelo-papa-2\\\/#breadcrumb\"},\"inLanguage\":\"pt-BR\",\"potentialAction\":[{\"@type\":\"ReadAction\",\"target\":[\"https:\\\/\\\/diretodasacristia.com\\\/home\\\/sem-categoria\\\/fotos-das-ultimas-cerimonias-presididas-pelo-papa-2\\\/\"]}]},{\"@type\":\"ImageObject\",\"inLanguage\":\"pt-BR\",\"@id\":\"https:\\\/\\\/diretodasacristia.com\\\/home\\\/sem-categoria\\\/fotos-das-ultimas-cerimonias-presididas-pelo-papa-2\\\/#primaryimage\",\"url\":\"http:\\\/\\\/cache.daylife.com\\\/imageserve\\\/04yl3Xj5YmfmM\\\/x610.jpg\",\"contentUrl\":\"http:\\\/\\\/cache.daylife.com\\\/imageserve\\\/04yl3Xj5YmfmM\\\/x610.jpg\"},{\"@type\":\"BreadcrumbList\",\"@id\":\"https:\\\/\\\/diretodasacristia.com\\\/home\\\/sem-categoria\\\/fotos-das-ultimas-cerimonias-presididas-pelo-papa-2\\\/#breadcrumb\",\"itemListElement\":[{\"@type\":\"ListItem\",\"position\":1,\"name\":\"In\u00edcio\",\"item\":\"https:\\\/\\\/diretodasacristia.com\\\/home\\\/\"},{\"@type\":\"ListItem\",\"position\":2,\"name\":\"Fotos das \u00faltimas cerim\u00f4nias presididas pelo Papa\"}]},{\"@type\":\"WebSite\",\"@id\":\"https:\\\/\\\/diretodasacristia.com\\\/home\\\/#website\",\"url\":\"https:\\\/\\\/diretodasacristia.com\\\/home\\\/\",\"name\":\"Direto da Sacristia\",\"description\":\"Not\u00edcias e artigos sobre a f\u00e9 cat\u00f3lica\",\"publisher\":{\"@id\":\"https:\\\/\\\/diretodasacristia.com\\\/home\\\/#organization\"},\"potentialAction\":[{\"@type\":\"SearchAction\",\"target\":{\"@type\":\"EntryPoint\",\"urlTemplate\":\"https:\\\/\\\/diretodasacristia.com\\\/home\\\/?s={search_term_string}\"},\"query-input\":{\"@type\":\"PropertyValueSpecification\",\"valueRequired\":true,\"valueName\":\"search_term_string\"}}],\"inLanguage\":\"pt-BR\"},{\"@type\":\"Organization\",\"@id\":\"https:\\\/\\\/diretodasacristia.com\\\/home\\\/#organization\",\"name\":\"Direto da Sacristia\",\"url\":\"https:\\\/\\\/diretodasacristia.com\\\/home\\\/\",\"logo\":{\"@type\":\"ImageObject\",\"inLanguage\":\"pt-BR\",\"@id\":\"https:\\\/\\\/diretodasacristia.com\\\/home\\\/#\\\/schema\\\/logo\\\/image\\\/\",\"url\":\"https:\\\/\\\/i0.wp.com\\\/diretodasacristia.com\\\/home\\\/wp-content\\\/uploads\\\/2012\\\/01\\\/marca-sacristia.png?fit=320%2C306&ssl=1\",\"contentUrl\":\"https:\\\/\\\/i0.wp.com\\\/diretodasacristia.com\\\/home\\\/wp-content\\\/uploads\\\/2012\\\/01\\\/marca-sacristia.png?fit=320%2C306&ssl=1\",\"width\":\"320\",\"height\":\"306\",\"caption\":\"Direto da Sacristia\"},\"image\":{\"@id\":\"https:\\\/\\\/diretodasacristia.com\\\/home\\\/#\\\/schema\\\/logo\\\/image\\\/\"},\"sameAs\":[\"https:\\\/\\\/www.facebook.com\\\/DiretoSacristia\",\"https:\\\/\\\/x.com\\\/diretosacristia\",\"https:\\\/\\\/www.instagram.com\\\/diretodasacristia\\\/\",\"https:\\\/\\\/www.youtube.com\\\/diretodasacristia\"]},{\"@type\":\"Person\",\"@id\":\"https:\\\/\\\/diretodasacristia.com\\\/home\\\/#\\\/schema\\\/person\\\/3d453ef1f7d57c0bb0990b8070642721\",\"name\":\"E. Mar\u00e7al\",\"image\":{\"@type\":\"ImageObject\",\"inLanguage\":\"pt-BR\",\"@id\":\"https:\\\/\\\/secure.gravatar.com\\\/avatar\\\/348ff80a5ddde3de6c8b6e0c5b066b733f9245285d9ab87cd2e2ff652ffa95b0?s=96&d=mm&r=g\",\"url\":\"https:\\\/\\\/secure.gravatar.com\\\/avatar\\\/348ff80a5ddde3de6c8b6e0c5b066b733f9245285d9ab87cd2e2ff652ffa95b0?s=96&d=mm&r=g\",\"contentUrl\":\"https:\\\/\\\/secure.gravatar.com\\\/avatar\\\/348ff80a5ddde3de6c8b6e0c5b066b733f9245285d9ab87cd2e2ff652ffa95b0?s=96&d=mm&r=g\",\"caption\":\"E. Mar\u00e7al\"},\"url\":\"https:\\\/\\\/diretodasacristia.com\\\/home\\\/author\\\/erick\\\/\"}]}<\/script>\n<!-- \/ Yoast SEO plugin. -->","yoast_head_json":{"title":"Fotos das \u00faltimas cerim\u00f4nias presididas pelo Papa - Direto da Sacristia","robots":{"index":"index","follow":"follow","max-snippet":"max-snippet:-1","max-image-preview":"max-image-preview:large","max-video-preview":"max-video-preview:-1"},"canonical":"https:\/\/diretodasacristia.com\/home\/sem-categoria\/fotos-das-ultimas-cerimonias-presididas-pelo-papa-2\/","og_locale":"pt_BR","og_type":"article","og_title":"Fotos das \u00faltimas cerim\u00f4nias presididas pelo Papa - Direto da Sacristia","og_description":"Fotos da Day Life Um dia ap\u00f3s a Igreja fazer mem\u00f3ria e rezar missas em sufr\u00e1gio dos fi\u00e9is falecidos, em Roma o Santo Padre Bento XVI oficiou \u00e0s 11h30 (locais), conforme o costume, a cerim\u00f4nia em sufr\u00e1gio dos cardeais e bispos falecidos desde novembro do ano passado, que &#8220;conclu\u00edram suas peregrina\u00e7\u00f5es terrestres&#8221;, os Purpurados&nbsp;Urbano Navarrete,... Ver artigo","og_url":"https:\/\/diretodasacristia.com\/home\/sem-categoria\/fotos-das-ultimas-cerimonias-presididas-pelo-papa-2\/","og_site_name":"Direto da Sacristia","article_publisher":"https:\/\/www.facebook.com\/DiretoSacristia","article_published_time":"2011-11-05T09:18:00+00:00","og_image":[{"url":"http:\/\/cache.daylife.com\/imageserve\/04yl3Xj5YmfmM\/x610.jpg","type":"","width":"","height":""}],"author":"E. Mar\u00e7al","twitter_card":"summary_large_image","twitter_creator":"@diretosacristia","twitter_site":"@diretosacristia","twitter_misc":{"Escrito por":"E. Mar\u00e7al","Est. tempo de leitura":"2 minutos"},"schema":{"@context":"https:\/\/schema.org","@graph":[{"@type":"Article","@id":"https:\/\/diretodasacristia.com\/home\/sem-categoria\/fotos-das-ultimas-cerimonias-presididas-pelo-papa-2\/#article","isPartOf":{"@id":"https:\/\/diretodasacristia.com\/home\/sem-categoria\/fotos-das-ultimas-cerimonias-presididas-pelo-papa-2\/"},"author":{"name":"E. Mar\u00e7al","@id":"https:\/\/diretodasacristia.com\/home\/#\/schema\/person\/3d453ef1f7d57c0bb0990b8070642721"},"headline":"Fotos das \u00faltimas cerim\u00f4nias presididas pelo Papa","datePublished":"2011-11-05T09:18:00+00:00","mainEntityOfPage":{"@id":"https:\/\/diretodasacristia.com\/home\/sem-categoria\/fotos-das-ultimas-cerimonias-presididas-pelo-papa-2\/"},"wordCount":314,"commentCount":0,"publisher":{"@id":"https:\/\/diretodasacristia.com\/home\/#organization"},"image":{"@id":"https:\/\/diretodasacristia.com\/home\/sem-categoria\/fotos-das-ultimas-cerimonias-presididas-pelo-papa-2\/#primaryimage"},"thumbnailUrl":"http:\/\/cache.daylife.com\/imageserve\/04yl3Xj5YmfmM\/x610.jpg","inLanguage":"pt-BR","potentialAction":[{"@type":"CommentAction","name":"Comment","target":["https:\/\/diretodasacristia.com\/home\/sem-categoria\/fotos-das-ultimas-cerimonias-presididas-pelo-papa-2\/#respond"]}]},{"@type":"WebPage","@id":"https:\/\/diretodasacristia.com\/home\/sem-categoria\/fotos-das-ultimas-cerimonias-presididas-pelo-papa-2\/","url":"https:\/\/diretodasacristia.com\/home\/sem-categoria\/fotos-das-ultimas-cerimonias-presididas-pelo-papa-2\/","name":"Fotos das \u00faltimas cerim\u00f4nias presididas pelo Papa - Direto da Sacristia","isPartOf":{"@id":"https:\/\/diretodasacristia.com\/home\/#website"},"primaryImageOfPage":{"@id":"https:\/\/diretodasacristia.com\/home\/sem-categoria\/fotos-das-ultimas-cerimonias-presididas-pelo-papa-2\/#primaryimage"},"image":{"@id":"https:\/\/diretodasacristia.com\/home\/sem-categoria\/fotos-das-ultimas-cerimonias-presididas-pelo-papa-2\/#primaryimage"},"thumbnailUrl":"http:\/\/cache.daylife.com\/imageserve\/04yl3Xj5YmfmM\/x610.jpg","datePublished":"2011-11-05T09:18:00+00:00","breadcrumb":{"@id":"https:\/\/diretodasacristia.com\/home\/sem-categoria\/fotos-das-ultimas-cerimonias-presididas-pelo-papa-2\/#breadcrumb"},"inLanguage":"pt-BR","potentialAction":[{"@type":"ReadAction","target":["https:\/\/diretodasacristia.com\/home\/sem-categoria\/fotos-das-ultimas-cerimonias-presididas-pelo-papa-2\/"]}]},{"@type":"ImageObject","inLanguage":"pt-BR","@id":"https:\/\/diretodasacristia.com\/home\/sem-categoria\/fotos-das-ultimas-cerimonias-presididas-pelo-papa-2\/#primaryimage","url":"http:\/\/cache.daylife.com\/imageserve\/04yl3Xj5YmfmM\/x610.jpg","contentUrl":"http:\/\/cache.daylife.com\/imageserve\/04yl3Xj5YmfmM\/x610.jpg"},{"@type":"BreadcrumbList","@id":"https:\/\/diretodasacristia.com\/home\/sem-categoria\/fotos-das-ultimas-cerimonias-presididas-pelo-papa-2\/#breadcrumb","itemListElement":[{"@type":"ListItem","position":1,"name":"In\u00edcio","item":"https:\/\/diretodasacristia.com\/home\/"},{"@type":"ListItem","position":2,"name":"Fotos das \u00faltimas cerim\u00f4nias presididas pelo Papa"}]},{"@type":"WebSite","@id":"https:\/\/diretodasacristia.com\/home\/#website","url":"https:\/\/diretodasacristia.com\/home\/","name":"Direto da Sacristia","description":"Not\u00edcias e artigos sobre a f\u00e9 cat\u00f3lica","publisher":{"@id":"https:\/\/diretodasacristia.com\/home\/#organization"},"potentialAction":[{"@type":"SearchAction","target":{"@type":"EntryPoint","urlTemplate":"https:\/\/diretodasacristia.com\/home\/?s={search_term_string}"},"query-input":{"@type":"PropertyValueSpecification","valueRequired":true,"valueName":"search_term_string"}}],"inLanguage":"pt-BR"},{"@type":"Organization","@id":"https:\/\/diretodasacristia.com\/home\/#organization","name":"Direto da Sacristia","url":"https:\/\/diretodasacristia.com\/home\/","logo":{"@type":"ImageObject","inLanguage":"pt-BR","@id":"https:\/\/diretodasacristia.com\/home\/#\/schema\/logo\/image\/","url":"https:\/\/i0.wp.com\/diretodasacristia.com\/home\/wp-content\/uploads\/2012\/01\/marca-sacristia.png?fit=320%2C306&ssl=1","contentUrl":"https:\/\/i0.wp.com\/diretodasacristia.com\/home\/wp-content\/uploads\/2012\/01\/marca-sacristia.png?fit=320%2C306&ssl=1","width":"320","height":"306","caption":"Direto da Sacristia"},"image":{"@id":"https:\/\/diretodasacristia.com\/home\/#\/schema\/logo\/image\/"},"sameAs":["https:\/\/www.facebook.com\/DiretoSacristia","https:\/\/x.com\/diretosacristia","https:\/\/www.instagram.com\/diretodasacristia\/","https:\/\/www.youtube.com\/diretodasacristia"]},{"@type":"Person","@id":"https:\/\/diretodasacristia.com\/home\/#\/schema\/person\/3d453ef1f7d57c0bb0990b8070642721","name":"E. Mar\u00e7al","image":{"@type":"ImageObject","inLanguage":"pt-BR","@id":"https:\/\/secure.gravatar.com\/avatar\/348ff80a5ddde3de6c8b6e0c5b066b733f9245285d9ab87cd2e2ff652ffa95b0?s=96&d=mm&r=g","url":"https:\/\/secure.gravatar.com\/avatar\/348ff80a5ddde3de6c8b6e0c5b066b733f9245285d9ab87cd2e2ff652ffa95b0?s=96&d=mm&r=g","contentUrl":"https:\/\/secure.gravatar.com\/avatar\/348ff80a5ddde3de6c8b6e0c5b066b733f9245285d9ab87cd2e2ff652ffa95b0?s=96&d=mm&r=g","caption":"E. Mar\u00e7al"},"url":"https:\/\/diretodasacristia.com\/home\/author\/erick\/"}]}},"jetpack_publicize_connections":[],"jetpack_featured_media_url":"","jetpack_sharing_enabled":true,"jetpack_shortlink":"https:\/\/wp.me\/p24aG7-8","jetpack-related-posts":[{"id":248,"url":"https:\/\/diretodasacristia.com\/home\/bento-xvi\/fotos-das-ultimas-cerimonias-presididas-pelo-papa\/","url_meta":{"origin":8,"position":0},"title":"Fotos das \u00faltimas cerim\u00f4nias presididas pelo Papa","author":"E. Mar\u00e7al","date":"5 de novembro de 2011","format":false,"excerpt":"\u00a0Fotos da\u00a0Day Life Um dia ap\u00f3s a Igreja fazer mem\u00f3ria e rezar missas em sufr\u00e1gio dos fi\u00e9is falecidos, em Roma o Santo Padre Bento XVI oficiou \u00e0s 11h30 (locais), conforme o costume, a cerim\u00f4nia em sufr\u00e1gio dos cardeais e bispos falecidos desde novembro do ano passado, que \"conclu\u00edram suas peregrina\u00e7\u00f5es\u2026","rel":"","context":"Em &quot;Bento XVI&quot;","block_context":{"text":"Bento XVI","link":"https:\/\/diretodasacristia.com\/home\/c\/bento-xvi\/"},"img":{"alt_text":"","src":"","width":0,"height":0},"classes":[]},{"id":2532,"url":"https:\/\/diretodasacristia.com\/home\/sem-categoria\/calendario-das-cerimonias-pontificias-outubro-novembro\/","url_meta":{"origin":8,"position":1},"title":"Calend\u00e1rio das cerim\u00f4nias pontif\u00edcias outubro-novembro","author":"E. Mar\u00e7al","date":"13 de setembro de 2010","format":false,"excerpt":"Do boletim da Sala de Imprensa da Santa S\u00e9 Calend\u00e1rio das celebra\u00e7\u00f5es presididas pelo Santo Padre Bento XVIoutubro - novembro 2010 Outubro Dia 03 - Domingo XXVII Domingo \"per annum\" (do Tempo Comum) Catedral de PalermoVisita pastoral a Palermo na ocasi\u00e3o do Encontro Regional das Fam\u00edlia e dos Jovens Dia\u2026","rel":"","context":"Em &quot;Sem categoria&quot;","block_context":{"text":"Sem categoria","link":"https:\/\/diretodasacristia.com\/home\/c\/sem-categoria\/"},"img":{"alt_text":"","src":"","width":0,"height":0},"classes":[]},{"id":2500,"url":"https:\/\/diretodasacristia.com\/home\/sem-categoria\/papa-reafirma-posicionamento-politico-dos-bispos-2\/","url_meta":{"origin":8,"position":2},"title":"Papa reafirma posicionamento pol\u00edtico dos bispos","author":"E. Mar\u00e7al","date":"28 de outubro de 2010","format":false,"excerpt":"Do boletim da Sala de Imprensa da Santa S\u00e9Discurso foi feito a bispos brasileiros em Ad Limina Em discurso aos bispos brasileiros do estado do Maranh\u00e3o que oficiam a Visita \"Ad Limina Apostolorum\", o Santo Padre Bento XVI reafirmou o direito de pronunciamento dos Bispos em mat\u00e9ria pol\u00edtica, emitindo um\u2026","rel":"","context":"Em &quot;Sem categoria&quot;","block_context":{"text":"Sem categoria","link":"https:\/\/diretodasacristia.com\/home\/c\/sem-categoria\/"},"img":{"alt_text":"","src":"","width":0,"height":0},"classes":[]},{"id":3950,"url":"https:\/\/diretodasacristia.com\/home\/hierarquia\/sobre-a-ferula-papal\/","url_meta":{"origin":8,"position":3},"title":"Sobre a f\u00e9rula papal","author":"E. Mar\u00e7al","date":"11 de abril de 2013","format":false,"excerpt":"Desde as miniaturas do 18\u00ba Conc\u00edlio de Toledo em 702, e depois na arte sacra, nota-se a diferen\u00e7a entre o pastoral usado pelos bispos e o usado pelo Papa: aquele tem uma volta na extremidade superior e este, termina com uma cruz sem o Crucificado.","rel":"","context":"Em &quot;Destaque&quot;","block_context":{"text":"Destaque","link":"https:\/\/diretodasacristia.com\/home\/c\/destaque\/"},"img":{"alt_text":"Coroa\u00e7\u00e3o Napole\u00e3o Bonaparte Josefina Jacques Louis David - detalhe","src":"https:\/\/i0.wp.com\/diretodasacristia.com\/home\/wp-content\/uploads\/2013\/04\/Coroa%C3%A7%C3%A3o-Napole%C3%A3o-Bonaparte-Josefina-Jacques-Louis-David-detalhe.jpg?resize=350%2C200","width":350,"height":200,"srcset":"https:\/\/i0.wp.com\/diretodasacristia.com\/home\/wp-content\/uploads\/2013\/04\/Coroa%C3%A7%C3%A3o-Napole%C3%A3o-Bonaparte-Josefina-Jacques-Louis-David-detalhe.jpg?resize=350%2C200 1x, https:\/\/i0.wp.com\/diretodasacristia.com\/home\/wp-content\/uploads\/2013\/04\/Coroa%C3%A7%C3%A3o-Napole%C3%A3o-Bonaparte-Josefina-Jacques-Louis-David-detalhe.jpg?resize=525%2C300 1.5x, https:\/\/i0.wp.com\/diretodasacristia.com\/home\/wp-content\/uploads\/2013\/04\/Coroa%C3%A7%C3%A3o-Napole%C3%A3o-Bonaparte-Josefina-Jacques-Louis-David-detalhe.jpg?resize=700%2C400 2x"},"classes":[]},{"id":108,"url":"https:\/\/diretodasacristia.com\/home\/brasil\/paulo-vi-celibato-sacerdotal-e-bispos-brasileiros-2\/","url_meta":{"origin":8,"position":4},"title":"Paulo VI, celibato sacerdotal e bispos brasileiros","author":"E. Mar\u00e7al","date":"24 de janeiro de 2011","format":false,"excerpt":"Do Instituto Humanitas Unisinos O Papa do Vaticano II vetou pedido de bispos brasileiros Foi divulgado pelos Arquivos Secretos do Vaticano que, na \u00faltima sess\u00e3o do Conc\u00edlio Vaticano II, em 1965, bispos brasileiros apresentaram propostas sobre o celibato sacerdotal e o controle de natalidade. Contudo, os textos n\u00e3o foram transcritos\u2026","rel":"","context":"Em &quot;Brasil&quot;","block_context":{"text":"Brasil","link":"https:\/\/diretodasacristia.com\/home\/c\/brasil\/"},"img":{"alt_text":"","src":"","width":0,"height":0},"classes":[]},{"id":2518,"url":"https:\/\/diretodasacristia.com\/home\/sem-categoria\/algumas-fotos-do-santo-padre-no-reino-unido-2\/","url_meta":{"origin":8,"position":5},"title":"Algumas fotos do Santo Padre no Reino Unido","author":"E. Mar\u00e7al","date":"21 de setembro de 2010","format":false,"excerpt":"Pedro ainda surpreende a Inglaterra anglicanaDepois do sucesso, antes desacreditado pela imprensa inglesa, da visita pastoral do Santo Padre Bento XVI ao Reino Unido, confira fotos de alguns momentos.Encontro de Sua Santidade Bento XVI com Elisabeth II, Rainha da Gr\u00e3-Bretanhado lado direito do Papa o rei consorte Filipe, Duque de\u2026","rel":"","context":"Em &quot;Sem categoria&quot;","block_context":{"text":"Sem categoria","link":"https:\/\/diretodasacristia.com\/home\/c\/sem-categoria\/"},"img":{"alt_text":"","src":"","width":0,"height":0},"classes":[]}],"post_mailing_queue_ids":[],"_links":{"self":[{"href":"https:\/\/diretodasacristia.com\/home\/wp-json\/wp\/v2\/posts\/8","targetHints":{"allow":["GET"]}}],"collection":[{"href":"https:\/\/diretodasacristia.com\/home\/wp-json\/wp\/v2\/posts"}],"about":[{"href":"https:\/\/diretodasacristia.com\/home\/wp-json\/wp\/v2\/types\/post"}],"author":[{"embeddable":true,"href":"https:\/\/diretodasacristia.com\/home\/wp-json\/wp\/v2\/users\/3"}],"replies":[{"embeddable":true,"href":"https:\/\/diretodasacristia.com\/home\/wp-json\/wp\/v2\/comments?post=8"}],"version-history":[{"count":0,"href":"https:\/\/diretodasacristia.com\/home\/wp-json\/wp\/v2\/posts\/8\/revisions"}],"wp:attachment":[{"href":"https:\/\/diretodasacristia.com\/home\/wp-json\/wp\/v2\/media?parent=8"}],"wp:term":[{"taxonomy":"category","embeddable":true,"href":"https:\/\/diretodasacristia.com\/home\/wp-json\/wp\/v2\/categories?post=8"},{"taxonomy":"post_tag","embeddable":true,"href":"https:\/\/diretodasacristia.com\/home\/wp-json\/wp\/v2\/tags?post=8"}],"curies":[{"name":"wp","href":"https:\/\/api.w.org\/{rel}","templated":true}]}}