{"id":81,"date":"2010-09-10T13:39:00","date_gmt":"2010-09-10T13:39:00","guid":{"rendered":"http:\/\/diretodasacristia2011.wordpress.com\/2010\/09\/10\/papa-alerta-contra-falso-ecumenismo"},"modified":"2010-09-10T13:39:00","modified_gmt":"2010-09-10T13:39:00","slug":"papa-alerta-contra-falso-ecumenismo","status":"publish","type":"post","link":"https:\/\/diretodasacristia.com\/home\/boletim-santa-se\/papa-alerta-contra-falso-ecumenismo\/","title":{"rendered":"Papa alerta contra falso ecumenismo"},"content":{"rendered":"","protected":false},"excerpt":{"rendered":"","protected":false},"author":3,"featured_media":0,"comment_status":"open","ping_status":"open","sticky":false,"template":"","format":"standard","meta":{"jetpack_post_was_ever_published":false,"_jetpack_newsletter_access":"","_jetpack_dont_email_post_to_subs":false,"_jetpack_newsletter_tier_id":0,"_jetpack_memberships_contains_paywalled_content":false,"_jetpack_memberships_contains_paid_content":false,"_joinchat":[],"footnotes":"","jetpack_publicize_message":"","jetpack_publicize_feature_enabled":true,"jetpack_social_post_already_shared":false,"jetpack_social_options":{"image_generator_settings":{"template":"highway","default_image_id":0,"font":"","enabled":false},"version":2}},"categories":[8,17,24],"tags":[],"class_list":["post-81","post","type-post","status-publish","format-standard","hentry","category-boletim-santa-se","category-hierarquia","category-noticias"],"yoast_head":"<!-- This site is optimized with the Yoast SEO plugin v27.4 - https:\/\/yoast.com\/product\/yoast-seo-wordpress\/ -->\n<title>Papa alerta contra falso ecumenismo - Direto da Sacristia<\/title>\n<meta name=\"robots\" content=\"index, follow, max-snippet:-1, max-image-preview:large, max-video-preview:-1\" \/>\n<link rel=\"canonical\" href=\"https:\/\/diretodasacristia.com\/home\/boletim-santa-se\/papa-alerta-contra-falso-ecumenismo\/\" \/>\n<meta property=\"og:locale\" content=\"pt_BR\" \/>\n<meta property=\"og:type\" content=\"article\" \/>\n<meta property=\"og:title\" content=\"Papa alerta contra falso ecumenismo - Direto da Sacristia\" \/>\n<meta property=\"og:url\" content=\"https:\/\/diretodasacristia.com\/home\/boletim-santa-se\/papa-alerta-contra-falso-ecumenismo\/\" \/>\n<meta property=\"og:site_name\" content=\"Direto da Sacristia\" \/>\n<meta property=\"article:publisher\" content=\"https:\/\/www.facebook.com\/DiretoSacristia\" \/>\n<meta property=\"article:published_time\" content=\"2010-09-10T13:39:00+00:00\" \/>\n<meta name=\"author\" content=\"E. Mar\u00e7al\" \/>\n<meta name=\"twitter:card\" content=\"summary_large_image\" \/>\n<meta name=\"twitter:creator\" content=\"@diretosacristia\" \/>\n<meta name=\"twitter:site\" content=\"@diretosacristia\" \/>\n<meta name=\"twitter:label1\" content=\"Escrito por\" \/>\n\t<meta name=\"twitter:data1\" content=\"E. Mar\u00e7al\" \/>\n<script type=\"application\/ld+json\" class=\"yoast-schema-graph\">{\"@context\":\"https:\\\/\\\/schema.org\",\"@graph\":[{\"@type\":\"Article\",\"@id\":\"https:\\\/\\\/diretodasacristia.com\\\/home\\\/boletim-santa-se\\\/papa-alerta-contra-falso-ecumenismo\\\/#article\",\"isPartOf\":{\"@id\":\"https:\\\/\\\/diretodasacristia.com\\\/home\\\/boletim-santa-se\\\/papa-alerta-contra-falso-ecumenismo\\\/\"},\"author\":{\"name\":\"E. Mar\u00e7al\",\"@id\":\"https:\\\/\\\/diretodasacristia.com\\\/home\\\/#\\\/schema\\\/person\\\/3d453ef1f7d57c0bb0990b8070642721\"},\"headline\":\"Papa alerta contra falso ecumenismo\",\"datePublished\":\"2010-09-10T13:39:00+00:00\",\"mainEntityOfPage\":{\"@id\":\"https:\\\/\\\/diretodasacristia.com\\\/home\\\/boletim-santa-se\\\/papa-alerta-contra-falso-ecumenismo\\\/\"},\"wordCount\":5,\"commentCount\":0,\"publisher\":{\"@id\":\"https:\\\/\\\/diretodasacristia.com\\\/home\\\/#organization\"},\"articleSection\":[\"Boletim Santa S\u00e9\",\"Hierarquia\",\"Not\u00edcias\"],\"inLanguage\":\"pt-BR\",\"potentialAction\":[{\"@type\":\"CommentAction\",\"name\":\"Comment\",\"target\":[\"https:\\\/\\\/diretodasacristia.com\\\/home\\\/boletim-santa-se\\\/papa-alerta-contra-falso-ecumenismo\\\/#respond\"]}]},{\"@type\":\"WebPage\",\"@id\":\"https:\\\/\\\/diretodasacristia.com\\\/home\\\/boletim-santa-se\\\/papa-alerta-contra-falso-ecumenismo\\\/\",\"url\":\"https:\\\/\\\/diretodasacristia.com\\\/home\\\/boletim-santa-se\\\/papa-alerta-contra-falso-ecumenismo\\\/\",\"name\":\"Papa alerta contra falso ecumenismo - Direto da Sacristia\",\"isPartOf\":{\"@id\":\"https:\\\/\\\/diretodasacristia.com\\\/home\\\/#website\"},\"datePublished\":\"2010-09-10T13:39:00+00:00\",\"breadcrumb\":{\"@id\":\"https:\\\/\\\/diretodasacristia.com\\\/home\\\/boletim-santa-se\\\/papa-alerta-contra-falso-ecumenismo\\\/#breadcrumb\"},\"inLanguage\":\"pt-BR\",\"potentialAction\":[{\"@type\":\"ReadAction\",\"target\":[\"https:\\\/\\\/diretodasacristia.com\\\/home\\\/boletim-santa-se\\\/papa-alerta-contra-falso-ecumenismo\\\/\"]}]},{\"@type\":\"BreadcrumbList\",\"@id\":\"https:\\\/\\\/diretodasacristia.com\\\/home\\\/boletim-santa-se\\\/papa-alerta-contra-falso-ecumenismo\\\/#breadcrumb\",\"itemListElement\":[{\"@type\":\"ListItem\",\"position\":1,\"name\":\"In\u00edcio\",\"item\":\"https:\\\/\\\/diretodasacristia.com\\\/home\\\/\"},{\"@type\":\"ListItem\",\"position\":2,\"name\":\"Papa alerta contra falso ecumenismo\"}]},{\"@type\":\"WebSite\",\"@id\":\"https:\\\/\\\/diretodasacristia.com\\\/home\\\/#website\",\"url\":\"https:\\\/\\\/diretodasacristia.com\\\/home\\\/\",\"name\":\"Direto da Sacristia\",\"description\":\"Not\u00edcias e artigos sobre a f\u00e9 cat\u00f3lica\",\"publisher\":{\"@id\":\"https:\\\/\\\/diretodasacristia.com\\\/home\\\/#organization\"},\"potentialAction\":[{\"@type\":\"SearchAction\",\"target\":{\"@type\":\"EntryPoint\",\"urlTemplate\":\"https:\\\/\\\/diretodasacristia.com\\\/home\\\/?s={search_term_string}\"},\"query-input\":{\"@type\":\"PropertyValueSpecification\",\"valueRequired\":true,\"valueName\":\"search_term_string\"}}],\"inLanguage\":\"pt-BR\"},{\"@type\":\"Organization\",\"@id\":\"https:\\\/\\\/diretodasacristia.com\\\/home\\\/#organization\",\"name\":\"Direto da Sacristia\",\"url\":\"https:\\\/\\\/diretodasacristia.com\\\/home\\\/\",\"logo\":{\"@type\":\"ImageObject\",\"inLanguage\":\"pt-BR\",\"@id\":\"https:\\\/\\\/diretodasacristia.com\\\/home\\\/#\\\/schema\\\/logo\\\/image\\\/\",\"url\":\"https:\\\/\\\/i0.wp.com\\\/diretodasacristia.com\\\/home\\\/wp-content\\\/uploads\\\/2012\\\/01\\\/marca-sacristia.png?fit=320%2C306&ssl=1\",\"contentUrl\":\"https:\\\/\\\/i0.wp.com\\\/diretodasacristia.com\\\/home\\\/wp-content\\\/uploads\\\/2012\\\/01\\\/marca-sacristia.png?fit=320%2C306&ssl=1\",\"width\":\"320\",\"height\":\"306\",\"caption\":\"Direto da Sacristia\"},\"image\":{\"@id\":\"https:\\\/\\\/diretodasacristia.com\\\/home\\\/#\\\/schema\\\/logo\\\/image\\\/\"},\"sameAs\":[\"https:\\\/\\\/www.facebook.com\\\/DiretoSacristia\",\"https:\\\/\\\/x.com\\\/diretosacristia\",\"https:\\\/\\\/www.instagram.com\\\/diretodasacristia\\\/\",\"https:\\\/\\\/www.youtube.com\\\/diretodasacristia\"]},{\"@type\":\"Person\",\"@id\":\"https:\\\/\\\/diretodasacristia.com\\\/home\\\/#\\\/schema\\\/person\\\/3d453ef1f7d57c0bb0990b8070642721\",\"name\":\"E. Mar\u00e7al\",\"image\":{\"@type\":\"ImageObject\",\"inLanguage\":\"pt-BR\",\"@id\":\"https:\\\/\\\/secure.gravatar.com\\\/avatar\\\/348ff80a5ddde3de6c8b6e0c5b066b733f9245285d9ab87cd2e2ff652ffa95b0?s=96&d=mm&r=g\",\"url\":\"https:\\\/\\\/secure.gravatar.com\\\/avatar\\\/348ff80a5ddde3de6c8b6e0c5b066b733f9245285d9ab87cd2e2ff652ffa95b0?s=96&d=mm&r=g\",\"contentUrl\":\"https:\\\/\\\/secure.gravatar.com\\\/avatar\\\/348ff80a5ddde3de6c8b6e0c5b066b733f9245285d9ab87cd2e2ff652ffa95b0?s=96&d=mm&r=g\",\"caption\":\"E. Mar\u00e7al\"},\"url\":\"https:\\\/\\\/diretodasacristia.com\\\/home\\\/author\\\/erick\\\/\"}]}<\/script>\n<!-- \/ Yoast SEO plugin. -->","yoast_head_json":{"title":"Papa alerta contra falso ecumenismo - Direto da Sacristia","robots":{"index":"index","follow":"follow","max-snippet":"max-snippet:-1","max-image-preview":"max-image-preview:large","max-video-preview":"max-video-preview:-1"},"canonical":"https:\/\/diretodasacristia.com\/home\/boletim-santa-se\/papa-alerta-contra-falso-ecumenismo\/","og_locale":"pt_BR","og_type":"article","og_title":"Papa alerta contra falso ecumenismo - Direto da Sacristia","og_url":"https:\/\/diretodasacristia.com\/home\/boletim-santa-se\/papa-alerta-contra-falso-ecumenismo\/","og_site_name":"Direto da Sacristia","article_publisher":"https:\/\/www.facebook.com\/DiretoSacristia","article_published_time":"2010-09-10T13:39:00+00:00","author":"E. Mar\u00e7al","twitter_card":"summary_large_image","twitter_creator":"@diretosacristia","twitter_site":"@diretosacristia","twitter_misc":{"Escrito por":"E. Mar\u00e7al"},"schema":{"@context":"https:\/\/schema.org","@graph":[{"@type":"Article","@id":"https:\/\/diretodasacristia.com\/home\/boletim-santa-se\/papa-alerta-contra-falso-ecumenismo\/#article","isPartOf":{"@id":"https:\/\/diretodasacristia.com\/home\/boletim-santa-se\/papa-alerta-contra-falso-ecumenismo\/"},"author":{"name":"E. Mar\u00e7al","@id":"https:\/\/diretodasacristia.com\/home\/#\/schema\/person\/3d453ef1f7d57c0bb0990b8070642721"},"headline":"Papa alerta contra falso ecumenismo","datePublished":"2010-09-10T13:39:00+00:00","mainEntityOfPage":{"@id":"https:\/\/diretodasacristia.com\/home\/boletim-santa-se\/papa-alerta-contra-falso-ecumenismo\/"},"wordCount":5,"commentCount":0,"publisher":{"@id":"https:\/\/diretodasacristia.com\/home\/#organization"},"articleSection":["Boletim Santa S\u00e9","Hierarquia","Not\u00edcias"],"inLanguage":"pt-BR","potentialAction":[{"@type":"CommentAction","name":"Comment","target":["https:\/\/diretodasacristia.com\/home\/boletim-santa-se\/papa-alerta-contra-falso-ecumenismo\/#respond"]}]},{"@type":"WebPage","@id":"https:\/\/diretodasacristia.com\/home\/boletim-santa-se\/papa-alerta-contra-falso-ecumenismo\/","url":"https:\/\/diretodasacristia.com\/home\/boletim-santa-se\/papa-alerta-contra-falso-ecumenismo\/","name":"Papa alerta contra falso ecumenismo - Direto da Sacristia","isPartOf":{"@id":"https:\/\/diretodasacristia.com\/home\/#website"},"datePublished":"2010-09-10T13:39:00+00:00","breadcrumb":{"@id":"https:\/\/diretodasacristia.com\/home\/boletim-santa-se\/papa-alerta-contra-falso-ecumenismo\/#breadcrumb"},"inLanguage":"pt-BR","potentialAction":[{"@type":"ReadAction","target":["https:\/\/diretodasacristia.com\/home\/boletim-santa-se\/papa-alerta-contra-falso-ecumenismo\/"]}]},{"@type":"BreadcrumbList","@id":"https:\/\/diretodasacristia.com\/home\/boletim-santa-se\/papa-alerta-contra-falso-ecumenismo\/#breadcrumb","itemListElement":[{"@type":"ListItem","position":1,"name":"In\u00edcio","item":"https:\/\/diretodasacristia.com\/home\/"},{"@type":"ListItem","position":2,"name":"Papa alerta contra falso ecumenismo"}]},{"@type":"WebSite","@id":"https:\/\/diretodasacristia.com\/home\/#website","url":"https:\/\/diretodasacristia.com\/home\/","name":"Direto da Sacristia","description":"Not\u00edcias e artigos sobre a f\u00e9 cat\u00f3lica","publisher":{"@id":"https:\/\/diretodasacristia.com\/home\/#organization"},"potentialAction":[{"@type":"SearchAction","target":{"@type":"EntryPoint","urlTemplate":"https:\/\/diretodasacristia.com\/home\/?s={search_term_string}"},"query-input":{"@type":"PropertyValueSpecification","valueRequired":true,"valueName":"search_term_string"}}],"inLanguage":"pt-BR"},{"@type":"Organization","@id":"https:\/\/diretodasacristia.com\/home\/#organization","name":"Direto da Sacristia","url":"https:\/\/diretodasacristia.com\/home\/","logo":{"@type":"ImageObject","inLanguage":"pt-BR","@id":"https:\/\/diretodasacristia.com\/home\/#\/schema\/logo\/image\/","url":"https:\/\/i0.wp.com\/diretodasacristia.com\/home\/wp-content\/uploads\/2012\/01\/marca-sacristia.png?fit=320%2C306&ssl=1","contentUrl":"https:\/\/i0.wp.com\/diretodasacristia.com\/home\/wp-content\/uploads\/2012\/01\/marca-sacristia.png?fit=320%2C306&ssl=1","width":"320","height":"306","caption":"Direto da Sacristia"},"image":{"@id":"https:\/\/diretodasacristia.com\/home\/#\/schema\/logo\/image\/"},"sameAs":["https:\/\/www.facebook.com\/DiretoSacristia","https:\/\/x.com\/diretosacristia","https:\/\/www.instagram.com\/diretodasacristia\/","https:\/\/www.youtube.com\/diretodasacristia"]},{"@type":"Person","@id":"https:\/\/diretodasacristia.com\/home\/#\/schema\/person\/3d453ef1f7d57c0bb0990b8070642721","name":"E. Mar\u00e7al","image":{"@type":"ImageObject","inLanguage":"pt-BR","@id":"https:\/\/secure.gravatar.com\/avatar\/348ff80a5ddde3de6c8b6e0c5b066b733f9245285d9ab87cd2e2ff652ffa95b0?s=96&d=mm&r=g","url":"https:\/\/secure.gravatar.com\/avatar\/348ff80a5ddde3de6c8b6e0c5b066b733f9245285d9ab87cd2e2ff652ffa95b0?s=96&d=mm&r=g","contentUrl":"https:\/\/secure.gravatar.com\/avatar\/348ff80a5ddde3de6c8b6e0c5b066b733f9245285d9ab87cd2e2ff652ffa95b0?s=96&d=mm&r=g","caption":"E. Mar\u00e7al"},"url":"https:\/\/diretodasacristia.com\/home\/author\/erick\/"}]}},"jetpack_publicize_connections":[],"jetpack_featured_media_url":"","jetpack_sharing_enabled":true,"jetpack_shortlink":"https:\/\/wp.me\/p24aG7-1j","jetpack-related-posts":[{"id":2538,"url":"https:\/\/diretodasacristia.com\/home\/sem-categoria\/papa-alerta-contra-falso-ecumenismo-2\/","url_meta":{"origin":81,"position":0},"title":"Papa alerta contra falso ecumenismo","author":"E. Mar\u00e7al","date":"10 de setembro de 2010","format":false,"excerpt":"Do boletim da Sala de Imprensa da Santa S\u00e9Bento XVI pede a bispos brasileiros que rejeitem ecumenismo err\u00f4neoBento XVI com bispos brasileiros em discurso durante \"Ad Limina Apostolorum\"Na manh\u00e3 desta sexta-feira, o Santo Padre Bento XVI recebeu no Pal\u00e1cio Apost\u00f3lico de Castel Gandolfo os Bispos da Confer\u00eancia Nacional dos Bispos\u2026","rel":"","context":"Em &quot;Sem categoria&quot;","block_context":{"text":"Sem categoria","link":"https:\/\/diretodasacristia.com\/home\/c\/sem-categoria\/"},"img":{"alt_text":"","src":"","width":0,"height":0},"classes":[]},{"id":246,"url":"https:\/\/diretodasacristia.com\/home\/boletim-santa-se\/nomeado-coadjutor-para-diocese-de-bispo-rebelde\/","url_meta":{"origin":81,"position":1},"title":"Nomeado Coadjutor para diocese de bispo rebelde","author":"E. Mar\u00e7al","date":"17 de outubro de 2011","format":false,"excerpt":"Nomea\u00e7\u00e3o de Bispo coadjutor de Pore\u010d\u00a0e Pula Cro\u00e1cia O Santo Padre Bento XVI nomeou\u00a0Bispo coadjutor de Pore\u010d\u00a0e Pula (Cro\u00e1cia) o Rev.do Mons.\u00a0Dra\u017een Kutle\u0161a, at\u00e9 agora Oficial da Congrega\u00e7\u00e3o para os Bispos. O Rev.do Mons.\u00a0Dra\u017een Kutle\u0161a nasceu em 25 setembro 1968 em Tomislavgrad, em B\u00f3snia e Herzegovina. Depois de frequentar o\u2026","rel":"","context":"Em &quot;Boletim Santa S\u00e9&quot;","block_context":{"text":"Boletim Santa S\u00e9","link":"https:\/\/diretodasacristia.com\/home\/c\/boletim-santa-se\/"},"img":{"alt_text":"","src":"https:\/\/i0.wp.com\/static.nacional.hr\/img\/f3f9de82e0c9b05ae949f77b26129be3_700x550.jpg?resize=350%2C200","width":350,"height":200},"classes":[]},{"id":677,"url":"https:\/\/diretodasacristia.com\/home\/boletim-santa-se\/novo-bispo-de-lourdes\/","url_meta":{"origin":81,"position":2},"title":"Novo Bispo de Lourdes","author":"E. Mar\u00e7al","date":"11 de fevereiro de 2012","format":false,"excerpt":"A nomea\u00e7\u00e3o foi t\u00e3o providencial, que \u00e9 quase imposs\u00edvel cogitar qualquer coincid\u00eancia na publica\u00e7\u00e3o hodierna do nome do novo Bispo de Tarbes e Lourdes, na Festa do t\u00edtulo hom\u00f4nimo da Diocese. Com informa\u00e7\u00f5es do Boletim da Sala de Impressa da Santa S\u00e9 O Santo Padre Bento XVI aceitou a ren\u00fancia\u2026","rel":"","context":"Em &quot;Boletim Santa S\u00e9&quot;","block_context":{"text":"Boletim Santa S\u00e9","link":"https:\/\/diretodasacristia.com\/home\/c\/boletim-santa-se\/"},"img":{"alt_text":"","src":"https:\/\/i0.wp.com\/jeunescathos92.fr\/IMG\/arton522.jpg?resize=350%2C200","width":350,"height":200,"srcset":"https:\/\/i0.wp.com\/jeunescathos92.fr\/IMG\/arton522.jpg?resize=350%2C200 1x, https:\/\/i0.wp.com\/jeunescathos92.fr\/IMG\/arton522.jpg?resize=525%2C300 1.5x"},"classes":[]},{"id":2589,"url":"https:\/\/diretodasacristia.com\/home\/noticias\/alerta-de-bomba-esvazia-basilica-de-lourdes-2\/","url_meta":{"origin":81,"position":3},"title":"Alerta de bomba esvazia Bas\u00edlica de Lourdes","author":"E. Mar\u00e7al","date":"16 de agosto de 2010","format":false,"excerpt":"Publicada na jornal \"O Estad\u00e3o de S\u00e3o Paulo\" \u00a0 Alerta falso interrompe Solenidade da Assun\u00e7\u00e3o em Lourdes Prociss\u00e3o lota depend\u00eancias do complexo da Bas\u00edlica de Lourdes Cerca de 30 mil peregrinos fora pressamente avisados que havia uma bomba na Bas\u00edlica de Lourdes, no sudoeste da Fran\u00e7a, onde ocorria a Solenidade\u2026","rel":"","context":"Em &quot;Not\u00edcias&quot;","block_context":{"text":"Not\u00edcias","link":"https:\/\/diretodasacristia.com\/home\/c\/noticias\/"},"img":{"alt_text":"","src":"","width":0,"height":0},"classes":[]},{"id":3447,"url":"https:\/\/diretodasacristia.com\/home\/boletim-santa-se\/novo-bispo-de-sao-jose-do-rio-preto\/","url_meta":{"origin":81,"position":4},"title":"Novo Bispo de S\u00e3o Jos\u00e9 do Rio Preto","author":"E. Mar\u00e7al","date":"26 de setembro de 2012","format":false,"excerpt":"O Santo Padre Bento XVI nomeou como bispo da diocese de S\u00e3o Jos\u00e9 do Rio Preto S.E.R. Dom Tom\u00e9 Ferreira da Silva, at\u00e9 ent\u00e3o Auxiliar da Arquidiocese de S\u00e3o Paulo.","rel":"","context":"Em &quot;Boletim Santa S\u00e9&quot;","block_context":{"text":"Boletim Santa S\u00e9","link":"https:\/\/diretodasacristia.com\/home\/c\/boletim-santa-se\/"},"img":{"alt_text":"","src":"https:\/\/i0.wp.com\/diretodasacristia.com\/home\/wp-content\/uploads\/2012\/09\/Dom-Tome-Ferreira-Bote-Fe-1024x705.jpg?resize=350%2C200","width":350,"height":200,"srcset":"https:\/\/i0.wp.com\/diretodasacristia.com\/home\/wp-content\/uploads\/2012\/09\/Dom-Tome-Ferreira-Bote-Fe-1024x705.jpg?resize=350%2C200 1x, https:\/\/i0.wp.com\/diretodasacristia.com\/home\/wp-content\/uploads\/2012\/09\/Dom-Tome-Ferreira-Bote-Fe-1024x705.jpg?resize=525%2C300 1.5x"},"classes":[]},{"id":2173,"url":"https:\/\/diretodasacristia.com\/home\/boletim-santa-se\/morre-o-cardeal-ignace-moussa\/","url_meta":{"origin":81,"position":5},"title":"Morre o Cardeal Ignace Moussa","author":"E. Mar\u00e7al","date":"7 de abril de 2012","format":false,"excerpt":"Uma de suas \u00faltimas apari\u00e7\u00f5es p\u00fablicas Faleceu nesta manh\u00e3 em Roma, o Em.mo Cardeal Ignace Moussa I Daoud, Prefeito em\u00e9rito da Congrega\u00e7\u00e3o para as Igrejas Orientais e Patriarca em\u00e9rito de Antioquia dos S\u00edrios, aos 81 anos. O venerando Cardeal paramentado segundo as rubricas lit\u00fargicas sir\u00edacas, que muito lembram os ritos\u2026","rel":"","context":"Em &quot;Boletim Santa S\u00e9&quot;","block_context":{"text":"Boletim Santa S\u00e9","link":"https:\/\/diretodasacristia.com\/home\/c\/boletim-santa-se\/"},"img":{"alt_text":"","src":"https:\/\/i0.wp.com\/diretodasacristia.com\/home\/wp-content\/uploads\/2012\/04\/Cardeal-Ignace-Moussa-I1.jpg?resize=350%2C200","width":350,"height":200,"srcset":"https:\/\/i0.wp.com\/diretodasacristia.com\/home\/wp-content\/uploads\/2012\/04\/Cardeal-Ignace-Moussa-I1.jpg?resize=350%2C200 1x, https:\/\/i0.wp.com\/diretodasacristia.com\/home\/wp-content\/uploads\/2012\/04\/Cardeal-Ignace-Moussa-I1.jpg?resize=525%2C300 1.5x"},"classes":[]}],"post_mailing_queue_ids":[],"_links":{"self":[{"href":"https:\/\/diretodasacristia.com\/home\/wp-json\/wp\/v2\/posts\/81","targetHints":{"allow":["GET"]}}],"collection":[{"href":"https:\/\/diretodasacristia.com\/home\/wp-json\/wp\/v2\/posts"}],"about":[{"href":"https:\/\/diretodasacristia.com\/home\/wp-json\/wp\/v2\/types\/post"}],"author":[{"embeddable":true,"href":"https:\/\/diretodasacristia.com\/home\/wp-json\/wp\/v2\/users\/3"}],"replies":[{"embeddable":true,"href":"https:\/\/diretodasacristia.com\/home\/wp-json\/wp\/v2\/comments?post=81"}],"version-history":[{"count":0,"href":"https:\/\/diretodasacristia.com\/home\/wp-json\/wp\/v2\/posts\/81\/revisions"}],"wp:attachment":[{"href":"https:\/\/diretodasacristia.com\/home\/wp-json\/wp\/v2\/media?parent=81"}],"wp:term":[{"taxonomy":"category","embeddable":true,"href":"https:\/\/diretodasacristia.com\/home\/wp-json\/wp\/v2\/categories?post=81"},{"taxonomy":"post_tag","embeddable":true,"href":"https:\/\/diretodasacristia.com\/home\/wp-json\/wp\/v2\/tags?post=81"}],"curies":[{"name":"wp","href":"https:\/\/api.w.org\/{rel}","templated":true}]}}