{"id":83,"date":"2011-04-02T21:24:00","date_gmt":"2011-04-02T21:24:00","guid":{"rendered":"http:\/\/diretodasacristia.com\/home\/sem-categoria\/a-um-mes-2\/"},"modified":"2011-04-02T21:24:00","modified_gmt":"2011-04-02T21:24:00","slug":"a-um-mes-2","status":"publish","type":"post","link":"https:\/\/diretodasacristia.com\/home\/sem-categoria\/a-um-mes-2\/","title":{"rendered":"A um m\u00eas&#8230;"},"content":{"rendered":"<div style=\"text-align: center;\"><span class=\"Apple-style-span\"><u><br \/><\/u><\/span><\/div>\n<div style=\"text-align: justify;\"><span class=\"Apple-style-span\">Esse dia n\u00e3o poderia passar sem a men\u00e7\u00e3o do anivers\u00e1rio do <i>dies natalis<\/i> daquele que ser\u00e1 beatificado em menos de um m\u00eas; em quem se cumpriu parte do Terceiro Segredo de F\u00e1tima; que contribuiu para o enfraquecimento do Comunismo; que p\u00f4s fim (pelo menos juridicamente) \u00e0 discuss\u00e3o sobre a ordena\u00e7\u00e3o sacerdotal de mulheres; que introduziu a Barca de Pedro no terceiro mil\u00eanio da Era Crist\u00e3; que, por fim, ser\u00e1 inscrito no elenco dos justos que contemplam a face de Deus.<\/span><\/div>\n<div style=\"text-align: justify;\"><span class=\"Apple-style-span\"><br \/><\/span><\/div>\n<div style=\"text-align: justify;\"><span class=\"Apple-style-span\"><br \/><\/span><\/div>\n<div style=\"text-align: justify;\"><span class=\"Apple-style-span\"><span class=\"Apple-style-span\" style=\"font-family: Georgia, serif; \"><a href=\"http:\/\/2.bp.blogspot.com\/-hZWAjdUwBBw\/TZe-lfNTRRI\/AAAAAAAAB-w\/P_9cguxpZmI\/s1600\/Jo%25C3%25A3o%2BPaulo%2BII%2Bjanela.jpg\" onblur=\"try {parent.deselectBloggerImageGracefully();} catch(e) {}\"><img decoding=\"async\" src=\"http:\/\/2.bp.blogspot.com\/-hZWAjdUwBBw\/TZe-lfNTRRI\/AAAAAAAAB-w\/P_9cguxpZmI\/s400\/Jo%25C3%25A3o%2BPaulo%2BII%2Bjanela.jpg\" border=\"0\" alt=\"\" id=\"BLOGGER_PHOTO_ID_5591147013645485330\" style=\"display: block; margin-top: 0px; margin-right: auto; margin-bottom: 10px; margin-left: auto; text-align: center; cursor: pointer; width: 300px; height: 400px; \" \/><\/a><\/span><\/span><\/div>\n<div><span class=\"Apple-style-span\"><br \/><\/span><\/div>\n","protected":false},"excerpt":{"rendered":"Esse dia n\u00e3o poderia passar sem a men\u00e7\u00e3o do anivers\u00e1rio do dies natalis daquele que ser\u00e1 beatificado em menos de um m\u00eas; em quem se cumpriu parte do Terceiro Segredo de F\u00e1tima; que contribuiu para o enfraquecimento do Comunismo; que p\u00f4s fim (pelo menos juridicamente) \u00e0 discuss\u00e3o sobre a ordena\u00e7\u00e3o sacerdotal de mulheres; que introduziu&#8230; <a class=\"view-article\" href=\"https:\/\/diretodasacristia.com\/home\/sem-categoria\/a-um-mes-2\/\">Ver artigo<\/a>","protected":false},"author":3,"featured_media":0,"comment_status":"open","ping_status":"open","sticky":false,"template":"","format":"standard","meta":{"jetpack_post_was_ever_published":false,"_jetpack_newsletter_access":"","_jetpack_dont_email_post_to_subs":false,"_jetpack_newsletter_tier_id":0,"_jetpack_memberships_contains_paywalled_content":false,"_jetpack_memberships_contains_paid_content":false,"_joinchat":[],"footnotes":"","jetpack_publicize_message":"","jetpack_publicize_feature_enabled":true,"jetpack_social_post_already_shared":false,"jetpack_social_options":{"image_generator_settings":{"template":"highway","default_image_id":0,"font":"","enabled":false},"version":2}},"categories":[1],"tags":[],"class_list":["post-83","post","type-post","status-publish","format-standard","hentry","category-sem-categoria"],"yoast_head":"<!-- This site is optimized with the Yoast SEO plugin v27.4 - https:\/\/yoast.com\/product\/yoast-seo-wordpress\/ -->\n<title>A um m\u00eas... - Direto da Sacristia<\/title>\n<meta name=\"robots\" content=\"index, follow, max-snippet:-1, max-image-preview:large, max-video-preview:-1\" \/>\n<link rel=\"canonical\" href=\"https:\/\/diretodasacristia.com\/home\/sem-categoria\/a-um-mes-2\/\" \/>\n<meta property=\"og:locale\" content=\"pt_BR\" \/>\n<meta property=\"og:type\" content=\"article\" \/>\n<meta property=\"og:title\" content=\"A um m\u00eas... - Direto da Sacristia\" \/>\n<meta property=\"og:description\" content=\"Esse dia n\u00e3o poderia passar sem a men\u00e7\u00e3o do anivers\u00e1rio do dies natalis daquele que ser\u00e1 beatificado em menos de um m\u00eas; em quem se cumpriu parte do Terceiro Segredo de F\u00e1tima; que contribuiu para o enfraquecimento do Comunismo; que p\u00f4s fim (pelo menos juridicamente) \u00e0 discuss\u00e3o sobre a ordena\u00e7\u00e3o sacerdotal de mulheres; que introduziu... Ver artigo\" \/>\n<meta property=\"og:url\" content=\"https:\/\/diretodasacristia.com\/home\/sem-categoria\/a-um-mes-2\/\" \/>\n<meta property=\"og:site_name\" content=\"Direto da Sacristia\" \/>\n<meta property=\"article:publisher\" content=\"https:\/\/www.facebook.com\/DiretoSacristia\" \/>\n<meta property=\"article:published_time\" content=\"2011-04-02T21:24:00+00:00\" \/>\n<meta property=\"og:image\" content=\"http:\/\/2.bp.blogspot.com\/-hZWAjdUwBBw\/TZe-lfNTRRI\/AAAAAAAAB-w\/P_9cguxpZmI\/s400\/Jo%25C3%25A3o%2BPaulo%2BII%2Bjanela.jpg\" \/>\n<meta name=\"author\" content=\"E. Mar\u00e7al\" \/>\n<meta name=\"twitter:card\" content=\"summary_large_image\" \/>\n<meta name=\"twitter:creator\" content=\"@diretosacristia\" \/>\n<meta name=\"twitter:site\" content=\"@diretosacristia\" \/>\n<meta name=\"twitter:label1\" content=\"Escrito por\" \/>\n\t<meta name=\"twitter:data1\" content=\"E. Mar\u00e7al\" \/>\n<script type=\"application\/ld+json\" class=\"yoast-schema-graph\">{\"@context\":\"https:\\\/\\\/schema.org\",\"@graph\":[{\"@type\":\"Article\",\"@id\":\"https:\\\/\\\/diretodasacristia.com\\\/home\\\/sem-categoria\\\/a-um-mes-2\\\/#article\",\"isPartOf\":{\"@id\":\"https:\\\/\\\/diretodasacristia.com\\\/home\\\/sem-categoria\\\/a-um-mes-2\\\/\"},\"author\":{\"name\":\"E. Mar\u00e7al\",\"@id\":\"https:\\\/\\\/diretodasacristia.com\\\/home\\\/#\\\/schema\\\/person\\\/3d453ef1f7d57c0bb0990b8070642721\"},\"headline\":\"A um m\u00eas&#8230;\",\"datePublished\":\"2011-04-02T21:24:00+00:00\",\"mainEntityOfPage\":{\"@id\":\"https:\\\/\\\/diretodasacristia.com\\\/home\\\/sem-categoria\\\/a-um-mes-2\\\/\"},\"wordCount\":92,\"commentCount\":0,\"publisher\":{\"@id\":\"https:\\\/\\\/diretodasacristia.com\\\/home\\\/#organization\"},\"image\":{\"@id\":\"https:\\\/\\\/diretodasacristia.com\\\/home\\\/sem-categoria\\\/a-um-mes-2\\\/#primaryimage\"},\"thumbnailUrl\":\"http:\\\/\\\/2.bp.blogspot.com\\\/-hZWAjdUwBBw\\\/TZe-lfNTRRI\\\/AAAAAAAAB-w\\\/P_9cguxpZmI\\\/s400\\\/Jo%25C3%25A3o%2BPaulo%2BII%2Bjanela.jpg\",\"inLanguage\":\"pt-BR\",\"potentialAction\":[{\"@type\":\"CommentAction\",\"name\":\"Comment\",\"target\":[\"https:\\\/\\\/diretodasacristia.com\\\/home\\\/sem-categoria\\\/a-um-mes-2\\\/#respond\"]}]},{\"@type\":\"WebPage\",\"@id\":\"https:\\\/\\\/diretodasacristia.com\\\/home\\\/sem-categoria\\\/a-um-mes-2\\\/\",\"url\":\"https:\\\/\\\/diretodasacristia.com\\\/home\\\/sem-categoria\\\/a-um-mes-2\\\/\",\"name\":\"A um m\u00eas... - Direto da Sacristia\",\"isPartOf\":{\"@id\":\"https:\\\/\\\/diretodasacristia.com\\\/home\\\/#website\"},\"primaryImageOfPage\":{\"@id\":\"https:\\\/\\\/diretodasacristia.com\\\/home\\\/sem-categoria\\\/a-um-mes-2\\\/#primaryimage\"},\"image\":{\"@id\":\"https:\\\/\\\/diretodasacristia.com\\\/home\\\/sem-categoria\\\/a-um-mes-2\\\/#primaryimage\"},\"thumbnailUrl\":\"http:\\\/\\\/2.bp.blogspot.com\\\/-hZWAjdUwBBw\\\/TZe-lfNTRRI\\\/AAAAAAAAB-w\\\/P_9cguxpZmI\\\/s400\\\/Jo%25C3%25A3o%2BPaulo%2BII%2Bjanela.jpg\",\"datePublished\":\"2011-04-02T21:24:00+00:00\",\"breadcrumb\":{\"@id\":\"https:\\\/\\\/diretodasacristia.com\\\/home\\\/sem-categoria\\\/a-um-mes-2\\\/#breadcrumb\"},\"inLanguage\":\"pt-BR\",\"potentialAction\":[{\"@type\":\"ReadAction\",\"target\":[\"https:\\\/\\\/diretodasacristia.com\\\/home\\\/sem-categoria\\\/a-um-mes-2\\\/\"]}]},{\"@type\":\"ImageObject\",\"inLanguage\":\"pt-BR\",\"@id\":\"https:\\\/\\\/diretodasacristia.com\\\/home\\\/sem-categoria\\\/a-um-mes-2\\\/#primaryimage\",\"url\":\"http:\\\/\\\/2.bp.blogspot.com\\\/-hZWAjdUwBBw\\\/TZe-lfNTRRI\\\/AAAAAAAAB-w\\\/P_9cguxpZmI\\\/s400\\\/Jo%25C3%25A3o%2BPaulo%2BII%2Bjanela.jpg\",\"contentUrl\":\"http:\\\/\\\/2.bp.blogspot.com\\\/-hZWAjdUwBBw\\\/TZe-lfNTRRI\\\/AAAAAAAAB-w\\\/P_9cguxpZmI\\\/s400\\\/Jo%25C3%25A3o%2BPaulo%2BII%2Bjanela.jpg\"},{\"@type\":\"BreadcrumbList\",\"@id\":\"https:\\\/\\\/diretodasacristia.com\\\/home\\\/sem-categoria\\\/a-um-mes-2\\\/#breadcrumb\",\"itemListElement\":[{\"@type\":\"ListItem\",\"position\":1,\"name\":\"In\u00edcio\",\"item\":\"https:\\\/\\\/diretodasacristia.com\\\/home\\\/\"},{\"@type\":\"ListItem\",\"position\":2,\"name\":\"A um m\u00eas&#8230;\"}]},{\"@type\":\"WebSite\",\"@id\":\"https:\\\/\\\/diretodasacristia.com\\\/home\\\/#website\",\"url\":\"https:\\\/\\\/diretodasacristia.com\\\/home\\\/\",\"name\":\"Direto da Sacristia\",\"description\":\"Not\u00edcias e artigos sobre a f\u00e9 cat\u00f3lica\",\"publisher\":{\"@id\":\"https:\\\/\\\/diretodasacristia.com\\\/home\\\/#organization\"},\"potentialAction\":[{\"@type\":\"SearchAction\",\"target\":{\"@type\":\"EntryPoint\",\"urlTemplate\":\"https:\\\/\\\/diretodasacristia.com\\\/home\\\/?s={search_term_string}\"},\"query-input\":{\"@type\":\"PropertyValueSpecification\",\"valueRequired\":true,\"valueName\":\"search_term_string\"}}],\"inLanguage\":\"pt-BR\"},{\"@type\":\"Organization\",\"@id\":\"https:\\\/\\\/diretodasacristia.com\\\/home\\\/#organization\",\"name\":\"Direto da Sacristia\",\"url\":\"https:\\\/\\\/diretodasacristia.com\\\/home\\\/\",\"logo\":{\"@type\":\"ImageObject\",\"inLanguage\":\"pt-BR\",\"@id\":\"https:\\\/\\\/diretodasacristia.com\\\/home\\\/#\\\/schema\\\/logo\\\/image\\\/\",\"url\":\"https:\\\/\\\/i0.wp.com\\\/diretodasacristia.com\\\/home\\\/wp-content\\\/uploads\\\/2012\\\/01\\\/marca-sacristia.png?fit=320%2C306&ssl=1\",\"contentUrl\":\"https:\\\/\\\/i0.wp.com\\\/diretodasacristia.com\\\/home\\\/wp-content\\\/uploads\\\/2012\\\/01\\\/marca-sacristia.png?fit=320%2C306&ssl=1\",\"width\":\"320\",\"height\":\"306\",\"caption\":\"Direto da Sacristia\"},\"image\":{\"@id\":\"https:\\\/\\\/diretodasacristia.com\\\/home\\\/#\\\/schema\\\/logo\\\/image\\\/\"},\"sameAs\":[\"https:\\\/\\\/www.facebook.com\\\/DiretoSacristia\",\"https:\\\/\\\/x.com\\\/diretosacristia\",\"https:\\\/\\\/www.instagram.com\\\/diretodasacristia\\\/\",\"https:\\\/\\\/www.youtube.com\\\/diretodasacristia\"]},{\"@type\":\"Person\",\"@id\":\"https:\\\/\\\/diretodasacristia.com\\\/home\\\/#\\\/schema\\\/person\\\/3d453ef1f7d57c0bb0990b8070642721\",\"name\":\"E. Mar\u00e7al\",\"image\":{\"@type\":\"ImageObject\",\"inLanguage\":\"pt-BR\",\"@id\":\"https:\\\/\\\/secure.gravatar.com\\\/avatar\\\/348ff80a5ddde3de6c8b6e0c5b066b733f9245285d9ab87cd2e2ff652ffa95b0?s=96&d=mm&r=g\",\"url\":\"https:\\\/\\\/secure.gravatar.com\\\/avatar\\\/348ff80a5ddde3de6c8b6e0c5b066b733f9245285d9ab87cd2e2ff652ffa95b0?s=96&d=mm&r=g\",\"contentUrl\":\"https:\\\/\\\/secure.gravatar.com\\\/avatar\\\/348ff80a5ddde3de6c8b6e0c5b066b733f9245285d9ab87cd2e2ff652ffa95b0?s=96&d=mm&r=g\",\"caption\":\"E. Mar\u00e7al\"},\"url\":\"https:\\\/\\\/diretodasacristia.com\\\/home\\\/author\\\/erick\\\/\"}]}<\/script>\n<!-- \/ Yoast SEO plugin. -->","yoast_head_json":{"title":"A um m\u00eas... - Direto da Sacristia","robots":{"index":"index","follow":"follow","max-snippet":"max-snippet:-1","max-image-preview":"max-image-preview:large","max-video-preview":"max-video-preview:-1"},"canonical":"https:\/\/diretodasacristia.com\/home\/sem-categoria\/a-um-mes-2\/","og_locale":"pt_BR","og_type":"article","og_title":"A um m\u00eas... - Direto da Sacristia","og_description":"Esse dia n\u00e3o poderia passar sem a men\u00e7\u00e3o do anivers\u00e1rio do dies natalis daquele que ser\u00e1 beatificado em menos de um m\u00eas; em quem se cumpriu parte do Terceiro Segredo de F\u00e1tima; que contribuiu para o enfraquecimento do Comunismo; que p\u00f4s fim (pelo menos juridicamente) \u00e0 discuss\u00e3o sobre a ordena\u00e7\u00e3o sacerdotal de mulheres; que introduziu... Ver artigo","og_url":"https:\/\/diretodasacristia.com\/home\/sem-categoria\/a-um-mes-2\/","og_site_name":"Direto da Sacristia","article_publisher":"https:\/\/www.facebook.com\/DiretoSacristia","article_published_time":"2011-04-02T21:24:00+00:00","og_image":[{"url":"http:\/\/2.bp.blogspot.com\/-hZWAjdUwBBw\/TZe-lfNTRRI\/AAAAAAAAB-w\/P_9cguxpZmI\/s400\/Jo%25C3%25A3o%2BPaulo%2BII%2Bjanela.jpg","type":"","width":"","height":""}],"author":"E. Mar\u00e7al","twitter_card":"summary_large_image","twitter_creator":"@diretosacristia","twitter_site":"@diretosacristia","twitter_misc":{"Escrito por":"E. Mar\u00e7al"},"schema":{"@context":"https:\/\/schema.org","@graph":[{"@type":"Article","@id":"https:\/\/diretodasacristia.com\/home\/sem-categoria\/a-um-mes-2\/#article","isPartOf":{"@id":"https:\/\/diretodasacristia.com\/home\/sem-categoria\/a-um-mes-2\/"},"author":{"name":"E. Mar\u00e7al","@id":"https:\/\/diretodasacristia.com\/home\/#\/schema\/person\/3d453ef1f7d57c0bb0990b8070642721"},"headline":"A um m\u00eas&#8230;","datePublished":"2011-04-02T21:24:00+00:00","mainEntityOfPage":{"@id":"https:\/\/diretodasacristia.com\/home\/sem-categoria\/a-um-mes-2\/"},"wordCount":92,"commentCount":0,"publisher":{"@id":"https:\/\/diretodasacristia.com\/home\/#organization"},"image":{"@id":"https:\/\/diretodasacristia.com\/home\/sem-categoria\/a-um-mes-2\/#primaryimage"},"thumbnailUrl":"http:\/\/2.bp.blogspot.com\/-hZWAjdUwBBw\/TZe-lfNTRRI\/AAAAAAAAB-w\/P_9cguxpZmI\/s400\/Jo%25C3%25A3o%2BPaulo%2BII%2Bjanela.jpg","inLanguage":"pt-BR","potentialAction":[{"@type":"CommentAction","name":"Comment","target":["https:\/\/diretodasacristia.com\/home\/sem-categoria\/a-um-mes-2\/#respond"]}]},{"@type":"WebPage","@id":"https:\/\/diretodasacristia.com\/home\/sem-categoria\/a-um-mes-2\/","url":"https:\/\/diretodasacristia.com\/home\/sem-categoria\/a-um-mes-2\/","name":"A um m\u00eas... - Direto da Sacristia","isPartOf":{"@id":"https:\/\/diretodasacristia.com\/home\/#website"},"primaryImageOfPage":{"@id":"https:\/\/diretodasacristia.com\/home\/sem-categoria\/a-um-mes-2\/#primaryimage"},"image":{"@id":"https:\/\/diretodasacristia.com\/home\/sem-categoria\/a-um-mes-2\/#primaryimage"},"thumbnailUrl":"http:\/\/2.bp.blogspot.com\/-hZWAjdUwBBw\/TZe-lfNTRRI\/AAAAAAAAB-w\/P_9cguxpZmI\/s400\/Jo%25C3%25A3o%2BPaulo%2BII%2Bjanela.jpg","datePublished":"2011-04-02T21:24:00+00:00","breadcrumb":{"@id":"https:\/\/diretodasacristia.com\/home\/sem-categoria\/a-um-mes-2\/#breadcrumb"},"inLanguage":"pt-BR","potentialAction":[{"@type":"ReadAction","target":["https:\/\/diretodasacristia.com\/home\/sem-categoria\/a-um-mes-2\/"]}]},{"@type":"ImageObject","inLanguage":"pt-BR","@id":"https:\/\/diretodasacristia.com\/home\/sem-categoria\/a-um-mes-2\/#primaryimage","url":"http:\/\/2.bp.blogspot.com\/-hZWAjdUwBBw\/TZe-lfNTRRI\/AAAAAAAAB-w\/P_9cguxpZmI\/s400\/Jo%25C3%25A3o%2BPaulo%2BII%2Bjanela.jpg","contentUrl":"http:\/\/2.bp.blogspot.com\/-hZWAjdUwBBw\/TZe-lfNTRRI\/AAAAAAAAB-w\/P_9cguxpZmI\/s400\/Jo%25C3%25A3o%2BPaulo%2BII%2Bjanela.jpg"},{"@type":"BreadcrumbList","@id":"https:\/\/diretodasacristia.com\/home\/sem-categoria\/a-um-mes-2\/#breadcrumb","itemListElement":[{"@type":"ListItem","position":1,"name":"In\u00edcio","item":"https:\/\/diretodasacristia.com\/home\/"},{"@type":"ListItem","position":2,"name":"A um m\u00eas&#8230;"}]},{"@type":"WebSite","@id":"https:\/\/diretodasacristia.com\/home\/#website","url":"https:\/\/diretodasacristia.com\/home\/","name":"Direto da Sacristia","description":"Not\u00edcias e artigos sobre a f\u00e9 cat\u00f3lica","publisher":{"@id":"https:\/\/diretodasacristia.com\/home\/#organization"},"potentialAction":[{"@type":"SearchAction","target":{"@type":"EntryPoint","urlTemplate":"https:\/\/diretodasacristia.com\/home\/?s={search_term_string}"},"query-input":{"@type":"PropertyValueSpecification","valueRequired":true,"valueName":"search_term_string"}}],"inLanguage":"pt-BR"},{"@type":"Organization","@id":"https:\/\/diretodasacristia.com\/home\/#organization","name":"Direto da Sacristia","url":"https:\/\/diretodasacristia.com\/home\/","logo":{"@type":"ImageObject","inLanguage":"pt-BR","@id":"https:\/\/diretodasacristia.com\/home\/#\/schema\/logo\/image\/","url":"https:\/\/i0.wp.com\/diretodasacristia.com\/home\/wp-content\/uploads\/2012\/01\/marca-sacristia.png?fit=320%2C306&ssl=1","contentUrl":"https:\/\/i0.wp.com\/diretodasacristia.com\/home\/wp-content\/uploads\/2012\/01\/marca-sacristia.png?fit=320%2C306&ssl=1","width":"320","height":"306","caption":"Direto da Sacristia"},"image":{"@id":"https:\/\/diretodasacristia.com\/home\/#\/schema\/logo\/image\/"},"sameAs":["https:\/\/www.facebook.com\/DiretoSacristia","https:\/\/x.com\/diretosacristia","https:\/\/www.instagram.com\/diretodasacristia\/","https:\/\/www.youtube.com\/diretodasacristia"]},{"@type":"Person","@id":"https:\/\/diretodasacristia.com\/home\/#\/schema\/person\/3d453ef1f7d57c0bb0990b8070642721","name":"E. Mar\u00e7al","image":{"@type":"ImageObject","inLanguage":"pt-BR","@id":"https:\/\/secure.gravatar.com\/avatar\/348ff80a5ddde3de6c8b6e0c5b066b733f9245285d9ab87cd2e2ff652ffa95b0?s=96&d=mm&r=g","url":"https:\/\/secure.gravatar.com\/avatar\/348ff80a5ddde3de6c8b6e0c5b066b733f9245285d9ab87cd2e2ff652ffa95b0?s=96&d=mm&r=g","contentUrl":"https:\/\/secure.gravatar.com\/avatar\/348ff80a5ddde3de6c8b6e0c5b066b733f9245285d9ab87cd2e2ff652ffa95b0?s=96&d=mm&r=g","caption":"E. Mar\u00e7al"},"url":"https:\/\/diretodasacristia.com\/home\/author\/erick\/"}]}},"jetpack_publicize_connections":[],"jetpack_featured_media_url":"","jetpack_sharing_enabled":true,"jetpack_shortlink":"https:\/\/wp.me\/p24aG7-1l","jetpack-related-posts":[{"id":29,"url":"https:\/\/diretodasacristia.com\/home\/sem-categoria\/decreto-de-indulgencias-na-jmj-madri-2011-2\/","url_meta":{"origin":83,"position":0},"title":"Decreto de indulg\u00eancias na JMJ Madri 2011","author":"E. Mar\u00e7al","date":"12 de agosto de 2011","format":false,"excerpt":"Cardeal BaldelliPenitenci\u00e1rio da Santa Igrejaque assinou o decreto Do boletim da Sala de Imprensa da Santa S\u00e9 DECRETOda Peninteciaria Apost\u00f3lica com o qual se concedem especiais indulg\u00eanciaspor ocasi\u00e3o da XXVI Jornada Mundial da Juventude(Madri, 16-21 agosto 2011) Concede-se a indulg\u00eancia aos fi\u00e9is que, por ocasi\u00e3o do XXVI Dia Mundial da\u2026","rel":"","context":"Em &quot;Sem categoria&quot;","block_context":{"text":"Sem categoria","link":"https:\/\/diretodasacristia.com\/home\/c\/sem-categoria\/"},"img":{"alt_text":"","src":"","width":0,"height":0},"classes":[]},{"id":5192,"url":"https:\/\/diretodasacristia.com\/home\/leao-xiv\/leao-xiv-se-mudou-para-o-sotao-do-palacio\/","url_meta":{"origin":83,"position":1},"title":"Le\u00e3o XIV se mudou para o s\u00f3t\u00e3o do Pal\u00e1cio?","author":"Reda\u00e7\u00e3o","date":"16 de mar\u00e7o de 2026","format":false,"excerpt":"No s\u00e1bado, 14 de mar\u00e7o, o Papa Le\u00e3o XIV se mudou definitivamente para o Pal\u00e1cio Apost\u00f3lico: mas ele est\u00e1 morando no terceiro andar ou na cobertura do pr\u00e9dio?","rel":"","context":"Em &quot;Papa&quot;","block_context":{"text":"Papa","link":"https:\/\/diretodasacristia.com\/home\/c\/papa\/"},"img":{"alt_text":"","src":"https:\/\/i0.wp.com\/diretodasacristia.com\/home\/wp-content\/uploads\/2026\/03\/cq5dam_1747050241.webp?resize=350%2C200&ssl=1","width":350,"height":200,"srcset":"https:\/\/i0.wp.com\/diretodasacristia.com\/home\/wp-content\/uploads\/2026\/03\/cq5dam_1747050241.webp?resize=350%2C200&ssl=1 1x, https:\/\/i0.wp.com\/diretodasacristia.com\/home\/wp-content\/uploads\/2026\/03\/cq5dam_1747050241.webp?resize=525%2C300&ssl=1 1.5x"},"classes":[]},{"id":2449,"url":"https:\/\/diretodasacristia.com\/home\/sem-categoria\/fim-do-caso-arautos-sucumbios-2\/","url_meta":{"origin":83,"position":2},"title":"Fim do caso Arautos-Sucumb\u00edos","author":"E. Mar\u00e7al","date":"27 de maio de 2011","format":false,"excerpt":"Primeiro \u00e9 confiada a eles uma alta miss\u00e3o, talvez a maior em sua d\u00e9cada de aprova\u00e7\u00e3o pontif\u00edcia. Tal decis\u00e3o veio do Pal\u00e1cio da Evangeliza\u00e7\u00e3o dos Povos, no Vaticano. Continuaram a reforma da catedral e passaram a administrar os sacramentos como nunca aquele povo havia visto. Mas, agora, pela linha doutrino-teol\u00f3gica\u2026","rel":"","context":"Em &quot;Sem categoria&quot;","block_context":{"text":"Sem categoria","link":"https:\/\/diretodasacristia.com\/home\/c\/sem-categoria\/"},"img":{"alt_text":"","src":"","width":0,"height":0},"classes":[]},{"id":57,"url":"https:\/\/diretodasacristia.com\/home\/sem-categoria\/bento-xvi-ganha-uma-tiara-papal-2\/","url_meta":{"origin":83,"position":3},"title":"Bento XVI ganha uma tiara papal","author":"E. Mar\u00e7al","date":"26 de maio de 2011","format":false,"excerpt":"Fotos do Orbis Catholicus SecundusO empres\u00e1rio Dieter Philippi apresenta o seu presenteOntem, durante os tradicionais cumprimentos ao Santo Padre ao fim da audi\u00eancia-geral, uma feliz surpresa abateu-se sobre aqueles que d\u00e3o o devido valor \u00e0 tradi\u00e7\u00e3o papal e n\u00e3o a relativizam segundo conceitos socio-teol\u00f3gicos: um empres\u00e1rio alem\u00e3o encomendou a artes\u00e3os\u2026","rel":"","context":"Em &quot;Sem categoria&quot;","block_context":{"text":"Sem categoria","link":"https:\/\/diretodasacristia.com\/home\/c\/sem-categoria\/"},"img":{"alt_text":"","src":"","width":0,"height":0},"classes":[]},{"id":135,"url":"https:\/\/diretodasacristia.com\/home\/sem-categoria\/dies-irae-dia-da-ira-2\/","url_meta":{"origin":83,"position":4},"title":"&#8220;Dies irae&#8221; &#8211; Dia da ira","author":"E. Mar\u00e7al","date":"2 de novembro de 2010","format":false,"excerpt":"Of\u00edcio do dia: Comemora\u00e7\u00e3o dos fi\u00e9is defuntos Apesar de todos os dias, sobre os milhares de altares erguidos sobre o mundo, comemorarmos a santa Eucaristia, em Corpus Christi dedicamos um dia espec\u00edfico para a sua adora\u00e7\u00e3o e exalta\u00e7\u00e3o. Em todas as missas fazemos mem\u00f3ria da venera\u00e7\u00e3o dos santos, de modo\u2026","rel":"","context":"Em &quot;Sem categoria&quot;","block_context":{"text":"Sem categoria","link":"https:\/\/diretodasacristia.com\/home\/c\/sem-categoria\/"},"img":{"alt_text":"","src":"","width":0,"height":0},"classes":[]},{"id":105,"url":"https:\/\/diretodasacristia.com\/home\/sem-categoria\/crianca-brasileira-quebra-seguranca-e-se-aproxima-de-bento-xvi-2\/","url_meta":{"origin":83,"position":5},"title":"Crian\u00e7a brasileira quebra seguran\u00e7a e se aproxima de Bento XVI","author":"E. Mar\u00e7al","date":"3 de fevereiro de 2011","format":false,"excerpt":"Epis\u00f3dio aconteceu na audi\u00eancia-geral de ontemAo fim da audi\u00eancia-geral de ontem, dia 02, durante a apresenta\u00e7\u00e3o das delega\u00e7\u00f5es de l\u00edngua portuguesa, em um \u00e1tino despercebido pelos seguran\u00e7as do Vaticano, uma crian\u00e7a de 6 anos aproximou-se da cadeira onde estava sentado o Papa Bento XVI. Segundo alguns, tratava-se de um pequeno\u2026","rel":"","context":"Em &quot;Sem categoria&quot;","block_context":{"text":"Sem categoria","link":"https:\/\/diretodasacristia.com\/home\/c\/sem-categoria\/"},"img":{"alt_text":"","src":"","width":0,"height":0},"classes":[]}],"post_mailing_queue_ids":[],"_links":{"self":[{"href":"https:\/\/diretodasacristia.com\/home\/wp-json\/wp\/v2\/posts\/83","targetHints":{"allow":["GET"]}}],"collection":[{"href":"https:\/\/diretodasacristia.com\/home\/wp-json\/wp\/v2\/posts"}],"about":[{"href":"https:\/\/diretodasacristia.com\/home\/wp-json\/wp\/v2\/types\/post"}],"author":[{"embeddable":true,"href":"https:\/\/diretodasacristia.com\/home\/wp-json\/wp\/v2\/users\/3"}],"replies":[{"embeddable":true,"href":"https:\/\/diretodasacristia.com\/home\/wp-json\/wp\/v2\/comments?post=83"}],"version-history":[{"count":0,"href":"https:\/\/diretodasacristia.com\/home\/wp-json\/wp\/v2\/posts\/83\/revisions"}],"wp:attachment":[{"href":"https:\/\/diretodasacristia.com\/home\/wp-json\/wp\/v2\/media?parent=83"}],"wp:term":[{"taxonomy":"category","embeddable":true,"href":"https:\/\/diretodasacristia.com\/home\/wp-json\/wp\/v2\/categories?post=83"},{"taxonomy":"post_tag","embeddable":true,"href":"https:\/\/diretodasacristia.com\/home\/wp-json\/wp\/v2\/tags?post=83"}],"curies":[{"name":"wp","href":"https:\/\/api.w.org\/{rel}","templated":true}]}}