{"id":9,"date":"2011-11-05T08:38:00","date_gmt":"2011-11-05T08:38:00","guid":{"rendered":"http:\/\/diretodasacristia.com\/home\/sem-categoria\/punicao-a-monsenhor-que-se-dizia-bispo-2\/"},"modified":"2011-11-05T08:38:00","modified_gmt":"2011-11-05T08:38:00","slug":"punicao-a-monsenhor-que-se-dizia-bispo-2","status":"publish","type":"post","link":"https:\/\/diretodasacristia.com\/home\/sem-categoria\/punicao-a-monsenhor-que-se-dizia-bispo-2\/","title":{"rendered":"Puni\u00e7\u00e3o a monsenhor que se dizia bispo"},"content":{"rendered":"<p><span class=\"Apple-style-span\" style=\"font-family: Verdana, sans-serif;\">Do L\u00b4Osservatore Romano, edi\u00e7\u00e3o do \u00faltimo 15 outubro<\/span><br \/><span class=\"Apple-style-span\" style=\"font-family: Verdana, sans-serif;\"><br \/><\/span><\/p>\n<div style=\"text-align: center;\"><span class=\"Apple-style-span\" style=\"font-family: Verdana, sans-serif;\"><br \/><\/span><\/div>\n<div style=\"text-align: center;\"><span class=\"Apple-style-span\" style=\"font-family: Verdana, sans-serif;\"><b>At\u00e9 onde chega o desejo por cargos eclesi\u00e1sticos<\/b><\/span><\/div>\n<div style=\"text-align: center;\"><span class=\"Apple-style-span\" style=\"font-family: Verdana, sans-serif;\"><br \/><\/span><\/div>\n<p><span class=\"Apple-style-span\" style=\"font-family: Verdana, sans-serif;\"><br \/><\/span><\/p>\n<div class=\"separator\" style=\"clear: both; text-align: center;\"><a href=\"http:\/\/www.estense.com\/wp-content\/uploads\/2011\/10\/donMariotti.jpg\" imageanchor=\"1\" style=\"margin-left: 1em; margin-right: 1em;\"><img loading=\"lazy\" decoding=\"async\" border=\"0\" height=\"223\" src=\"http:\/\/www.estense.com\/wp-content\/uploads\/2011\/10\/donMariotti.jpg\" width=\"320\" \/><\/a><\/div>\n<div style=\"text-align: center;\"><span class=\"Apple-style-span\" style=\"font-family: Verdana, sans-serif; font-size: x-small;\"><i>O pretenso bispo com o Papa Bento XVI<\/i><\/span><\/div>\n<p><span class=\"Apple-style-span\" style=\"font-family: Verdana, sans-serif;\"><br \/><\/span><\/p>\n<div style=\"text-align: justify;\"><span class=\"Apple-style-span\" style=\"font-family: Verdana, sans-serif;\">Chegam comunica\u00e7\u00f5es relativas a <b>Pe. Fernando Mariotti<\/b>, do Clero da Arquidiocese de Ferrara-Comacchio (It\u00e1lia), o qual abusa de t\u00edtulos eclesiais, ostenta presum\u00edveis v\u00ednculos com a Santa S\u00e9, fingindo ter inclusive dignidade episcopal.<\/span><\/div>\n<div style=\"text-align: justify;\"><span class=\"Apple-style-span\" style=\"font-family: Verdana, sans-serif;\"><br \/><\/span><\/div>\n<div style=\"text-align: justify;\"><span class=\"Apple-style-span\" style=\"font-family: Verdana, sans-serif;\">Notifica-se que, a 08 de abril de 2010, foi revogado ao mencionado sacerdote o t\u00edtulo de &#8220;Capel\u00e3o de Sua Santidade&#8221;, com o subsequente cancelamento do seu nome do Anu\u00e1rio Pontif\u00edcio e a interdi\u00e7\u00e3o do uso das relativas ins\u00edgnias e do t\u00edtulo de &#8220;Monsenhor&#8221;.<\/span><\/div>\n<div style=\"text-align: justify;\"><span class=\"Apple-style-span\" style=\"font-family: Verdana, sans-serif;\"><br \/><\/span><\/div>\n<div style=\"text-align: justify;\"><span class=\"Apple-style-span\" style=\"font-family: Verdana, sans-serif;\">Al\u00e9m disso, especifica-se que \u00e9 totalmente impr\u00f3prio e ileg\u00edtimo insinuar qualquer liga\u00e7\u00e3o entre as Institui\u00e7\u00f5es da Santa S\u00e9 e as atividades que se reverem a Pe. Fernando Mariotti.<\/span><\/div>\n","protected":false},"excerpt":{"rendered":"Do L\u00b4Osservatore Romano, edi\u00e7\u00e3o do \u00faltimo 15 outubro At\u00e9 onde chega o desejo por cargos eclesi\u00e1sticos O pretenso bispo com o Papa Bento XVI Chegam comunica\u00e7\u00f5es relativas a Pe. Fernando Mariotti, do Clero da Arquidiocese de Ferrara-Comacchio (It\u00e1lia), o qual abusa de t\u00edtulos eclesiais, ostenta presum\u00edveis v\u00ednculos com a Santa S\u00e9, fingindo ter inclusive dignidade&#8230; <a class=\"view-article\" href=\"https:\/\/diretodasacristia.com\/home\/sem-categoria\/punicao-a-monsenhor-que-se-dizia-bispo-2\/\">Ver artigo<\/a>","protected":false},"author":3,"featured_media":0,"comment_status":"open","ping_status":"open","sticky":false,"template":"","format":"standard","meta":{"jetpack_post_was_ever_published":false,"_jetpack_newsletter_access":"","_jetpack_dont_email_post_to_subs":false,"_jetpack_newsletter_tier_id":0,"_jetpack_memberships_contains_paywalled_content":false,"_jetpack_memberships_contains_paid_content":false,"_joinchat":[],"footnotes":"","jetpack_publicize_message":"","jetpack_publicize_feature_enabled":true,"jetpack_social_post_already_shared":false,"jetpack_social_options":{"image_generator_settings":{"template":"highway","default_image_id":0,"font":"","enabled":false},"version":2}},"categories":[1],"tags":[],"class_list":["post-9","post","type-post","status-publish","format-standard","hentry","category-sem-categoria"],"yoast_head":"<!-- This site is optimized with the Yoast SEO plugin v27.4 - https:\/\/yoast.com\/product\/yoast-seo-wordpress\/ -->\n<title>Puni\u00e7\u00e3o a monsenhor que se dizia bispo - Direto da Sacristia<\/title>\n<meta name=\"robots\" content=\"index, follow, max-snippet:-1, max-image-preview:large, max-video-preview:-1\" \/>\n<link rel=\"canonical\" href=\"https:\/\/diretodasacristia.com\/home\/sem-categoria\/punicao-a-monsenhor-que-se-dizia-bispo-2\/\" \/>\n<meta property=\"og:locale\" content=\"pt_BR\" \/>\n<meta property=\"og:type\" content=\"article\" \/>\n<meta property=\"og:title\" content=\"Puni\u00e7\u00e3o a monsenhor que se dizia bispo - Direto da Sacristia\" \/>\n<meta property=\"og:description\" content=\"Do L\u00b4Osservatore Romano, edi\u00e7\u00e3o do \u00faltimo 15 outubro At\u00e9 onde chega o desejo por cargos eclesi\u00e1sticos O pretenso bispo com o Papa Bento XVI Chegam comunica\u00e7\u00f5es relativas a Pe. Fernando Mariotti, do Clero da Arquidiocese de Ferrara-Comacchio (It\u00e1lia), o qual abusa de t\u00edtulos eclesiais, ostenta presum\u00edveis v\u00ednculos com a Santa S\u00e9, fingindo ter inclusive dignidade... Ver artigo\" \/>\n<meta property=\"og:url\" content=\"https:\/\/diretodasacristia.com\/home\/sem-categoria\/punicao-a-monsenhor-que-se-dizia-bispo-2\/\" \/>\n<meta property=\"og:site_name\" content=\"Direto da Sacristia\" \/>\n<meta property=\"article:publisher\" content=\"https:\/\/www.facebook.com\/DiretoSacristia\" \/>\n<meta property=\"article:published_time\" content=\"2011-11-05T08:38:00+00:00\" \/>\n<meta property=\"og:image\" content=\"http:\/\/www.estense.com\/wp-content\/uploads\/2011\/10\/donMariotti.jpg\" \/>\n<meta name=\"author\" content=\"E. Mar\u00e7al\" \/>\n<meta name=\"twitter:card\" content=\"summary_large_image\" \/>\n<meta name=\"twitter:creator\" content=\"@diretosacristia\" \/>\n<meta name=\"twitter:site\" content=\"@diretosacristia\" \/>\n<meta name=\"twitter:label1\" content=\"Escrito por\" \/>\n\t<meta name=\"twitter:data1\" content=\"E. Mar\u00e7al\" \/>\n\t<meta name=\"twitter:label2\" content=\"Est. tempo de leitura\" \/>\n\t<meta name=\"twitter:data2\" content=\"1 minuto\" \/>\n<script type=\"application\/ld+json\" class=\"yoast-schema-graph\">{\"@context\":\"https:\\\/\\\/schema.org\",\"@graph\":[{\"@type\":\"Article\",\"@id\":\"https:\\\/\\\/diretodasacristia.com\\\/home\\\/sem-categoria\\\/punicao-a-monsenhor-que-se-dizia-bispo-2\\\/#article\",\"isPartOf\":{\"@id\":\"https:\\\/\\\/diretodasacristia.com\\\/home\\\/sem-categoria\\\/punicao-a-monsenhor-que-se-dizia-bispo-2\\\/\"},\"author\":{\"name\":\"E. Mar\u00e7al\",\"@id\":\"https:\\\/\\\/diretodasacristia.com\\\/home\\\/#\\\/schema\\\/person\\\/3d453ef1f7d57c0bb0990b8070642721\"},\"headline\":\"Puni\u00e7\u00e3o a monsenhor que se dizia bispo\",\"datePublished\":\"2011-11-05T08:38:00+00:00\",\"mainEntityOfPage\":{\"@id\":\"https:\\\/\\\/diretodasacristia.com\\\/home\\\/sem-categoria\\\/punicao-a-monsenhor-que-se-dizia-bispo-2\\\/\"},\"wordCount\":151,\"commentCount\":0,\"publisher\":{\"@id\":\"https:\\\/\\\/diretodasacristia.com\\\/home\\\/#organization\"},\"image\":{\"@id\":\"https:\\\/\\\/diretodasacristia.com\\\/home\\\/sem-categoria\\\/punicao-a-monsenhor-que-se-dizia-bispo-2\\\/#primaryimage\"},\"thumbnailUrl\":\"http:\\\/\\\/www.estense.com\\\/wp-content\\\/uploads\\\/2011\\\/10\\\/donMariotti.jpg\",\"inLanguage\":\"pt-BR\",\"potentialAction\":[{\"@type\":\"CommentAction\",\"name\":\"Comment\",\"target\":[\"https:\\\/\\\/diretodasacristia.com\\\/home\\\/sem-categoria\\\/punicao-a-monsenhor-que-se-dizia-bispo-2\\\/#respond\"]}]},{\"@type\":\"WebPage\",\"@id\":\"https:\\\/\\\/diretodasacristia.com\\\/home\\\/sem-categoria\\\/punicao-a-monsenhor-que-se-dizia-bispo-2\\\/\",\"url\":\"https:\\\/\\\/diretodasacristia.com\\\/home\\\/sem-categoria\\\/punicao-a-monsenhor-que-se-dizia-bispo-2\\\/\",\"name\":\"Puni\u00e7\u00e3o a monsenhor que se dizia bispo - Direto da Sacristia\",\"isPartOf\":{\"@id\":\"https:\\\/\\\/diretodasacristia.com\\\/home\\\/#website\"},\"primaryImageOfPage\":{\"@id\":\"https:\\\/\\\/diretodasacristia.com\\\/home\\\/sem-categoria\\\/punicao-a-monsenhor-que-se-dizia-bispo-2\\\/#primaryimage\"},\"image\":{\"@id\":\"https:\\\/\\\/diretodasacristia.com\\\/home\\\/sem-categoria\\\/punicao-a-monsenhor-que-se-dizia-bispo-2\\\/#primaryimage\"},\"thumbnailUrl\":\"http:\\\/\\\/www.estense.com\\\/wp-content\\\/uploads\\\/2011\\\/10\\\/donMariotti.jpg\",\"datePublished\":\"2011-11-05T08:38:00+00:00\",\"breadcrumb\":{\"@id\":\"https:\\\/\\\/diretodasacristia.com\\\/home\\\/sem-categoria\\\/punicao-a-monsenhor-que-se-dizia-bispo-2\\\/#breadcrumb\"},\"inLanguage\":\"pt-BR\",\"potentialAction\":[{\"@type\":\"ReadAction\",\"target\":[\"https:\\\/\\\/diretodasacristia.com\\\/home\\\/sem-categoria\\\/punicao-a-monsenhor-que-se-dizia-bispo-2\\\/\"]}]},{\"@type\":\"ImageObject\",\"inLanguage\":\"pt-BR\",\"@id\":\"https:\\\/\\\/diretodasacristia.com\\\/home\\\/sem-categoria\\\/punicao-a-monsenhor-que-se-dizia-bispo-2\\\/#primaryimage\",\"url\":\"http:\\\/\\\/www.estense.com\\\/wp-content\\\/uploads\\\/2011\\\/10\\\/donMariotti.jpg\",\"contentUrl\":\"http:\\\/\\\/www.estense.com\\\/wp-content\\\/uploads\\\/2011\\\/10\\\/donMariotti.jpg\"},{\"@type\":\"BreadcrumbList\",\"@id\":\"https:\\\/\\\/diretodasacristia.com\\\/home\\\/sem-categoria\\\/punicao-a-monsenhor-que-se-dizia-bispo-2\\\/#breadcrumb\",\"itemListElement\":[{\"@type\":\"ListItem\",\"position\":1,\"name\":\"In\u00edcio\",\"item\":\"https:\\\/\\\/diretodasacristia.com\\\/home\\\/\"},{\"@type\":\"ListItem\",\"position\":2,\"name\":\"Puni\u00e7\u00e3o a monsenhor que se dizia bispo\"}]},{\"@type\":\"WebSite\",\"@id\":\"https:\\\/\\\/diretodasacristia.com\\\/home\\\/#website\",\"url\":\"https:\\\/\\\/diretodasacristia.com\\\/home\\\/\",\"name\":\"Direto da Sacristia\",\"description\":\"Not\u00edcias e artigos sobre a f\u00e9 cat\u00f3lica\",\"publisher\":{\"@id\":\"https:\\\/\\\/diretodasacristia.com\\\/home\\\/#organization\"},\"potentialAction\":[{\"@type\":\"SearchAction\",\"target\":{\"@type\":\"EntryPoint\",\"urlTemplate\":\"https:\\\/\\\/diretodasacristia.com\\\/home\\\/?s={search_term_string}\"},\"query-input\":{\"@type\":\"PropertyValueSpecification\",\"valueRequired\":true,\"valueName\":\"search_term_string\"}}],\"inLanguage\":\"pt-BR\"},{\"@type\":\"Organization\",\"@id\":\"https:\\\/\\\/diretodasacristia.com\\\/home\\\/#organization\",\"name\":\"Direto da Sacristia\",\"url\":\"https:\\\/\\\/diretodasacristia.com\\\/home\\\/\",\"logo\":{\"@type\":\"ImageObject\",\"inLanguage\":\"pt-BR\",\"@id\":\"https:\\\/\\\/diretodasacristia.com\\\/home\\\/#\\\/schema\\\/logo\\\/image\\\/\",\"url\":\"https:\\\/\\\/i0.wp.com\\\/diretodasacristia.com\\\/home\\\/wp-content\\\/uploads\\\/2012\\\/01\\\/marca-sacristia.png?fit=320%2C306&ssl=1\",\"contentUrl\":\"https:\\\/\\\/i0.wp.com\\\/diretodasacristia.com\\\/home\\\/wp-content\\\/uploads\\\/2012\\\/01\\\/marca-sacristia.png?fit=320%2C306&ssl=1\",\"width\":\"320\",\"height\":\"306\",\"caption\":\"Direto da Sacristia\"},\"image\":{\"@id\":\"https:\\\/\\\/diretodasacristia.com\\\/home\\\/#\\\/schema\\\/logo\\\/image\\\/\"},\"sameAs\":[\"https:\\\/\\\/www.facebook.com\\\/DiretoSacristia\",\"https:\\\/\\\/x.com\\\/diretosacristia\",\"https:\\\/\\\/www.instagram.com\\\/diretodasacristia\\\/\",\"https:\\\/\\\/www.youtube.com\\\/diretodasacristia\"]},{\"@type\":\"Person\",\"@id\":\"https:\\\/\\\/diretodasacristia.com\\\/home\\\/#\\\/schema\\\/person\\\/3d453ef1f7d57c0bb0990b8070642721\",\"name\":\"E. Mar\u00e7al\",\"image\":{\"@type\":\"ImageObject\",\"inLanguage\":\"pt-BR\",\"@id\":\"https:\\\/\\\/secure.gravatar.com\\\/avatar\\\/348ff80a5ddde3de6c8b6e0c5b066b733f9245285d9ab87cd2e2ff652ffa95b0?s=96&d=mm&r=g\",\"url\":\"https:\\\/\\\/secure.gravatar.com\\\/avatar\\\/348ff80a5ddde3de6c8b6e0c5b066b733f9245285d9ab87cd2e2ff652ffa95b0?s=96&d=mm&r=g\",\"contentUrl\":\"https:\\\/\\\/secure.gravatar.com\\\/avatar\\\/348ff80a5ddde3de6c8b6e0c5b066b733f9245285d9ab87cd2e2ff652ffa95b0?s=96&d=mm&r=g\",\"caption\":\"E. Mar\u00e7al\"},\"url\":\"https:\\\/\\\/diretodasacristia.com\\\/home\\\/author\\\/erick\\\/\"}]}<\/script>\n<!-- \/ Yoast SEO plugin. -->","yoast_head_json":{"title":"Puni\u00e7\u00e3o a monsenhor que se dizia bispo - Direto da Sacristia","robots":{"index":"index","follow":"follow","max-snippet":"max-snippet:-1","max-image-preview":"max-image-preview:large","max-video-preview":"max-video-preview:-1"},"canonical":"https:\/\/diretodasacristia.com\/home\/sem-categoria\/punicao-a-monsenhor-que-se-dizia-bispo-2\/","og_locale":"pt_BR","og_type":"article","og_title":"Puni\u00e7\u00e3o a monsenhor que se dizia bispo - Direto da Sacristia","og_description":"Do L\u00b4Osservatore Romano, edi\u00e7\u00e3o do \u00faltimo 15 outubro At\u00e9 onde chega o desejo por cargos eclesi\u00e1sticos O pretenso bispo com o Papa Bento XVI Chegam comunica\u00e7\u00f5es relativas a Pe. Fernando Mariotti, do Clero da Arquidiocese de Ferrara-Comacchio (It\u00e1lia), o qual abusa de t\u00edtulos eclesiais, ostenta presum\u00edveis v\u00ednculos com a Santa S\u00e9, fingindo ter inclusive dignidade... Ver artigo","og_url":"https:\/\/diretodasacristia.com\/home\/sem-categoria\/punicao-a-monsenhor-que-se-dizia-bispo-2\/","og_site_name":"Direto da Sacristia","article_publisher":"https:\/\/www.facebook.com\/DiretoSacristia","article_published_time":"2011-11-05T08:38:00+00:00","og_image":[{"url":"http:\/\/www.estense.com\/wp-content\/uploads\/2011\/10\/donMariotti.jpg","type":"","width":"","height":""}],"author":"E. Mar\u00e7al","twitter_card":"summary_large_image","twitter_creator":"@diretosacristia","twitter_site":"@diretosacristia","twitter_misc":{"Escrito por":"E. Mar\u00e7al","Est. tempo de leitura":"1 minuto"},"schema":{"@context":"https:\/\/schema.org","@graph":[{"@type":"Article","@id":"https:\/\/diretodasacristia.com\/home\/sem-categoria\/punicao-a-monsenhor-que-se-dizia-bispo-2\/#article","isPartOf":{"@id":"https:\/\/diretodasacristia.com\/home\/sem-categoria\/punicao-a-monsenhor-que-se-dizia-bispo-2\/"},"author":{"name":"E. Mar\u00e7al","@id":"https:\/\/diretodasacristia.com\/home\/#\/schema\/person\/3d453ef1f7d57c0bb0990b8070642721"},"headline":"Puni\u00e7\u00e3o a monsenhor que se dizia bispo","datePublished":"2011-11-05T08:38:00+00:00","mainEntityOfPage":{"@id":"https:\/\/diretodasacristia.com\/home\/sem-categoria\/punicao-a-monsenhor-que-se-dizia-bispo-2\/"},"wordCount":151,"commentCount":0,"publisher":{"@id":"https:\/\/diretodasacristia.com\/home\/#organization"},"image":{"@id":"https:\/\/diretodasacristia.com\/home\/sem-categoria\/punicao-a-monsenhor-que-se-dizia-bispo-2\/#primaryimage"},"thumbnailUrl":"http:\/\/www.estense.com\/wp-content\/uploads\/2011\/10\/donMariotti.jpg","inLanguage":"pt-BR","potentialAction":[{"@type":"CommentAction","name":"Comment","target":["https:\/\/diretodasacristia.com\/home\/sem-categoria\/punicao-a-monsenhor-que-se-dizia-bispo-2\/#respond"]}]},{"@type":"WebPage","@id":"https:\/\/diretodasacristia.com\/home\/sem-categoria\/punicao-a-monsenhor-que-se-dizia-bispo-2\/","url":"https:\/\/diretodasacristia.com\/home\/sem-categoria\/punicao-a-monsenhor-que-se-dizia-bispo-2\/","name":"Puni\u00e7\u00e3o a monsenhor que se dizia bispo - Direto da Sacristia","isPartOf":{"@id":"https:\/\/diretodasacristia.com\/home\/#website"},"primaryImageOfPage":{"@id":"https:\/\/diretodasacristia.com\/home\/sem-categoria\/punicao-a-monsenhor-que-se-dizia-bispo-2\/#primaryimage"},"image":{"@id":"https:\/\/diretodasacristia.com\/home\/sem-categoria\/punicao-a-monsenhor-que-se-dizia-bispo-2\/#primaryimage"},"thumbnailUrl":"http:\/\/www.estense.com\/wp-content\/uploads\/2011\/10\/donMariotti.jpg","datePublished":"2011-11-05T08:38:00+00:00","breadcrumb":{"@id":"https:\/\/diretodasacristia.com\/home\/sem-categoria\/punicao-a-monsenhor-que-se-dizia-bispo-2\/#breadcrumb"},"inLanguage":"pt-BR","potentialAction":[{"@type":"ReadAction","target":["https:\/\/diretodasacristia.com\/home\/sem-categoria\/punicao-a-monsenhor-que-se-dizia-bispo-2\/"]}]},{"@type":"ImageObject","inLanguage":"pt-BR","@id":"https:\/\/diretodasacristia.com\/home\/sem-categoria\/punicao-a-monsenhor-que-se-dizia-bispo-2\/#primaryimage","url":"http:\/\/www.estense.com\/wp-content\/uploads\/2011\/10\/donMariotti.jpg","contentUrl":"http:\/\/www.estense.com\/wp-content\/uploads\/2011\/10\/donMariotti.jpg"},{"@type":"BreadcrumbList","@id":"https:\/\/diretodasacristia.com\/home\/sem-categoria\/punicao-a-monsenhor-que-se-dizia-bispo-2\/#breadcrumb","itemListElement":[{"@type":"ListItem","position":1,"name":"In\u00edcio","item":"https:\/\/diretodasacristia.com\/home\/"},{"@type":"ListItem","position":2,"name":"Puni\u00e7\u00e3o a monsenhor que se dizia bispo"}]},{"@type":"WebSite","@id":"https:\/\/diretodasacristia.com\/home\/#website","url":"https:\/\/diretodasacristia.com\/home\/","name":"Direto da Sacristia","description":"Not\u00edcias e artigos sobre a f\u00e9 cat\u00f3lica","publisher":{"@id":"https:\/\/diretodasacristia.com\/home\/#organization"},"potentialAction":[{"@type":"SearchAction","target":{"@type":"EntryPoint","urlTemplate":"https:\/\/diretodasacristia.com\/home\/?s={search_term_string}"},"query-input":{"@type":"PropertyValueSpecification","valueRequired":true,"valueName":"search_term_string"}}],"inLanguage":"pt-BR"},{"@type":"Organization","@id":"https:\/\/diretodasacristia.com\/home\/#organization","name":"Direto da Sacristia","url":"https:\/\/diretodasacristia.com\/home\/","logo":{"@type":"ImageObject","inLanguage":"pt-BR","@id":"https:\/\/diretodasacristia.com\/home\/#\/schema\/logo\/image\/","url":"https:\/\/i0.wp.com\/diretodasacristia.com\/home\/wp-content\/uploads\/2012\/01\/marca-sacristia.png?fit=320%2C306&ssl=1","contentUrl":"https:\/\/i0.wp.com\/diretodasacristia.com\/home\/wp-content\/uploads\/2012\/01\/marca-sacristia.png?fit=320%2C306&ssl=1","width":"320","height":"306","caption":"Direto da Sacristia"},"image":{"@id":"https:\/\/diretodasacristia.com\/home\/#\/schema\/logo\/image\/"},"sameAs":["https:\/\/www.facebook.com\/DiretoSacristia","https:\/\/x.com\/diretosacristia","https:\/\/www.instagram.com\/diretodasacristia\/","https:\/\/www.youtube.com\/diretodasacristia"]},{"@type":"Person","@id":"https:\/\/diretodasacristia.com\/home\/#\/schema\/person\/3d453ef1f7d57c0bb0990b8070642721","name":"E. Mar\u00e7al","image":{"@type":"ImageObject","inLanguage":"pt-BR","@id":"https:\/\/secure.gravatar.com\/avatar\/348ff80a5ddde3de6c8b6e0c5b066b733f9245285d9ab87cd2e2ff652ffa95b0?s=96&d=mm&r=g","url":"https:\/\/secure.gravatar.com\/avatar\/348ff80a5ddde3de6c8b6e0c5b066b733f9245285d9ab87cd2e2ff652ffa95b0?s=96&d=mm&r=g","contentUrl":"https:\/\/secure.gravatar.com\/avatar\/348ff80a5ddde3de6c8b6e0c5b066b733f9245285d9ab87cd2e2ff652ffa95b0?s=96&d=mm&r=g","caption":"E. Mar\u00e7al"},"url":"https:\/\/diretodasacristia.com\/home\/author\/erick\/"}]}},"jetpack_publicize_connections":[],"jetpack_featured_media_url":"","jetpack_sharing_enabled":true,"jetpack_shortlink":"https:\/\/wp.me\/p24aG7-9","jetpack-related-posts":[],"post_mailing_queue_ids":[],"_links":{"self":[{"href":"https:\/\/diretodasacristia.com\/home\/wp-json\/wp\/v2\/posts\/9","targetHints":{"allow":["GET"]}}],"collection":[{"href":"https:\/\/diretodasacristia.com\/home\/wp-json\/wp\/v2\/posts"}],"about":[{"href":"https:\/\/diretodasacristia.com\/home\/wp-json\/wp\/v2\/types\/post"}],"author":[{"embeddable":true,"href":"https:\/\/diretodasacristia.com\/home\/wp-json\/wp\/v2\/users\/3"}],"replies":[{"embeddable":true,"href":"https:\/\/diretodasacristia.com\/home\/wp-json\/wp\/v2\/comments?post=9"}],"version-history":[{"count":0,"href":"https:\/\/diretodasacristia.com\/home\/wp-json\/wp\/v2\/posts\/9\/revisions"}],"wp:attachment":[{"href":"https:\/\/diretodasacristia.com\/home\/wp-json\/wp\/v2\/media?parent=9"}],"wp:term":[{"taxonomy":"category","embeddable":true,"href":"https:\/\/diretodasacristia.com\/home\/wp-json\/wp\/v2\/categories?post=9"},{"taxonomy":"post_tag","embeddable":true,"href":"https:\/\/diretodasacristia.com\/home\/wp-json\/wp\/v2\/tags?post=9"}],"curies":[{"name":"wp","href":"https:\/\/api.w.org\/{rel}","templated":true}]}}