{"id":91,"date":"2011-03-19T02:00:00","date_gmt":"2011-03-19T02:00:00","guid":{"rendered":"http:\/\/diretodasacristia.com\/home\/sem-categoria\/onomastico-do-santo-padre-2\/"},"modified":"2011-03-19T02:00:00","modified_gmt":"2011-03-19T02:00:00","slug":"onomastico-do-santo-padre-2","status":"publish","type":"post","link":"https:\/\/diretodasacristia.com\/home\/sem-categoria\/onomastico-do-santo-padre-2\/","title":{"rendered":"Onom\u00e1stico do Santo Padre"},"content":{"rendered":"<div style=\"text-align: justify;\"><span class=\"Apple-style-span\" style=\"font-family: verdana; \"><br \/><\/span><\/div>\n<div style=\"text-align: justify;\"><span class=\"Apple-style-span\" style=\"font-family: verdana; \">Na Solenidade de S\u00e3o Jos\u00e9, Patrono universal da Igreja e o primeiro a prestarmos culto depois de sua Sant\u00edssima Esposa, unamo-nos espiritualmente ao Vig\u00e1rio de Cristo na terra no dia de seu anivers\u00e1rio onom\u00e1stico. Costume difundido no Vaticano de comemorar-se apenas esse dia, em substitui\u00e7\u00e3o da comemora\u00e7\u00e3o do natal\u00edcio. Pe\u00e7amos ao Esposo da Virgem Maria que, do mesmo modo que ele salvou Nosso Senhor do massacre dos inocentes e assim permitiu que seu Filho prosseguisse em sua miss\u00e3o salv\u00edfica, ele igualmente salve a Igreja e o Santo Padre de seus inimigos, e que um dia possa haver um rebanho e um s\u00f3 pastor.<\/span><\/div>\n<div style=\"text-align: justify;\"><span class=\"Apple-style-span\"><br \/><\/span><\/div>\n<div style=\"text-align: justify;\"><span class=\"Apple-style-span\"><br \/><\/span><\/div>\n<div style=\"text-align: center;\"><span class=\"Apple-style-span\"><u><span class=\"Apple-style-span\" style=\"font-family: Georgia, serif; -webkit-text-decorations-in-effect: none; \"><a href=\"http:\/\/3.bp.blogspot.com\/-e4C8smrLsq8\/TYZyt4IDF-I\/AAAAAAAAB5w\/2DewNM6cjSc\/s1600\/Bento%2BXVI%2BVia%2Bcrucis%2B%25282%2529.jpg\"><img decoding=\"async\" src=\"http:\/\/3.bp.blogspot.com\/-e4C8smrLsq8\/TYZyt4IDF-I\/AAAAAAAAB5w\/2DewNM6cjSc\/s400\/Bento%2BXVI%2BVia%2Bcrucis%2B%25282%2529.jpg\" border=\"0\" alt=\"\" id=\"BLOGGER_PHOTO_ID_5586278520285501410\" style=\"display: block; margin-top: 0px; margin-right: auto; margin-bottom: 10px; margin-left: auto; text-align: center; cursor: pointer; width: 400px; height: 279px; \" \/><\/a><\/span><\/u><\/span><\/div>\n<div style=\"text-align: center;\"><u><span class=\"Apple-style-span\" style=\"-webkit-text-decorations-in-effect: none; \"><\/p>\n<div style=\"text-align: left;\"><span class=\"Apple-style-span\"><br \/><\/span><\/div>\n<p><\/span><\/u><\/div>\n","protected":false},"excerpt":{"rendered":"Na Solenidade de S\u00e3o Jos\u00e9, Patrono universal da Igreja e o primeiro a prestarmos culto depois de sua Sant\u00edssima Esposa, unamo-nos espiritualmente ao Vig\u00e1rio de Cristo na terra no dia de seu anivers\u00e1rio onom\u00e1stico. Costume difundido no Vaticano de comemorar-se apenas esse dia, em substitui\u00e7\u00e3o da comemora\u00e7\u00e3o do natal\u00edcio. Pe\u00e7amos ao Esposo da Virgem Maria&#8230; <a class=\"view-article\" href=\"https:\/\/diretodasacristia.com\/home\/sem-categoria\/onomastico-do-santo-padre-2\/\">Ver artigo<\/a>","protected":false},"author":3,"featured_media":0,"comment_status":"open","ping_status":"open","sticky":false,"template":"","format":"standard","meta":{"jetpack_post_was_ever_published":false,"_jetpack_newsletter_access":"","_jetpack_dont_email_post_to_subs":false,"_jetpack_newsletter_tier_id":0,"_jetpack_memberships_contains_paywalled_content":false,"_jetpack_memberships_contains_paid_content":false,"_joinchat":[],"footnotes":"","jetpack_publicize_message":"","jetpack_publicize_feature_enabled":true,"jetpack_social_post_already_shared":false,"jetpack_social_options":{"image_generator_settings":{"template":"highway","default_image_id":0,"font":"","enabled":false},"version":2}},"categories":[1],"tags":[],"class_list":["post-91","post","type-post","status-publish","format-standard","hentry","category-sem-categoria"],"yoast_head":"<!-- This site is optimized with the Yoast SEO plugin v27.4 - https:\/\/yoast.com\/product\/yoast-seo-wordpress\/ -->\n<title>Onom\u00e1stico do Santo Padre - Direto da Sacristia<\/title>\n<meta name=\"robots\" content=\"index, follow, max-snippet:-1, max-image-preview:large, max-video-preview:-1\" \/>\n<link rel=\"canonical\" href=\"https:\/\/diretodasacristia.com\/home\/sem-categoria\/onomastico-do-santo-padre-2\/\" \/>\n<meta property=\"og:locale\" content=\"pt_BR\" \/>\n<meta property=\"og:type\" content=\"article\" \/>\n<meta property=\"og:title\" content=\"Onom\u00e1stico do Santo Padre - Direto da Sacristia\" \/>\n<meta property=\"og:description\" content=\"Na Solenidade de S\u00e3o Jos\u00e9, Patrono universal da Igreja e o primeiro a prestarmos culto depois de sua Sant\u00edssima Esposa, unamo-nos espiritualmente ao Vig\u00e1rio de Cristo na terra no dia de seu anivers\u00e1rio onom\u00e1stico. Costume difundido no Vaticano de comemorar-se apenas esse dia, em substitui\u00e7\u00e3o da comemora\u00e7\u00e3o do natal\u00edcio. Pe\u00e7amos ao Esposo da Virgem Maria... Ver artigo\" \/>\n<meta property=\"og:url\" content=\"https:\/\/diretodasacristia.com\/home\/sem-categoria\/onomastico-do-santo-padre-2\/\" \/>\n<meta property=\"og:site_name\" content=\"Direto da Sacristia\" \/>\n<meta property=\"article:publisher\" content=\"https:\/\/www.facebook.com\/DiretoSacristia\" \/>\n<meta property=\"article:published_time\" content=\"2011-03-19T02:00:00+00:00\" \/>\n<meta property=\"og:image\" content=\"http:\/\/3.bp.blogspot.com\/-e4C8smrLsq8\/TYZyt4IDF-I\/AAAAAAAAB5w\/2DewNM6cjSc\/s400\/Bento%2BXVI%2BVia%2Bcrucis%2B%25282%2529.jpg\" \/>\n<meta name=\"author\" content=\"E. Mar\u00e7al\" \/>\n<meta name=\"twitter:card\" content=\"summary_large_image\" \/>\n<meta name=\"twitter:creator\" content=\"@diretosacristia\" \/>\n<meta name=\"twitter:site\" content=\"@diretosacristia\" \/>\n<meta name=\"twitter:label1\" content=\"Escrito por\" \/>\n\t<meta name=\"twitter:data1\" content=\"E. Mar\u00e7al\" \/>\n\t<meta name=\"twitter:label2\" content=\"Est. tempo de leitura\" \/>\n\t<meta name=\"twitter:data2\" content=\"1 minuto\" \/>\n<script type=\"application\/ld+json\" class=\"yoast-schema-graph\">{\"@context\":\"https:\\\/\\\/schema.org\",\"@graph\":[{\"@type\":\"Article\",\"@id\":\"https:\\\/\\\/diretodasacristia.com\\\/home\\\/sem-categoria\\\/onomastico-do-santo-padre-2\\\/#article\",\"isPartOf\":{\"@id\":\"https:\\\/\\\/diretodasacristia.com\\\/home\\\/sem-categoria\\\/onomastico-do-santo-padre-2\\\/\"},\"author\":{\"name\":\"E. Mar\u00e7al\",\"@id\":\"https:\\\/\\\/diretodasacristia.com\\\/home\\\/#\\\/schema\\\/person\\\/3d453ef1f7d57c0bb0990b8070642721\"},\"headline\":\"Onom\u00e1stico do Santo Padre\",\"datePublished\":\"2011-03-19T02:00:00+00:00\",\"mainEntityOfPage\":{\"@id\":\"https:\\\/\\\/diretodasacristia.com\\\/home\\\/sem-categoria\\\/onomastico-do-santo-padre-2\\\/\"},\"wordCount\":119,\"commentCount\":0,\"publisher\":{\"@id\":\"https:\\\/\\\/diretodasacristia.com\\\/home\\\/#organization\"},\"image\":{\"@id\":\"https:\\\/\\\/diretodasacristia.com\\\/home\\\/sem-categoria\\\/onomastico-do-santo-padre-2\\\/#primaryimage\"},\"thumbnailUrl\":\"http:\\\/\\\/3.bp.blogspot.com\\\/-e4C8smrLsq8\\\/TYZyt4IDF-I\\\/AAAAAAAAB5w\\\/2DewNM6cjSc\\\/s400\\\/Bento%2BXVI%2BVia%2Bcrucis%2B%25282%2529.jpg\",\"inLanguage\":\"pt-BR\",\"potentialAction\":[{\"@type\":\"CommentAction\",\"name\":\"Comment\",\"target\":[\"https:\\\/\\\/diretodasacristia.com\\\/home\\\/sem-categoria\\\/onomastico-do-santo-padre-2\\\/#respond\"]}]},{\"@type\":\"WebPage\",\"@id\":\"https:\\\/\\\/diretodasacristia.com\\\/home\\\/sem-categoria\\\/onomastico-do-santo-padre-2\\\/\",\"url\":\"https:\\\/\\\/diretodasacristia.com\\\/home\\\/sem-categoria\\\/onomastico-do-santo-padre-2\\\/\",\"name\":\"Onom\u00e1stico do Santo Padre - Direto da Sacristia\",\"isPartOf\":{\"@id\":\"https:\\\/\\\/diretodasacristia.com\\\/home\\\/#website\"},\"primaryImageOfPage\":{\"@id\":\"https:\\\/\\\/diretodasacristia.com\\\/home\\\/sem-categoria\\\/onomastico-do-santo-padre-2\\\/#primaryimage\"},\"image\":{\"@id\":\"https:\\\/\\\/diretodasacristia.com\\\/home\\\/sem-categoria\\\/onomastico-do-santo-padre-2\\\/#primaryimage\"},\"thumbnailUrl\":\"http:\\\/\\\/3.bp.blogspot.com\\\/-e4C8smrLsq8\\\/TYZyt4IDF-I\\\/AAAAAAAAB5w\\\/2DewNM6cjSc\\\/s400\\\/Bento%2BXVI%2BVia%2Bcrucis%2B%25282%2529.jpg\",\"datePublished\":\"2011-03-19T02:00:00+00:00\",\"breadcrumb\":{\"@id\":\"https:\\\/\\\/diretodasacristia.com\\\/home\\\/sem-categoria\\\/onomastico-do-santo-padre-2\\\/#breadcrumb\"},\"inLanguage\":\"pt-BR\",\"potentialAction\":[{\"@type\":\"ReadAction\",\"target\":[\"https:\\\/\\\/diretodasacristia.com\\\/home\\\/sem-categoria\\\/onomastico-do-santo-padre-2\\\/\"]}]},{\"@type\":\"ImageObject\",\"inLanguage\":\"pt-BR\",\"@id\":\"https:\\\/\\\/diretodasacristia.com\\\/home\\\/sem-categoria\\\/onomastico-do-santo-padre-2\\\/#primaryimage\",\"url\":\"http:\\\/\\\/3.bp.blogspot.com\\\/-e4C8smrLsq8\\\/TYZyt4IDF-I\\\/AAAAAAAAB5w\\\/2DewNM6cjSc\\\/s400\\\/Bento%2BXVI%2BVia%2Bcrucis%2B%25282%2529.jpg\",\"contentUrl\":\"http:\\\/\\\/3.bp.blogspot.com\\\/-e4C8smrLsq8\\\/TYZyt4IDF-I\\\/AAAAAAAAB5w\\\/2DewNM6cjSc\\\/s400\\\/Bento%2BXVI%2BVia%2Bcrucis%2B%25282%2529.jpg\"},{\"@type\":\"BreadcrumbList\",\"@id\":\"https:\\\/\\\/diretodasacristia.com\\\/home\\\/sem-categoria\\\/onomastico-do-santo-padre-2\\\/#breadcrumb\",\"itemListElement\":[{\"@type\":\"ListItem\",\"position\":1,\"name\":\"In\u00edcio\",\"item\":\"https:\\\/\\\/diretodasacristia.com\\\/home\\\/\"},{\"@type\":\"ListItem\",\"position\":2,\"name\":\"Onom\u00e1stico do Santo Padre\"}]},{\"@type\":\"WebSite\",\"@id\":\"https:\\\/\\\/diretodasacristia.com\\\/home\\\/#website\",\"url\":\"https:\\\/\\\/diretodasacristia.com\\\/home\\\/\",\"name\":\"Direto da Sacristia\",\"description\":\"Not\u00edcias e artigos sobre a f\u00e9 cat\u00f3lica\",\"publisher\":{\"@id\":\"https:\\\/\\\/diretodasacristia.com\\\/home\\\/#organization\"},\"potentialAction\":[{\"@type\":\"SearchAction\",\"target\":{\"@type\":\"EntryPoint\",\"urlTemplate\":\"https:\\\/\\\/diretodasacristia.com\\\/home\\\/?s={search_term_string}\"},\"query-input\":{\"@type\":\"PropertyValueSpecification\",\"valueRequired\":true,\"valueName\":\"search_term_string\"}}],\"inLanguage\":\"pt-BR\"},{\"@type\":\"Organization\",\"@id\":\"https:\\\/\\\/diretodasacristia.com\\\/home\\\/#organization\",\"name\":\"Direto da Sacristia\",\"url\":\"https:\\\/\\\/diretodasacristia.com\\\/home\\\/\",\"logo\":{\"@type\":\"ImageObject\",\"inLanguage\":\"pt-BR\",\"@id\":\"https:\\\/\\\/diretodasacristia.com\\\/home\\\/#\\\/schema\\\/logo\\\/image\\\/\",\"url\":\"https:\\\/\\\/i0.wp.com\\\/diretodasacristia.com\\\/home\\\/wp-content\\\/uploads\\\/2012\\\/01\\\/marca-sacristia.png?fit=320%2C306&ssl=1\",\"contentUrl\":\"https:\\\/\\\/i0.wp.com\\\/diretodasacristia.com\\\/home\\\/wp-content\\\/uploads\\\/2012\\\/01\\\/marca-sacristia.png?fit=320%2C306&ssl=1\",\"width\":\"320\",\"height\":\"306\",\"caption\":\"Direto da Sacristia\"},\"image\":{\"@id\":\"https:\\\/\\\/diretodasacristia.com\\\/home\\\/#\\\/schema\\\/logo\\\/image\\\/\"},\"sameAs\":[\"https:\\\/\\\/www.facebook.com\\\/DiretoSacristia\",\"https:\\\/\\\/x.com\\\/diretosacristia\",\"https:\\\/\\\/www.instagram.com\\\/diretodasacristia\\\/\",\"https:\\\/\\\/www.youtube.com\\\/diretodasacristia\"]},{\"@type\":\"Person\",\"@id\":\"https:\\\/\\\/diretodasacristia.com\\\/home\\\/#\\\/schema\\\/person\\\/3d453ef1f7d57c0bb0990b8070642721\",\"name\":\"E. Mar\u00e7al\",\"image\":{\"@type\":\"ImageObject\",\"inLanguage\":\"pt-BR\",\"@id\":\"https:\\\/\\\/secure.gravatar.com\\\/avatar\\\/348ff80a5ddde3de6c8b6e0c5b066b733f9245285d9ab87cd2e2ff652ffa95b0?s=96&d=mm&r=g\",\"url\":\"https:\\\/\\\/secure.gravatar.com\\\/avatar\\\/348ff80a5ddde3de6c8b6e0c5b066b733f9245285d9ab87cd2e2ff652ffa95b0?s=96&d=mm&r=g\",\"contentUrl\":\"https:\\\/\\\/secure.gravatar.com\\\/avatar\\\/348ff80a5ddde3de6c8b6e0c5b066b733f9245285d9ab87cd2e2ff652ffa95b0?s=96&d=mm&r=g\",\"caption\":\"E. Mar\u00e7al\"},\"url\":\"https:\\\/\\\/diretodasacristia.com\\\/home\\\/author\\\/erick\\\/\"}]}<\/script>\n<!-- \/ Yoast SEO plugin. -->","yoast_head_json":{"title":"Onom\u00e1stico do Santo Padre - Direto da Sacristia","robots":{"index":"index","follow":"follow","max-snippet":"max-snippet:-1","max-image-preview":"max-image-preview:large","max-video-preview":"max-video-preview:-1"},"canonical":"https:\/\/diretodasacristia.com\/home\/sem-categoria\/onomastico-do-santo-padre-2\/","og_locale":"pt_BR","og_type":"article","og_title":"Onom\u00e1stico do Santo Padre - Direto da Sacristia","og_description":"Na Solenidade de S\u00e3o Jos\u00e9, Patrono universal da Igreja e o primeiro a prestarmos culto depois de sua Sant\u00edssima Esposa, unamo-nos espiritualmente ao Vig\u00e1rio de Cristo na terra no dia de seu anivers\u00e1rio onom\u00e1stico. Costume difundido no Vaticano de comemorar-se apenas esse dia, em substitui\u00e7\u00e3o da comemora\u00e7\u00e3o do natal\u00edcio. Pe\u00e7amos ao Esposo da Virgem Maria... Ver artigo","og_url":"https:\/\/diretodasacristia.com\/home\/sem-categoria\/onomastico-do-santo-padre-2\/","og_site_name":"Direto da Sacristia","article_publisher":"https:\/\/www.facebook.com\/DiretoSacristia","article_published_time":"2011-03-19T02:00:00+00:00","og_image":[{"url":"http:\/\/3.bp.blogspot.com\/-e4C8smrLsq8\/TYZyt4IDF-I\/AAAAAAAAB5w\/2DewNM6cjSc\/s400\/Bento%2BXVI%2BVia%2Bcrucis%2B%25282%2529.jpg","type":"","width":"","height":""}],"author":"E. Mar\u00e7al","twitter_card":"summary_large_image","twitter_creator":"@diretosacristia","twitter_site":"@diretosacristia","twitter_misc":{"Escrito por":"E. Mar\u00e7al","Est. tempo de leitura":"1 minuto"},"schema":{"@context":"https:\/\/schema.org","@graph":[{"@type":"Article","@id":"https:\/\/diretodasacristia.com\/home\/sem-categoria\/onomastico-do-santo-padre-2\/#article","isPartOf":{"@id":"https:\/\/diretodasacristia.com\/home\/sem-categoria\/onomastico-do-santo-padre-2\/"},"author":{"name":"E. Mar\u00e7al","@id":"https:\/\/diretodasacristia.com\/home\/#\/schema\/person\/3d453ef1f7d57c0bb0990b8070642721"},"headline":"Onom\u00e1stico do Santo Padre","datePublished":"2011-03-19T02:00:00+00:00","mainEntityOfPage":{"@id":"https:\/\/diretodasacristia.com\/home\/sem-categoria\/onomastico-do-santo-padre-2\/"},"wordCount":119,"commentCount":0,"publisher":{"@id":"https:\/\/diretodasacristia.com\/home\/#organization"},"image":{"@id":"https:\/\/diretodasacristia.com\/home\/sem-categoria\/onomastico-do-santo-padre-2\/#primaryimage"},"thumbnailUrl":"http:\/\/3.bp.blogspot.com\/-e4C8smrLsq8\/TYZyt4IDF-I\/AAAAAAAAB5w\/2DewNM6cjSc\/s400\/Bento%2BXVI%2BVia%2Bcrucis%2B%25282%2529.jpg","inLanguage":"pt-BR","potentialAction":[{"@type":"CommentAction","name":"Comment","target":["https:\/\/diretodasacristia.com\/home\/sem-categoria\/onomastico-do-santo-padre-2\/#respond"]}]},{"@type":"WebPage","@id":"https:\/\/diretodasacristia.com\/home\/sem-categoria\/onomastico-do-santo-padre-2\/","url":"https:\/\/diretodasacristia.com\/home\/sem-categoria\/onomastico-do-santo-padre-2\/","name":"Onom\u00e1stico do Santo Padre - Direto da Sacristia","isPartOf":{"@id":"https:\/\/diretodasacristia.com\/home\/#website"},"primaryImageOfPage":{"@id":"https:\/\/diretodasacristia.com\/home\/sem-categoria\/onomastico-do-santo-padre-2\/#primaryimage"},"image":{"@id":"https:\/\/diretodasacristia.com\/home\/sem-categoria\/onomastico-do-santo-padre-2\/#primaryimage"},"thumbnailUrl":"http:\/\/3.bp.blogspot.com\/-e4C8smrLsq8\/TYZyt4IDF-I\/AAAAAAAAB5w\/2DewNM6cjSc\/s400\/Bento%2BXVI%2BVia%2Bcrucis%2B%25282%2529.jpg","datePublished":"2011-03-19T02:00:00+00:00","breadcrumb":{"@id":"https:\/\/diretodasacristia.com\/home\/sem-categoria\/onomastico-do-santo-padre-2\/#breadcrumb"},"inLanguage":"pt-BR","potentialAction":[{"@type":"ReadAction","target":["https:\/\/diretodasacristia.com\/home\/sem-categoria\/onomastico-do-santo-padre-2\/"]}]},{"@type":"ImageObject","inLanguage":"pt-BR","@id":"https:\/\/diretodasacristia.com\/home\/sem-categoria\/onomastico-do-santo-padre-2\/#primaryimage","url":"http:\/\/3.bp.blogspot.com\/-e4C8smrLsq8\/TYZyt4IDF-I\/AAAAAAAAB5w\/2DewNM6cjSc\/s400\/Bento%2BXVI%2BVia%2Bcrucis%2B%25282%2529.jpg","contentUrl":"http:\/\/3.bp.blogspot.com\/-e4C8smrLsq8\/TYZyt4IDF-I\/AAAAAAAAB5w\/2DewNM6cjSc\/s400\/Bento%2BXVI%2BVia%2Bcrucis%2B%25282%2529.jpg"},{"@type":"BreadcrumbList","@id":"https:\/\/diretodasacristia.com\/home\/sem-categoria\/onomastico-do-santo-padre-2\/#breadcrumb","itemListElement":[{"@type":"ListItem","position":1,"name":"In\u00edcio","item":"https:\/\/diretodasacristia.com\/home\/"},{"@type":"ListItem","position":2,"name":"Onom\u00e1stico do Santo Padre"}]},{"@type":"WebSite","@id":"https:\/\/diretodasacristia.com\/home\/#website","url":"https:\/\/diretodasacristia.com\/home\/","name":"Direto da Sacristia","description":"Not\u00edcias e artigos sobre a f\u00e9 cat\u00f3lica","publisher":{"@id":"https:\/\/diretodasacristia.com\/home\/#organization"},"potentialAction":[{"@type":"SearchAction","target":{"@type":"EntryPoint","urlTemplate":"https:\/\/diretodasacristia.com\/home\/?s={search_term_string}"},"query-input":{"@type":"PropertyValueSpecification","valueRequired":true,"valueName":"search_term_string"}}],"inLanguage":"pt-BR"},{"@type":"Organization","@id":"https:\/\/diretodasacristia.com\/home\/#organization","name":"Direto da Sacristia","url":"https:\/\/diretodasacristia.com\/home\/","logo":{"@type":"ImageObject","inLanguage":"pt-BR","@id":"https:\/\/diretodasacristia.com\/home\/#\/schema\/logo\/image\/","url":"https:\/\/i0.wp.com\/diretodasacristia.com\/home\/wp-content\/uploads\/2012\/01\/marca-sacristia.png?fit=320%2C306&ssl=1","contentUrl":"https:\/\/i0.wp.com\/diretodasacristia.com\/home\/wp-content\/uploads\/2012\/01\/marca-sacristia.png?fit=320%2C306&ssl=1","width":"320","height":"306","caption":"Direto da Sacristia"},"image":{"@id":"https:\/\/diretodasacristia.com\/home\/#\/schema\/logo\/image\/"},"sameAs":["https:\/\/www.facebook.com\/DiretoSacristia","https:\/\/x.com\/diretosacristia","https:\/\/www.instagram.com\/diretodasacristia\/","https:\/\/www.youtube.com\/diretodasacristia"]},{"@type":"Person","@id":"https:\/\/diretodasacristia.com\/home\/#\/schema\/person\/3d453ef1f7d57c0bb0990b8070642721","name":"E. Mar\u00e7al","image":{"@type":"ImageObject","inLanguage":"pt-BR","@id":"https:\/\/secure.gravatar.com\/avatar\/348ff80a5ddde3de6c8b6e0c5b066b733f9245285d9ab87cd2e2ff652ffa95b0?s=96&d=mm&r=g","url":"https:\/\/secure.gravatar.com\/avatar\/348ff80a5ddde3de6c8b6e0c5b066b733f9245285d9ab87cd2e2ff652ffa95b0?s=96&d=mm&r=g","contentUrl":"https:\/\/secure.gravatar.com\/avatar\/348ff80a5ddde3de6c8b6e0c5b066b733f9245285d9ab87cd2e2ff652ffa95b0?s=96&d=mm&r=g","caption":"E. Mar\u00e7al"},"url":"https:\/\/diretodasacristia.com\/home\/author\/erick\/"}]}},"jetpack_publicize_connections":[],"jetpack_featured_media_url":"","jetpack_sharing_enabled":true,"jetpack_shortlink":"https:\/\/wp.me\/p24aG7-1t","jetpack-related-posts":[{"id":1706,"url":"https:\/\/diretodasacristia.com\/home\/bento-xvi\/onomastico-de-bento-xvi\/","url_meta":{"origin":91,"position":0},"title":"Onom\u00e1stico de Bento XVI","author":"E. Mar\u00e7al","date":"19 de mar\u00e7o de 2012","format":false,"excerpt":"Como \u00e9 costume no Vaticano n\u00e3o comemorar o anivers\u00e1rio natal\u00edcio mas sim o onom\u00e1stico, hoje, dia do Patrono da Igreja universal, foi o do Papa Bento XVI. Bento XVI e o primeiro-ministro italiano Mario Monti em uma audi\u00eancia privada no Vaticano Segundo informa um comunicado da Sala de Imprensa da\u2026","rel":"","context":"Em &quot;Bento XVI&quot;","block_context":{"text":"Bento XVI","link":"https:\/\/diretodasacristia.com\/home\/c\/bento-xvi\/"},"img":{"alt_text":"","src":"https:\/\/i0.wp.com\/diretodasacristia.com\/home\/wp-content\/uploads\/2012\/03\/Bento-XVI-Mario-Monti-e1332203152178.jpg?resize=350%2C200&ssl=1","width":350,"height":200},"classes":[]},{"id":4131,"url":"https:\/\/diretodasacristia.com\/home\/bento-xvi\/tradicao-e-liturgia-por-dom-fernando-guimaraes\/","url_meta":{"origin":91,"position":1},"title":"Tradi\u00e7\u00e3o e Liturgia, por Dom Fernando Guimar\u00e3es","author":"E. Mar\u00e7al","date":"12 de fevereiro de 2014","format":false,"excerpt":"Eu diria que n\u00e3o se trata de uma volta nost\u00e1lgica ao passado, n\u00e3o se trata \u2013 como pretendem alguns muito mal informados \u2013 de uma abertura do \u201cmuseu\u201d, mas se trata de perceber a alma cat\u00f3lica da Liturgia.","rel":"","context":"Em &quot;Bento XVI&quot;","block_context":{"text":"Bento XVI","link":"https:\/\/diretodasacristia.com\/home\/c\/bento-xvi\/"},"img":{"alt_text":"pa Jo\u00e3o Paulo II beija o ch\u00e3o em sua chegada ao Brasil. S\u00e3o Paulo, 12 de outubro de 1991.","src":"https:\/\/i0.wp.com\/diretodasacristia.com\/home\/wp-content\/uploads\/2014\/02\/pa-Jo%C3%A3o-Paulo-II-beija-o-ch%C3%A3o-em-sua-chegada-ao-Brasil.-S%C3%A3o-Paulo-12-de-outubro-de-1991..jpg?resize=350%2C200","width":350,"height":200,"srcset":"https:\/\/i0.wp.com\/diretodasacristia.com\/home\/wp-content\/uploads\/2014\/02\/pa-Jo%C3%A3o-Paulo-II-beija-o-ch%C3%A3o-em-sua-chegada-ao-Brasil.-S%C3%A3o-Paulo-12-de-outubro-de-1991..jpg?resize=350%2C200 1x, https:\/\/i0.wp.com\/diretodasacristia.com\/home\/wp-content\/uploads\/2014\/02\/pa-Jo%C3%A3o-Paulo-II-beija-o-ch%C3%A3o-em-sua-chegada-ao-Brasil.-S%C3%A3o-Paulo-12-de-outubro-de-1991..jpg?resize=525%2C300 1.5x"},"classes":[]},{"id":2554,"url":"https:\/\/diretodasacristia.com\/home\/sem-categoria\/uma-santa-que-ha-8-seculos-ja-falava-dos-nossos-tempos-2\/","url_meta":{"origin":91,"position":2},"title":"Uma santa que h\u00e1 8 s\u00e9culos j\u00e1 falava dos nossos tempos","author":"E. Mar\u00e7al","date":"1 de setembro de 2010","format":false,"excerpt":"Do boletim da Sala de Imprensa da Santa S\u00e9Audi\u00eancia-Geral do Santo PadreSanta Hildegard de Bingen Santa Hildegard de BingenAbadessaA Audi\u00eancia Geral desta manh\u00e3 foi realizada \u00e0s 10h30, na pra\u00e7a em frente ao Pal\u00e1cio Apost\u00f3lico de Castel Gandolfo, onde o Santo Padre encontrou-se com grupos de peregrinos e fi\u00e9is provenientes da\u2026","rel":"","context":"Em &quot;Sem categoria&quot;","block_context":{"text":"Sem categoria","link":"https:\/\/diretodasacristia.com\/home\/c\/sem-categoria\/"},"img":{"alt_text":"","src":"","width":0,"height":0},"classes":[]},{"id":1544,"url":"https:\/\/diretodasacristia.com\/home\/bento-xvi\/bento-xvi-reza-vesperas-com-rowan-williams\/","url_meta":{"origin":91,"position":3},"title":"Bento XVI reza V\u00e9speras com Rowan Williams","author":"E. Mar\u00e7al","date":"13 de mar\u00e7o de 2012","format":false,"excerpt":"Com imagens da\u00a0Zimbio e da Day Life Informa\u00e7\u00f5es da R\u00e1dio Vaticano e da G1 Jo\u00e3o Paulo II, na cerim\u00f4nia da Abertura da Porta Santa do Jubileu do Ano 2000. \u00c0 sua direita, o Arcebispo anglicano George Carey, e \u00e0 sua esquerda, um delegado ortodoxo Jo\u00e3o Paulo II e o Arcebispo\u2026","rel":"","context":"Em &quot;Bento XVI&quot;","block_context":{"text":"Bento XVI","link":"https:\/\/diretodasacristia.com\/home\/c\/bento-xvi\/"},"img":{"alt_text":"","src":"https:\/\/i0.wp.com\/diretodasacristia.com\/home\/wp-content\/uploads\/2012\/03\/Bento-XVI-Rowan-Williams-3-e1331658498500.jpg?resize=350%2C200&ssl=1","width":350,"height":200},"classes":[]},{"id":2567,"url":"https:\/\/diretodasacristia.com\/home\/sem-categoria\/um-israelita-em-quem-nao-ha-falsidade-2\/","url_meta":{"origin":91,"position":4},"title":"Um israelita em quem n\u00e3o h\u00e1 falsidade","author":"E. Mar\u00e7al","date":"24 de agosto de 2010","format":false,"excerpt":"Santo do dia: S\u00e3o Bartolomeu, Ap\u00f3stoloS\u00e3o Bartolomeu, em pintura na Capela SistinaRoma Foi um dos ap\u00f3stolos de Jesus Cristo. N\u00e3o h\u00e1 nenhum relato b\u00edblico que lhe especifique; apenas seu nome consta no elenco do Col\u00e9gio Apost\u00f3lico. Todavia, segundo a tradi\u00e7\u00e3o, ele \u00e9 o mesmo Natanael de que fala outras passagens,\u2026","rel":"","context":"Em &quot;Sem categoria&quot;","block_context":{"text":"Sem categoria","link":"https:\/\/diretodasacristia.com\/home\/c\/sem-categoria\/"},"img":{"alt_text":"","src":"","width":0,"height":0},"classes":[]},{"id":2335,"url":"https:\/\/diretodasacristia.com\/home\/bento-xvi\/7-anos-de-uma-eleicao-perfeita-para-a-igreja\/","url_meta":{"origin":91,"position":5},"title":"7 anos de uma elei\u00e7\u00e3o perfeita para a Igreja","author":"E. Mar\u00e7al","date":"19 de abril de 2012","format":false,"excerpt":"\u00a0 O que o ent\u00e3o Cardeal Ratzinger pensava em fazer com o resto dos anos de sua vida, t\u00e3o logo fosse aceita a sua ren\u00fancia ao cargo de Prefeito da Congrega\u00e7\u00e3o para a Doutrina da F\u00e9? Com cenas de um document\u00e1rio feito provavelmente entre os anos de 2002 e 2005\u2026","rel":"","context":"Em &quot;Bento XVI&quot;","block_context":{"text":"Bento XVI","link":"https:\/\/diretodasacristia.com\/home\/c\/bento-xvi\/"},"img":{"alt_text":"","src":"https:\/\/i0.wp.com\/diretodasacristia.com\/home\/wp-content\/uploads\/2012\/04\/Benedict-XVI-election-19-april-2005-e1335581093437.jpg?resize=350%2C200&ssl=1","width":350,"height":200,"srcset":"https:\/\/i0.wp.com\/diretodasacristia.com\/home\/wp-content\/uploads\/2012\/04\/Benedict-XVI-election-19-april-2005-e1335581093437.jpg?resize=350%2C200&ssl=1 1x, https:\/\/i0.wp.com\/diretodasacristia.com\/home\/wp-content\/uploads\/2012\/04\/Benedict-XVI-election-19-april-2005-e1335581093437.jpg?resize=525%2C300&ssl=1 1.5x"},"classes":[]}],"post_mailing_queue_ids":[],"_links":{"self":[{"href":"https:\/\/diretodasacristia.com\/home\/wp-json\/wp\/v2\/posts\/91","targetHints":{"allow":["GET"]}}],"collection":[{"href":"https:\/\/diretodasacristia.com\/home\/wp-json\/wp\/v2\/posts"}],"about":[{"href":"https:\/\/diretodasacristia.com\/home\/wp-json\/wp\/v2\/types\/post"}],"author":[{"embeddable":true,"href":"https:\/\/diretodasacristia.com\/home\/wp-json\/wp\/v2\/users\/3"}],"replies":[{"embeddable":true,"href":"https:\/\/diretodasacristia.com\/home\/wp-json\/wp\/v2\/comments?post=91"}],"version-history":[{"count":0,"href":"https:\/\/diretodasacristia.com\/home\/wp-json\/wp\/v2\/posts\/91\/revisions"}],"wp:attachment":[{"href":"https:\/\/diretodasacristia.com\/home\/wp-json\/wp\/v2\/media?parent=91"}],"wp:term":[{"taxonomy":"category","embeddable":true,"href":"https:\/\/diretodasacristia.com\/home\/wp-json\/wp\/v2\/categories?post=91"},{"taxonomy":"post_tag","embeddable":true,"href":"https:\/\/diretodasacristia.com\/home\/wp-json\/wp\/v2\/tags?post=91"}],"curies":[{"name":"wp","href":"https:\/\/api.w.org\/{rel}","templated":true}]}}